{"id":3424,"date":"2019-09-24T13:49:50","date_gmt":"2019-09-24T13:49:50","guid":{"rendered":"http:\/\/enolife.com.ar\/es\/?p=3424"},"modified":"2019-10-01T03:55:38","modified_gmt":"2019-10-01T03:55:38","slug":"entidades-productoras-criticaron-a-la-coviar-que-pide-mas-dialogo-y-aclara-el-uso-de-fondos","status":"publish","type":"post","link":"https:\/\/enolife.com.ar\/es\/entidades-productoras-criticaron-a-la-coviar-que-pide-mas-dialogo-y-aclara-el-uso-de-fondos\/","title":{"rendered":"Entidades productoras criticaron a la Coviar, que pide m\u00e1s di\u00e1logo y aclara el uso de fondos"},"content":{"rendered":"\n<h4 class=\"wp-block-heading\"><em><strong>El pasado viernes 20 de setiembre, un grupo de organizaciones vitivin\u00edcolas encabezadas por Bodegas de Argentina difundi\u00f3 una carta cuestionando a la Corporaci\u00f3n Vitivin\u00edcola Argentina (Coviar) por la \u00abasignaci\u00f3n y ejecuci\u00f3n de los recursos\u00bb y por el \u00abuso de la instituci\u00f3n como entidad gremial empresarial de segundo grado\u00bb.   <\/strong><\/em><\/h4>\n\n\n\n<hr class=\"wp-block-separator\"\/>\n\n\n\n<h4 class=\"wp-block-heading\"><em><strong>Ante los cuestionamientos, el gerente de Coviar, Carlos Fiochetta, respondi\u00f3 que su instituci\u00f3n va a trabajar \u00aben busca del mayor consenso\u00bb y asegur\u00f3 que \u00absiempre hubo transparencia en el uso de los fondos del presupuesto\u00bb conformado por el aporte de las cooperativas asociadas.<\/strong><\/em><\/h4>\n\n\n\n<div style=\"height:30px\" aria-hidden=\"true\" class=\"wp-block-spacer\"><\/div>\n\n\n\n<p>En una carta p\u00fablica, Bodegas de Argentina junto a bodegueros de San  Juan, La Rioja y Neuqu\u00e9n, cuestionaron a la Corporaci\u00f3n Vitivin\u00edcola Argentina por \u00abla forma en que se conduce y decisiones tomadas que no han sido compartidas por todos sus miembros, como la asignaci\u00f3n y ejecuci\u00f3n de los recursos administrados, aportados por las empresas\u201d.<\/p>\n\n\n\n<p>A su turno, en declaraciones a la Agencia T\u00e9lam y Radio Mitre Mendoza, el gerente general de la Coviar, Carlos Fiochetta, asegur\u00f3 que \u201csiempre ha habido transparencia en el uso de los fondos con auditor\u00edas internas y externas\u201d y \u201cse ha trabajado institucionalmente con los integrantes de sus distintas c\u00e1maras\u201d.<\/p>\n\n\n\n<div style=\"height:20px\" aria-hidden=\"true\" class=\"wp-block-spacer\"><\/div>\n\n\n\n<p class=\"has-medium-font-size\"><strong>El comunicado de Bodegas de Argentina<\/strong><\/p>\n\n\n\n<div style=\"height:20px\" aria-hidden=\"true\" class=\"wp-block-spacer\"><\/div>\n\n\n\n<p>El 20\/9\/19, en su p\u00e1gina web, Bodegas de Argentina public\u00f3 el \u00abcomunicado\u00bb que a continuaci\u00f3n transcribimos, incluyendo el uso de negritas para destacar sus ideas relevantes:<\/p>\n\n\n\n<p>\u00abLas principales entidades vitiv\u00edcolas del pa\u00eds manifiestan&nbsp;<strong>su disconformidad respecto a la forma en que se conduce la Corporaci\u00f3n Vitivin\u00edcola Argentina (Coviar) y por decisiones tomadas que no han sido compartidas por todos sus miembros. Ejemplo de ello es la asignaci\u00f3n y ejecuci\u00f3n de los recursos administrados por la Coviar  <\/strong>                       -aportados por las empresas representadas por las entidades firmantes-.<strong>&nbsp;Asimismo, quisi\u00e9ramos poner de manifiesto nuestra oposici\u00f3n al uso de la instituci\u00f3n como entidad gremial empresarial de segundo grado, tal como pretenden<\/strong>&nbsp;algunas entidades privadas que la componen, utilizando a la misma como canal para la gesti\u00f3n de sus intereses en nombre del conjunto.<\/p>\n\n\n\n<div style=\"height:20px\" aria-hidden=\"true\" class=\"wp-block-spacer\"><\/div>\n\n\n\n<div class=\"wp-block-image\"><figure class=\"aligncenter is-resized\"><img loading=\"lazy\" decoding=\"async\" src=\"https:\/\/enolife.com.ar\/es\/wp-content\/uploads\/2019\/09\/image-71.png\" alt=\"\" class=\"wp-image-3431\" width=\"443\" height=\"321\" srcset=\"https:\/\/enolife.com.ar\/es\/wp-content\/uploads\/2019\/09\/image-71.png 730w, https:\/\/enolife.com.ar\/es\/wp-content\/uploads\/2019\/09\/image-71-300x218.png 300w\" sizes=\"auto, (max-width: 443px) 100vw, 443px\" \/><figcaption><em><strong>Patricia Ortiz y Walter Bressia<\/strong><\/em><\/figcaption><\/figure><\/div>\n\n\n\n<div style=\"height:20px\" aria-hidden=\"true\" class=\"wp-block-spacer\"><\/div>\n\n\n\n<p>\u00abNo obstante, destacamos&nbsp;<strong>la importancia que tuvo para el sector vitivin\u00edcola el dise\u00f1o de un plan estrat\u00e9gico y la creaci\u00f3n de una entidad como la Coviar dedicada a los siguientes objetivos<\/strong>:<\/p>\n\n\n\n<ul class=\"wp-block-list\"><li><strong>fomentar la promoci\u00f3n del consumo de vino en el mercado interno y externo<\/strong>&nbsp;por medio de entidades ejecutoras independientes de todo inter\u00e9s y capacitadas para ello, que planifiquen y ejecuten la utilizaci\u00f3n de los recursos de manera democr\u00e1tica y transparente<\/li><li><strong>promover la inserci\u00f3n internacional del pa\u00eds<\/strong>&nbsp;para el ingreso de nuestros productos sin aranceles en mercados clave.<\/li><li><strong>impulsar a lo largo de toda la cadena mejoras en productividad e integrando peque\u00f1os productores,&nbsp;<\/strong>para generar una producci\u00f3n de uva, vino y otros derivados, competitivos y con demanda global.<\/li><li><strong>generar condiciones para que la producci\u00f3n primaria y la elaboraci\u00f3n de vino y otros productos sea sostenible<\/strong>&nbsp;econ\u00f3micamente.<\/li><\/ul>\n\n\n\n<p>\u00abA pesar de esto,&nbsp;<strong>es nuestra opini\u00f3n que en la actualidad la Coviar ha perdido su norte, con una falla enorme en los canales de comunicaci\u00f3n interna dentro del Directorio,&nbsp;<\/strong>alej\u00e1ndose de sus objetivos genuinos, siendo la misma desvirtuada, queriendo hacer de ella una entidad gremial empresaria nacional, por ejemplo, contratando consultoras para posicionar a la Coviar en vez de posicionar los productos de la vitivinicultura argentina. Asimismo, existen hace tiempo manifiestos conflictos de inter\u00e9s en el seno de la instituci\u00f3n.<\/p>\n\n\n\n<p>\u00abLa situaci\u00f3n aqu\u00ed descripta se ha visto ahora agravada ya que al vencer el Plan Estrat\u00e9gico Vitivin\u00edcola 2020 (PEVI), para el cual fue creada la Coviar, se ha decidido avanzar en un proyecto de un nuevo PEVI que, no cont\u00f3 con los tiempos necesarios para lograr consensos internos, y no cuenta con el apoyo de todos. La experiencia demuestra que un plan estrat\u00e9gico no consensuado no tiene ning\u00fan sentido ni futuro.<\/p>\n\n\n\n<p>\u00abPor \u00faltimo,&nbsp;<strong>vemos que el presupuesto para el per\u00edodo 2019-2020, igual que en a\u00f1os anteriores, se puso a consideraci\u00f3n del Directorio sin la apertura suficiente como para entender c\u00f3mo se van a invertir los recursos asignados a las Unidades Ejecutoras, o con erogaciones de casi 15 millones de pesos en comunicaci\u00f3n institucional de la Coviar que nada tiene que ver con la promoci\u00f3n del vino<\/strong>.<\/p>\n\n\n\n<p>\u00abTodo ello ocurre mientras&nbsp;<strong>Argentina ha perdido m\u00e1s del 75% de su mercado interno de vino en las \u00faltimas cuatro d\u00e9cadas y nuestras exportaciones est\u00e1n estancadas hace 10 a\u00f1os, siendo el pa\u00eds vitivin\u00edcola l\u00edder que menos se ha internacionalizado, exportando s\u00f3lo 20% de su producci\u00f3n.<\/strong><\/p>\n\n\n\n<p>\u00abA eso debemos agregar el escaso esfuerzo que hasta ahora se ha realizado en potenciar productos que son&nbsp;<strong>una diversificaci\u00f3n al destino de la producci\u00f3n primaria, como la uva en fresco y las pasas, que disponen de infraestructura productiva y tienen un mercado potencial muy importante tanto fuera como dentro de nuestro pa\u00eds.<\/strong>&nbsp;Sin dejar de lado&nbsp;<strong>el jugo concentrado de uva al cual se destina hoy en el presupuesto, s\u00f3lo el 1 %<\/strong>&nbsp;de la Contribuci\u00f3n Obligatoria.<\/p>\n\n\n\n<p>\u00ab<strong>Necesitamos, como productores e industriales vitivin\u00edcolas hacer una autocr\u00edtica<\/strong>&nbsp;de nuestra estrategia hasta la fecha y cambiar todo lo que haga falta por el futuro de nuestra vitivinicultura.&nbsp;<strong>Ello incluye cambios en nuestra forma de trabajar y sobre todo, cambios de personas, para regenerar la confianza y el trabajo en equipo.<\/strong><\/p>\n\n\n\n<p>\u00ab<strong>Por las razones aqu\u00ed expuestas, necesitamos encontrar respuesta satisfactoria a nuestros justificados reclamos, de lo contrario nuestras Instituciones se ver\u00e1n en la obligaci\u00f3n de tomar medidas que seguramente no ser\u00e1n las deseadas para mantener una Vitivinicultura unida, lo cual ha sido siempre nuestra intenci\u00f3n.&nbsp;<\/strong>Asimismo,&nbsp;<strong>convocaremos al Gobierno Nacional y a las autoridades provinciales representadas en el directorio de la COVIAR, para que tomen cartas en el asunto y las medidas necesarias para atender nuestros reclamos.<\/strong><\/p>\n\n\n\n<div style=\"height:20px\" aria-hidden=\"true\" class=\"wp-block-spacer\"><\/div>\n\n\n\n<p class=\"has-background has-very-light-gray-background-color\">\u00abEntidades firmantes:<br><br>Bodegas de Argentina \u2013 Patricia Freuler de Ortiz <br>C\u00e1mara de Bodegueros de San Juan \u2013 Mario Pulenta <br>C\u00e1mara Riojana de Productores Agropecuarios \u2013 Mario Gonz\u00e1lez <br>Centro de Vi\u00f1ateros y Bodegueros del Este &#8211; Javier Palau&nbsp;<br>Productores de Uva en Fresco y Pasas &#8211; Carlos Huerta&nbsp;&nbsp;&nbsp;&nbsp;&nbsp;&nbsp;&nbsp;&nbsp;&nbsp;&nbsp;&nbsp;&nbsp;&nbsp;&nbsp;&nbsp;&nbsp;&nbsp;&nbsp;&nbsp;<br>Dem\u00e1s provincias productoras. Sector privado. Neuqu\u00e9n &#8211; Julio Viola\u00bb<\/p>\n\n\n\n<div style=\"height:20px\" aria-hidden=\"true\" class=\"wp-block-spacer\"><\/div>\n\n\n\n<p class=\"has-medium-font-size\"><strong>La respuesta de la Corporaci\u00f3n Vitivin\u00edcola Argentina (Coviar)<\/strong><\/p>\n\n\n\n<div style=\"height:20px\" aria-hidden=\"true\" class=\"wp-block-spacer\"><\/div>\n\n\n\n<p>Tras el fuerte cuestionamiento de la entidad presidida por Patricia Freuler de Ortiz, el gerente general de la Coviar, Carlos Fiochetta, expuso su respuesta en entrevistas concedidas a la Agencia T\u00e9lam y Radio Mitre, las que tambi\u00e9n reproducimos aqu\u00ed:<\/p>\n\n\n\n<p>\u201cLa respuesta a las cr\u00edticas de las distintas c\u00e1maras ser\u00e1, como siempre, institucional.&nbsp;Coviar, al ser una instituci\u00f3n donde participan 13 C\u00e1maras, los Gobiernos provinciales y el Gobierno Nacional, obviamente que hay visiones diferentes de los temas.&nbsp;Siempre se trabaja en la b\u00fasqueda del consenso.&nbsp;La diferencia en esta oportunidad es que las diferencias han tomado estado p\u00fablico, lo que entendemos que no es lo mejor\u201d, explic\u00f3 el gerente de la Corporaci\u00f3n Vitivin\u00edcola Argentina.<\/p>\n\n\n\n<div style=\"height:20px\" aria-hidden=\"true\" class=\"wp-block-spacer\"><\/div>\n\n\n\n<div class=\"wp-block-image\"><figure class=\"aligncenter is-resized\"><img loading=\"lazy\" decoding=\"async\" src=\"https:\/\/enolife.com.ar\/es\/wp-content\/uploads\/2019\/09\/image-70-1024x576.png\" alt=\"\" class=\"wp-image-3429\" width=\"468\" height=\"263\" srcset=\"https:\/\/enolife.com.ar\/es\/wp-content\/uploads\/2019\/09\/image-70-1024x576.png 1024w, https:\/\/enolife.com.ar\/es\/wp-content\/uploads\/2019\/09\/image-70-300x169.png 300w, https:\/\/enolife.com.ar\/es\/wp-content\/uploads\/2019\/09\/image-70-768x432.png 768w, https:\/\/enolife.com.ar\/es\/wp-content\/uploads\/2019\/09\/image-70-1170x658.png 1170w, https:\/\/enolife.com.ar\/es\/wp-content\/uploads\/2019\/09\/image-70-585x329.png 585w, https:\/\/enolife.com.ar\/es\/wp-content\/uploads\/2019\/09\/image-70.png 1280w\" sizes=\"auto, (max-width: 468px) 100vw, 468px\" \/><figcaption><em><strong>Carlos Fiochetta<\/strong><\/em><\/figcaption><\/figure><\/div>\n\n\n\n<div style=\"height:20px\" aria-hidden=\"true\" class=\"wp-block-spacer\"><\/div>\n\n\n\n<p>En di\u00e1logo con&nbsp;<em>Radio Mitre Mendoza<\/em>, Fiochetta agreg\u00f3 que \u201cesta semana se responder\u00e1 a la nota que ha sido firmada por algunas C\u00e1maras de la entidad\u201d. Adem\u00e1s&nbsp;sobre las cr\u00edticas al uso del presupuesto&nbsp;de la Coviar,&nbsp; expres\u00f3&nbsp;\u201cquiero dejar en claro que siempre ha habido transparencia del uso de los fondos. Adem\u00e1s los fondos est\u00e1n siendo auditados interna y externamente\u201d.<\/p>\n\n\n\n<p>Adem\u00e1s Carlos Fiochetta sostuvo que&nbsp;\u201cla apuesta para solucionar esta pol\u00e9mica ser\u00e1 el di\u00e1logo\u201d&nbsp;y al respecto explic\u00f3 que&nbsp;\u201cprobablemente se necesite a\u00fan m\u00e1s di\u00e1logo,&nbsp;para que todos se sienten en la mesa y encuentren en Coviar la respuesta a los grandes desaf\u00edos de la vitivinicultura,&nbsp;como sostener el consumo de vino en Argentina, posicionar los vinos en el exterior&nbsp;e&nbsp;integrar a los productores a la cadena vitivin\u00edcola\u201d.<\/p>\n\n\n\n<p>Tambi\u00e9n Fiochetta&nbsp;le dedic\u00f3 un p\u00e1rrafo a Bodegas de Argentina, entidad que firm\u00f3 la carta con las cr\u00edticas al manejo y objetivos de la Coviar y record\u00f3 que \u201cBodegas de Argentina hace dos o tres meses atr\u00e1s, ocup\u00f3 la presidencia de la Coviar. No son s\u00f3lo una silla dentro de la mesa directiva, sino que&nbsp;Walter Bressia ocup\u00f3 hace tiempo la presidencia de Coviar&nbsp;y ha participado en todas las reuniones, en decisiones de presupuesto. Por eso plantear que ha faltado participaci\u00f3n o que esta entidad no ha estado, llama la atenci\u00f3n\u201d.<\/p>\n\n\n\n<p>Por \u00faltimo el gerente de la Corporaci\u00f3n Vitivin\u00edcola Argentina realiz\u00f3 una autocr\u00edtica y dijo que&nbsp;\u201cseguramente hay errores y cosas para mejorar. Siempre desde Coviar se ha planteado la institucionalidad&nbsp;y mantener el di\u00e1logo y el consenso. Pero&nbsp;claramente hay cosas para corregir, propias de la ejecuci\u00f3n o el plan estrat\u00e9gico. Hay desaf\u00edos para mirar hacia adelante. &nbsp;Claramente hay errores y tenemos que discutirlos y revisarlos\u201d, concluy\u00f3&nbsp;Carlos Fiochetta.<\/p>\n\n\n\n<div style=\"height:20px\" aria-hidden=\"true\" class=\"wp-block-spacer\"><\/div>\n\n\n\n<p class=\"has-small-font-size\"><strong><em>Fuentes: Bodegas de Argentina, Coviar, Ecocuyo, Radio Mitre y Agencia T\u00e9lam<\/em><\/strong><\/p>\n\n\n\n<div style=\"height:20px\" aria-hidden=\"true\" class=\"wp-block-spacer\"><\/div>\n","protected":false},"excerpt":{"rendered":"<p>El pasado viernes 20 de setiembre, un grupo de organizaciones vitivin\u00edcolas encabezadas por Bodegas de&hellip;<\/p>\n","protected":false},"author":3,"featured_media":3433,"comment_status":"open","ping_status":"open","sticky":false,"template":"","format":"standard","meta":{"footnotes":""},"categories":[14],"tags":[],"class_list":["post-3424","post","type-post","status-publish","format-standard","has-post-thumbnail","hentry","category-news"],"_links":{"self":[{"href":"https:\/\/enolife.com.ar\/es\/wp-json\/wp\/v2\/posts\/3424","targetHints":{"allow":["GET"]}}],"collection":[{"href":"https:\/\/enolife.com.ar\/es\/wp-json\/wp\/v2\/posts"}],"about":[{"href":"https:\/\/enolife.com.ar\/es\/wp-json\/wp\/v2\/types\/post"}],"author":[{"embeddable":true,"href":"https:\/\/enolife.com.ar\/es\/wp-json\/wp\/v2\/users\/3"}],"replies":[{"embeddable":true,"href":"https:\/\/enolife.com.ar\/es\/wp-json\/wp\/v2\/comments?post=3424"}],"version-history":[{"count":0,"href":"https:\/\/enolife.com.ar\/es\/wp-json\/wp\/v2\/posts\/3424\/revisions"}],"wp:featuredmedia":[{"embeddable":true,"href":"https:\/\/enolife.com.ar\/es\/wp-json\/wp\/v2\/media\/3433"}],"wp:attachment":[{"href":"https:\/\/enolife.com.ar\/es\/wp-json\/wp\/v2\/media?parent=3424"}],"wp:term":[{"taxonomy":"category","embeddable":true,"href":"https:\/\/enolife.com.ar\/es\/wp-json\/wp\/v2\/categories?post=3424"},{"taxonomy":"post_tag","embeddable":true,"href":"https:\/\/enolife.com.ar\/es\/wp-json\/wp\/v2\/tags?post=3424"}],"curies":[{"name":"wp","href":"https:\/\/api.w.org\/{rel}","templated":true}]}}