{"id":34210,"date":"2021-04-19T19:23:03","date_gmt":"2021-04-19T19:23:03","guid":{"rendered":"http:\/\/enolife.com.ar\/es\/?p=34210"},"modified":"2021-04-21T02:43:33","modified_gmt":"2021-04-21T02:43:33","slug":"la-politica-abstemia-tomar-alcohol-se-volvio-tabu-para-los-dirigentes","status":"publish","type":"post","link":"https:\/\/enolife.com.ar\/es\/la-politica-abstemia-tomar-alcohol-se-volvio-tabu-para-los-dirigentes\/","title":{"rendered":"La pol\u00edtica abstemia: \u00bftomar alcohol se volvi\u00f3 tab\u00fa para los dirigentes?"},"content":{"rendered":"\n<h4 class=\"wp-block-heading\"><em><strong>La escritora, periodista, docente y polit\u00f3loga Mar\u00eda Esperanza Casullo mantuvo el 18\/4 una jugosa charla radial sobre el tema del t\u00edtulo con el tambi\u00e9n polit\u00f3logo y escritos Andr\u00e9s Malamud, hombre de consulta para el periodismo argentino en cuestiones de coyuntura pol\u00edtica por su agudeza y visi\u00f3n sociol\u00f3gica de la materia. Reproducimos a continuaci\u00f3n esa entrevista publicada en https:\/\/www.eldiarioar.com\/ <\/strong><\/em><\/h4>\n\n\n\n<hr class=\"wp-block-separator\"\/>\n\n\n\n<h4 class=\"wp-block-heading\"><em><strong>Lejos del vino tinto de Alfons\u00edn, el whisky de De la R\u00faa o el champagne de Menem, los \u00faltimos presidentes argentinos cultivan la vida sana y no se muestran tomando alcohol, algo diferente en las culturas anglosajonas en las que compartir una bebida con los ciudadanos es visto como un gesto de cercan\u00eda. Del estereotipo del alcoholismo al tab\u00fa de la bebida, del alcohol en pol\u00edtica dom\u00e9stica a su rol en la diplomacia internacional.<\/strong><\/em><\/h4>\n\n\n\n<div style=\"height:34px\" aria-hidden=\"true\" class=\"wp-block-spacer\"><\/div>\n\n\n\n\n\n<div style=\"height:40px\" aria-hidden=\"true\" class=\"wp-block-spacer\"><\/div>\n\n\n\n<p><strong>-Mar\u00eda Esperanza Casullo (MEC):<\/strong> Hola, Andr\u00e9s. \u00bfC\u00f3mo est\u00e1s?<\/p>\n\n\n\n<p><strong>-Andr\u00e9s Malamud (AM): <\/strong>Hola, Mar\u00eda. Muy bien. Listo para tratar un tema no convencional.<\/p>\n\n\n\n<p><strong>-MEC:<\/strong> Exactamente. Salirnos un poco de la coyuntura. Y vamos a contar un poco c\u00f3mo apareci\u00f3 este tema. Contanos qu\u00e9 ten\u00e9s atr\u00e1s tuyo en la biblioteca.<\/p>\n\n\n\n<p><strong>-AM:<\/strong> Una colecci\u00f3n de tubos. Los libros est\u00e1n bien guardados. Una colecci\u00f3n de tubos de whisky ahumado escoc\u00e9s.<\/p>\n\n\n\n<p><strong>-MEC: <\/strong>La idea era hablar de los presidentes, la pol\u00edtica y el alcohol. Porque charlando informalmente atr\u00e1s de c\u00e1mara creo que vos hab\u00edas tirado el comentario de que el \u00faltimo presidente&#8230; de que&nbsp;el problema de Argentina  es que los presidentes ya no toman whisky.&nbsp;<\/p>\n\n\n\n<p><strong>-AM: <\/strong>La distinci\u00f3n entre el whisky y el vino es tambi\u00e9n una distinci\u00f3n entre pueblos. En Europa se pueden trazar dos l\u00edneas divisorias entre los que toman vino, que son los mediterr\u00e1neos, los que toman cerveza, que son los n\u00f3rdicos, y los que toman vodka, que son los orientales. Y ah\u00ed vos ten\u00e9s tres culturas clar\u00edsimamente delimitadas, donde&nbsp;la pol\u00edtica de car\u00e1cter nacional coincide mucho con la ingesta et\u00edlica.&nbsp;<\/p>\n\n\n\n<p><strong>-MEC:<\/strong> S\u00ed, s\u00ed, bueno, pero en el caso de los presidentes argentinos o de la pol\u00edtica en general yo dir\u00eda que los \u00faltimos presidentes no toman nada. O sea, la verdad es que a m\u00ed&nbsp;<strong>me parece muy interesante el surgimiento este de la figura presidencial con una cuesti\u00f3n bastante asc\u00e9tica, en un cierto sentido. Algo que tienen en com\u00fan N\u00e9stor Kirchner, Cristina Kirchner y Mauricio Macri, dir\u00eda yo, es que los tres ten\u00edan esta imagen de que se cuidaban mucho<\/strong>, com\u00edan poco, no tomaban alcohol, que es algo en lo que, tal vez s\u00ed, hay un quiebre con los presidentes anteriores.<\/p>\n\n\n\n<div style=\"height:20px\" aria-hidden=\"true\" class=\"wp-block-spacer\"><\/div>\n\n\n\n<div class=\"wp-block-image\"><figure class=\"aligncenter size-large\"><img loading=\"lazy\" decoding=\"async\" width=\"479\" height=\"599\" src=\"https:\/\/enolife.com.ar\/es\/wp-content\/uploads\/2021\/04\/salvatori-alfonsin-950x599-1.jpeg\" alt=\"\" class=\"wp-image-34250\" srcset=\"https:\/\/enolife.com.ar\/es\/wp-content\/uploads\/2021\/04\/salvatori-alfonsin-950x599-1.jpeg 479w, https:\/\/enolife.com.ar\/es\/wp-content\/uploads\/2021\/04\/salvatori-alfonsin-950x599-1-240x300.jpeg 240w\" sizes=\"auto, (max-width: 479px) 100vw, 479px\" \/><figcaption><strong><em>Ra\u00fal Alfons\u00edn con una \u00abcopita\u00bb de vino tinto<\/em><\/strong><\/figcaption><\/figure><\/div>\n\n\n\n<div style=\"height:20px\" aria-hidden=\"true\" class=\"wp-block-spacer\"><\/div>\n\n\n\n<p><strong>-AM:<\/strong> Y, es una cosa que llama la atenci\u00f3n, porque sabemos que&nbsp;en Gran Breta\u00f1a o en EEUU, por ejemplo, ellos consideran que tomarse una cerveza con un candidato es lo que te brinda proximidad, lo que en Argentina llamamos: \u00ab\u00bfcon qui\u00e9n te comer\u00edas un asado?\u00bb.&nbsp;Un candidato puede parecerte bien por lo que piensa pero, cu\u00e1n familiar te sent\u00eds con \u00e9l, cu\u00e1n c\u00f3modo est\u00e1s, cu\u00e1nto te divertir\u00edas con este candidato, con esta candidata, eso puede inlfuir. Y eso es tomarse una cerveza en Gran Breta\u00f1a o en EEUU con otra persona.&nbsp;Compartir alcohol es parte de la construcci\u00f3n de confianza y de la cercan\u00eda personal. Y esto es un factor relevante en la pol\u00edtica dom\u00e9stica desde tiempos inmemoriales. Hay papers sobre el papel del alcohol en la pol\u00edtica.&nbsp;No necesariamente viceversa, aunque la pol\u00edtica tambi\u00e9n se mete en el alcohol a veces, por ejemplo, en la prohibici\u00f3n.<\/p>\n\n\n\n<div style=\"height:20px\" aria-hidden=\"true\" class=\"wp-block-spacer\"><\/div>\n\n\n\n<blockquote class=\"wp-block-quote is-layout-flow wp-block-quote-is-layout-flow\"><p>Compartir alcohol es parte de la construcci\u00f3n de confianza y de la cercan\u00eda personal. Y esto es un factor relevante en la pol\u00edtica dom\u00e9stica desde tiempos inmemoriales. Hay papers sobre el papel del alcohol en la pol\u00edtica.<\/p><cite>Andr\u00e9s Malamud, polit\u00f3logo y escritor<\/cite><\/blockquote>\n\n\n\n<div style=\"height:20px\" aria-hidden=\"true\" class=\"wp-block-spacer\"><\/div>\n\n\n\n<p><strong>-MEC:<\/strong> Bueno, yo, por una cuesti\u00f3n de trabajo, estuve en una cena muy grande, de ninguna manera una cena \u00edntima, donde en su momento estuvo presente Cristina Fern\u00e1ndez de Kirchner&#8230; Y s\u00ed me llam\u00f3 la atenci\u00f3n -yo qued\u00e9 circunstancialmente en una mesa bastante cerca ella- que ella se sentara y comiera una ensalada que le trajeron especialmente, o sea que no comi\u00f3 el men\u00fa de la cena, y adem\u00e1s que viniese con su propia botella de agua mineral. Mientras que todos los que est\u00e1bamos ah\u00ed sentados comimos lo que nos dieron, no s\u00e9, pollo al champignon, o esas t\u00edpicas cosas&#8230; Y, obviamente, yo tom\u00e9 el vino que me dieron en la cena. Y esto es interesante pensarlo, porque&nbsp;la figura del asado como el lugar desde donde se hace pol\u00edtica es muy central para la socializaci\u00f3n pol\u00edtica peronista. Y Cristina, pero en un cierto sentido N\u00e9stor tambi\u00e9n, rompieron con esa imagen.&nbsp;Digo, yo no tengo la menor idea de qu\u00e9 es lo que hacen en su intimidad, pero no es el caso de Menem, no es el caso de los sindicalistas,&nbsp;que tienen al asado como un lugar en donde se socializa y se toman decisiones al mismo tiempo.&nbsp;<\/p>\n\n\n\n<div style=\"height:39px\" aria-hidden=\"true\" class=\"wp-block-spacer\"><\/div>\n\n\n\n<div class=\"wp-block-image\"><figure class=\"aligncenter size-large\"><img loading=\"lazy\" decoding=\"async\" width=\"1024\" height=\"342\" src=\"https:\/\/enolife.com.ar\/es\/wp-content\/uploads\/2021\/04\/Imagen1-3-1024x342.jpg\" alt=\"\" class=\"wp-image-34246\" srcset=\"https:\/\/enolife.com.ar\/es\/wp-content\/uploads\/2021\/04\/Imagen1-3-1024x342.jpg 1024w, https:\/\/enolife.com.ar\/es\/wp-content\/uploads\/2021\/04\/Imagen1-3-300x100.jpg 300w, https:\/\/enolife.com.ar\/es\/wp-content\/uploads\/2021\/04\/Imagen1-3-768x257.jpg 768w, https:\/\/enolife.com.ar\/es\/wp-content\/uploads\/2021\/04\/Imagen1-3-1170x391.jpg 1170w, https:\/\/enolife.com.ar\/es\/wp-content\/uploads\/2021\/04\/Imagen1-3-585x195.jpg 585w, https:\/\/enolife.com.ar\/es\/wp-content\/uploads\/2021\/04\/Imagen1-3.jpg 1179w\" sizes=\"auto, (max-width: 1024px) 100vw, 1024px\" \/><figcaption><strong><em>Andr\u00e9s Malamud y Mar\u00eda Esperanza Casullo durante la videoconferencia<\/em><\/strong><\/figcaption><\/figure><\/div>\n\n\n\n<div style=\"height:24px\" aria-hidden=\"true\" class=\"wp-block-spacer\"><\/div>\n\n\n\n<p><strong>-AM:<\/strong> Es cierto. Parece haber&nbsp;una corriente asc\u00e9tica en la pol\u00edtica argentina en los \u00faltimos tiempos. Y el alcohol es considerado ofensivo aunque la mayor parte de los argentinos toma&nbsp;y no considera que eso sea un pecado. Pero es considerado ofensivo, a diferencia de otras culturas en las que tomar alcohol con alguien es como partir el pan, como entrar a su casa. <\/p>\n\n\n\n<p>&#8211;<strong>MEC:<\/strong> Qu\u00e9 interesante eso que dec\u00eds. Yo nunca lo hab\u00eda pensado, pero es totalmente cierto, digamos. A pesar de que la Argentina es un pa\u00eds en donde todos nos tomamos un vaso de vino o dos o tres con el asado, de repente aparece una sanci\u00f3n social muy fuerte a la figura del pol\u00edtico que en p\u00fablico toma toma alcohol.<\/p>\n\n\n\n<div style=\"height:20px\" aria-hidden=\"true\" class=\"wp-block-spacer\"><\/div>\n\n\n\n<blockquote class=\"wp-block-quote is-layout-flow wp-block-quote-is-layout-flow\"><p>A pesar de que la Argentina es un pa\u00eds en donde todos nos tomamos un vaso de vino o dos o tres con el asado, de repente aparece una sanci\u00f3n social muy fuerte a la figura del pol\u00edtico que en p\u00fablico toma alcohol. <\/p><cite>Mar\u00eda Esperanza Casullo, periodista y polit\u00f3loga<\/cite><\/blockquote>\n\n\n\n<div style=\"height:20px\" aria-hidden=\"true\" class=\"wp-block-spacer\"><\/div>\n\n\n\n<p><strong>-AM: <\/strong>Te sugiero una tricotom\u00eda para pensar en la influencia del alcohol en la pol\u00edtica:<strong>&nbsp;<\/strong>el alcohol en la pol\u00edtica dom\u00e9stica, el alcohol en la pol\u00edtica internacional y el alcohol en la manera en que estudiamos a la pol\u00edtica. Con algunas experiencias personales. En la pol\u00edtica dom\u00e9stica, en algunos casos ayuda para las reuniones, los comicios, los actos, la generaci\u00f3n de confianza y la cercan\u00eda. En la diplom\u00e1tica es mucho m\u00e1s visible.&nbsp;Hay gente que define la diplomacia como la pol\u00edtica de los c\u00f3cteles<strong>.<\/strong>&nbsp;El alcohol lo que permite es generar atm\u00f3sfera, adem\u00e1s de pasarla bien. Pero en principio lo que hace es generar confianza entre personas que nunca se vieron y necesitan acelerar el proceso por el cual intercambian informaci\u00f3n. As\u00ed que vos vas a ver siempre en la diplomacia alcohol, aunque algunos no tomen. Pero no existe la reuni\u00f3n diplom\u00e1tica sin alcohol. Salvo, y te cuento una excepci\u00f3n que me toc\u00f3 vivir en 1999 en Florencia, cuando participaba un l\u00edder musulm\u00e1n. En esa \u00e9poca hab\u00eda un presidente de Ir\u00e1n, recientemente elegido, supuestamente democr\u00e1tico, por lo menos aperturista. Y ven\u00eda a hacer dos conferencias en Europa, en Par\u00eds y en Florencia, en el Instituto Europeo, que es la universidad de la Uni\u00f3n Europa. En Par\u00eds, al final no lo hizo porque los franceses no aceptaron bajar el alcohol de la mesa, que era la exigencia de la autoridad iran\u00ed para sentarse en esa mesa. Cancel\u00f3. A Florencia vino porque astutamente los europeos dijeron: no hay problema, no va a estar en la mesa. Despu\u00e9s cada uno tomaba lo que quer\u00eda. Simplemente ten\u00eda que serv\u00edselo de otra manera. Pero f\u00edjate aqu\u00ed tambi\u00e9n c\u00f3mo influye en la diplomacia, sea para generar cercan\u00eda, confianza, sea para aproximar o distanciar culturas. Y la tercera:&nbsp;a m\u00ed me toc\u00f3 hacer entrevistas internacionales a diplom\u00e1ticos y es mucho m\u00e1s f\u00e1cil hacerlas en un bar despu\u00e9s del horario de trabajo, tom\u00e1ndote una caipirinha, si son brasile\u00f1os. Porque eso te permite llegar a informaci\u00f3n a la que no habr\u00edas llegado entrevistando a esa persona en la oficina en horario matinal, por ejemplo. As\u00ed que para la ciencia pol\u00edtica tambi\u00e9n el alcohol cumple una funci\u00f3n yo dir\u00eda que esencial. Vos no tuviste oportunidad de emborrachar a tus entrevistados, por lo que veo.<\/p>\n\n\n\n<div style=\"height:20px\" aria-hidden=\"true\" class=\"wp-block-spacer\"><\/div>\n\n\n\n<blockquote class=\"wp-block-quote is-layout-flow wp-block-quote-is-layout-flow\"><p>Hay gente que define la diplomacia como la pol\u00edtica de los c\u00f3cteles<strong>.<\/strong>&nbsp;El alcohol lo que permite es generar atm\u00f3sfera, adem\u00e1s de pasarla bien\u00bb.<\/p><cite>Andr\u00e9s Malamud<\/cite><\/blockquote>\n\n\n\n<div style=\"height:54px\" aria-hidden=\"true\" class=\"wp-block-spacer\"><\/div>\n\n\n\n<figure class=\"wp-block-gallery columns-2 is-cropped wp-block-gallery-1 is-layout-flex wp-block-gallery-is-layout-flex\"><ul class=\"blocks-gallery-grid\"><li class=\"blocks-gallery-item\"><figure><img loading=\"lazy\" decoding=\"async\" width=\"1024\" height=\"746\" src=\"https:\/\/enolife.com.ar\/es\/wp-content\/uploads\/2021\/04\/fernando-de-la-rua-en___Hed6nICjVH_0x750__2-1024x746.jpg\" alt=\"\" data-id=\"34248\" class=\"wp-image-34248\" srcset=\"https:\/\/enolife.com.ar\/es\/wp-content\/uploads\/2021\/04\/fernando-de-la-rua-en___Hed6nICjVH_0x750__2-1024x746.jpg 1024w, https:\/\/enolife.com.ar\/es\/wp-content\/uploads\/2021\/04\/fernando-de-la-rua-en___Hed6nICjVH_0x750__2-300x218.jpg 300w, https:\/\/enolife.com.ar\/es\/wp-content\/uploads\/2021\/04\/fernando-de-la-rua-en___Hed6nICjVH_0x750__2-768x559.jpg 768w, https:\/\/enolife.com.ar\/es\/wp-content\/uploads\/2021\/04\/fernando-de-la-rua-en___Hed6nICjVH_0x750__2-585x426.jpg 585w, https:\/\/enolife.com.ar\/es\/wp-content\/uploads\/2021\/04\/fernando-de-la-rua-en___Hed6nICjVH_0x750__2.jpg 1030w\" sizes=\"auto, (max-width: 1024px) 100vw, 1024px\" \/><\/figure><\/li><li class=\"blocks-gallery-item\"><figure><img loading=\"lazy\" decoding=\"async\" width=\"1024\" height=\"768\" src=\"https:\/\/enolife.com.ar\/es\/wp-content\/uploads\/2021\/04\/1562674268824Captura-de-Pantalla-2019-07-09-a-las-09.05.38.jpg\" alt=\"\" data-id=\"34249\" data-full-url=\"https:\/\/enolife.com.ar\/es\/wp-content\/uploads\/2021\/04\/1562674268824Captura-de-Pantalla-2019-07-09-a-las-09.05.38.jpg\" data-link=\"https:\/\/enolife.com.ar\/es\/?attachment_id=34249\" class=\"wp-image-34249\" srcset=\"https:\/\/enolife.com.ar\/es\/wp-content\/uploads\/2021\/04\/1562674268824Captura-de-Pantalla-2019-07-09-a-las-09.05.38.jpg 1024w, https:\/\/enolife.com.ar\/es\/wp-content\/uploads\/2021\/04\/1562674268824Captura-de-Pantalla-2019-07-09-a-las-09.05.38-300x225.jpg 300w, https:\/\/enolife.com.ar\/es\/wp-content\/uploads\/2021\/04\/1562674268824Captura-de-Pantalla-2019-07-09-a-las-09.05.38-768x576.jpg 768w, https:\/\/enolife.com.ar\/es\/wp-content\/uploads\/2021\/04\/1562674268824Captura-de-Pantalla-2019-07-09-a-las-09.05.38-585x439.jpg 585w\" sizes=\"auto, (max-width: 1024px) 100vw, 1024px\" \/><\/figure><\/li><\/ul><\/figure>\n\n\n\n<div style=\"height:38px\" aria-hidden=\"true\" class=\"wp-block-spacer\"><\/div>\n\n\n\n<p><strong>-MEC:<\/strong> No, no, yo no tuve oportunidad de emborrachar a mis entrevistados, pero s\u00ed hice varios trabajos de campo en organizaciones pol\u00edticas de base, en el partido de Moreno en la provincia de Buenos Aires, hace varios a\u00f1os, y siempre hab\u00eda comida. Y siempre hab\u00eda algo para tomar tambi\u00e9n. Siempre alguien llevaba o tortas fritas o facturas o panes. Pero es muy dif\u00edcil alcanzar un nivel en el  que la presencia de comida y la presencia de alcohol generen un estado de mayor relajaci\u00f3n y de simpat\u00eda. Bueno, es el partir el pan.&nbsp;Es muy dif\u00edcil pensar en situaciones donde se negocian cosas que intenten llegar a acuerdos y que no est\u00e9 esa atm\u00f3sfera, me parece. Y me parece que eso habla de algo de la pol\u00edtica argentina. Nosotros miramos mucho las instituciones formales pero tambi\u00e9n hay un d\u00e9ficit ahora de este tipo de instituciones informales, me parece.<\/p>\n\n\n\n<p><strong>-AM:<\/strong> Esta del alcohol no podr\u00eda ser m\u00e1s informal, me imagino, aunque a veces tiene, como te dec\u00eda reci\u00e9n, algunos costados diplom\u00e1ticos que le pueden dar m\u00e1s formalidad. Ojal\u00e1 que al \u00c1gora (el programa de entrevistas) lo podamos hacer en alg\u00fan momento despu\u00e9s de la pandemia con un vaso de por medio.<\/p>\n\n\n\n<p><strong>-MEC:<\/strong> S\u00ed. Totalmente.<\/p>\n\n\n\n<p><strong>-AM:<\/strong> Ahora que ya no se puede compartir el mate&#8230;<\/p>\n\n\n\n<p><strong>-MEC:<\/strong> Eso es algo bastante tr\u00e1gico tambi\u00e9n, podr\u00edamos hablar de eso largo y tendido, pero, bueno, me parece que s\u00ed es interesante pensar en un contexto pand\u00e9mico, en el cual est\u00e1 muy polarizada la discusi\u00f3n pol\u00edtica, y tambi\u00e9n est\u00e1n restringidos este tipo de contextos informales para la negociaci\u00f3n. O sea, hay menos asados, hay menos reuniones, hay menos rondas de mate, \u00bfno? Y probablemente eso tenga un efecto tambi\u00e9n en el hecho de que, si todas las discusiones son p\u00fablicas, todas las discusiones pueden alcanzar un nivel de agresividad m\u00e1s fuerte, por decirlo de esta manera.<\/p>\n\n\n\n<div style=\"height:20px\" aria-hidden=\"true\" class=\"wp-block-spacer\"><\/div>\n\n\n\n<h4 class=\"has-vivid-red-color has-text-color wp-block-heading\">Es mejor algunas veces cerrar el Zoom y abrir la botella (Andr\u00e9s Malamud).<\/h4>\n\n\n\n<div style=\"height:20px\" aria-hidden=\"true\" class=\"wp-block-spacer\"><\/div>\n\n\n\n<p><strong>-MEC:<\/strong> Exactamente. Bueno, nos vemos la semana que viene.<\/p>\n\n\n\n<div style=\"height:20px\" aria-hidden=\"true\" class=\"wp-block-spacer\"><\/div>\n\n\n\n<p class=\"has-small-font-size\"><em><strong>Fuente: eldiario.ar <a href=\"https:\/\/www.eldiarioar.com\/opinion\/politica-abstemia-alcohol-volvio-tabu-dirigentes_129_7831641.html\">https:\/\/www.eldiarioar.com\/opinion\/politica-abstemia-alcohol-volvio-tabu-dirigentes_129_7831641.html<\/a><\/strong><\/em> &#8211;<strong><em> Foto Principal: IMago<\/em><\/strong><\/p>\n\n\n\n<div style=\"height:52px\" aria-hidden=\"true\" class=\"wp-block-spacer\"><\/div>\n","protected":false},"excerpt":{"rendered":"<p>La escritora, periodista, docente y polit\u00f3loga Mar\u00eda Esperanza Casullo mantuvo el 18\/4 una jugosa charla&hellip;<\/p>\n","protected":false},"author":3,"featured_media":34244,"comment_status":"open","ping_status":"open","sticky":false,"template":"","format":"standard","meta":{"footnotes":""},"categories":[12],"tags":[],"class_list":["post-34210","post","type-post","status-publish","format-standard","has-post-thumbnail","hentry","category-opinion"],"_links":{"self":[{"href":"https:\/\/enolife.com.ar\/es\/wp-json\/wp\/v2\/posts\/34210","targetHints":{"allow":["GET"]}}],"collection":[{"href":"https:\/\/enolife.com.ar\/es\/wp-json\/wp\/v2\/posts"}],"about":[{"href":"https:\/\/enolife.com.ar\/es\/wp-json\/wp\/v2\/types\/post"}],"author":[{"embeddable":true,"href":"https:\/\/enolife.com.ar\/es\/wp-json\/wp\/v2\/users\/3"}],"replies":[{"embeddable":true,"href":"https:\/\/enolife.com.ar\/es\/wp-json\/wp\/v2\/comments?post=34210"}],"version-history":[{"count":0,"href":"https:\/\/enolife.com.ar\/es\/wp-json\/wp\/v2\/posts\/34210\/revisions"}],"wp:featuredmedia":[{"embeddable":true,"href":"https:\/\/enolife.com.ar\/es\/wp-json\/wp\/v2\/media\/34244"}],"wp:attachment":[{"href":"https:\/\/enolife.com.ar\/es\/wp-json\/wp\/v2\/media?parent=34210"}],"wp:term":[{"taxonomy":"category","embeddable":true,"href":"https:\/\/enolife.com.ar\/es\/wp-json\/wp\/v2\/categories?post=34210"},{"taxonomy":"post_tag","embeddable":true,"href":"https:\/\/enolife.com.ar\/es\/wp-json\/wp\/v2\/tags?post=34210"}],"curies":[{"name":"wp","href":"https:\/\/api.w.org\/{rel}","templated":true}]}}