{"id":34144,"date":"2021-04-17T16:13:17","date_gmt":"2021-04-17T16:13:17","guid":{"rendered":"http:\/\/enolife.com.ar\/es\/?p=34144"},"modified":"2021-04-20T02:44:59","modified_gmt":"2021-04-20T02:44:59","slug":"el-vino-va-con-todo-lema-del-spot-publicitario-que-busca-conquistar-a-los-mas-jovenes","status":"publish","type":"post","link":"https:\/\/enolife.com.ar\/es\/el-vino-va-con-todo-lema-del-spot-publicitario-que-busca-conquistar-a-los-mas-jovenes\/","title":{"rendered":"El vino va con todo, lema del spot publicitario que busca conquistar a los m\u00e1s j\u00f3venes"},"content":{"rendered":"\n<h4 class=\"wp-block-heading\"><em><strong>Hoy 17 de abril, en el D\u00eda Mundial del Malbec, el Fondo Vitivin\u00edcola y la Corporaci\u00f3n Vitivin\u00edcola Argentina divulgaron en sus canales de YouTube la nueva pieza de comunicaci\u00f3n de la campa\u00f1a Vino Argentino, lanzada desde 2005 para afianzar la marca y promover el consumo interno. El mensaje est\u00e1 dirigido a los potenciales consumidores de entre 18 y 35 a\u00f1os y ancla en paradigmas y h\u00e1bitos para beber actuales tales como la \u00abrefrescancia\u00bb; la mezcla de vino con soda, hielo, jugos e incluso otras bebidas alcoh\u00f3licas; el vino envasado en latas, \u00abtirado\u00bb y servido en copas y los momentos en que el vino es protagonista. <\/strong><\/em><\/h4>\n\n\n\n<hr class=\"wp-block-separator\"\/>\n\n\n\n<h4 class=\"wp-block-heading\"><em><strong>El concepto de la campa\u00f1a recoge propuestas de en\u00f3logos pioneros como \u00c1ngel Mendoza, quienes desde hace a\u00f1os predican la necesidad de popularizar el consumo sin miedo a los prejuicios del mercado. Un detalle para destacar: la m\u00fasica fue compuesta por el rockero argentino Fabi\u00e1n \u00abZorrito\u00bb von Quintiero, ex Charly Garc\u00eda, Soda Stereo y otras bandas m\u00edticas.<\/strong><\/em><\/h4>\n\n\n\n<div style=\"height:20px\" aria-hidden=\"true\" class=\"wp-block-spacer\"><\/div>\n\n\n\n\n\n<div style=\"height:36px\" aria-hidden=\"true\" class=\"wp-block-spacer\"><\/div>\n\n\n\n<p>Desde el a\u00f1o 2005, la campa\u00f1a publicitaria gen\u00e9rica del <strong>Vino Argentino<\/strong>, ideada por la <strong>Corporaci\u00f3n Vitivin\u00edcola Argentina<\/strong> y ejecutada por su unidad <strong>Fondo Vitivin\u00edcola<\/strong>, ha buscado posicionar este producto como un elemento de uni\u00f3n entre los argentinos, exaltando su diversidad y transversalidad y su capacidad de protagonizar encuentros amistosos en familia y en sociedad.<\/p>\n\n\n\n<p>Seg\u00fan destacan el Fondo Vitivin\u00edcola y la agencia de publicida internacional con filial en Buenos Aires <strong>The Cyranos<\/strong>, creadores del spot, este a\u00f1o \u00abla clave de la pieza es la sensorialidad\u00bb. Adem\u00e1s, el video incorpora nuevos paradigmas de consumo tales como la denominada \u00abrefrescancia\u00bb (palabra que a\u00fan no est\u00e1 en el diccionario de la <strong>Real Academia<\/strong> pero que sin duda pronto ser\u00e1 aceptada, por su rico significado); las mezclas con soda y hielo; los nuevos envases de la categor\u00eda y las ocasiones en que el vino es protagonista.<\/p>\n\n\n\n<p>La m\u00fasica original del comercial fue compuesta por el compositor y multiintrumentista rockero <strong>Fabi\u00e1n \u00abZorrito\u00bb von Quintiero<\/strong>, ex integrante de Su\u00e9ter, Los Ratones Paranoicos, la banda de Charly Garc\u00eda y Soda Stereo como tecladista.<\/p>\n\n\n\n<div style=\"height:20px\" aria-hidden=\"true\" class=\"wp-block-spacer\"><\/div>\n\n\n\n<p class=\"has-medium-font-size\"><strong>\u00abVa con vos, va con todo\u00bb<\/strong><\/p>\n\n\n\n<p>\u00abEl vino se reinventa y se afianza en nuevos territorios, de la mano de los j\u00f3venes\u00bb. As\u00ed describen a esta nueva pieza sus creadores.<\/p>\n\n\n\n<div style=\"height:37px\" aria-hidden=\"true\" class=\"wp-block-spacer\"><\/div>\n\n\n\n<figure class=\"wp-block-embed-youtube aligncenter wp-block-embed is-type-video is-provider-youtube wp-embed-aspect-16-9 wp-has-aspect-ratio\"><div class=\"wp-block-embed__wrapper\">\n<iframe loading=\"lazy\" title=\"Va con vos, va con todo\" width=\"1170\" height=\"658\" src=\"https:\/\/www.youtube.com\/embed\/Pkn3v72mhUk?feature=oembed\" frameborder=\"0\" allow=\"accelerometer; autoplay; clipboard-write; encrypted-media; gyroscope; picture-in-picture\" allowfullscreen><\/iframe>\n<\/div><\/figure>\n\n\n\n<div style=\"height:47px\" aria-hidden=\"true\" class=\"wp-block-spacer\"><\/div>\n\n\n\n<p><strong>\u00abVa con vos, va con todo\u00bb <\/strong>llega con un nuevo enfoque para comunicar el maridaje del Vino&nbsp;Argentino con los m\u00faltiples mundos de los j\u00f3venes argentinos: si es con soda o es con hielo, en copa o lata, sea en la modernidad o ultra modernidad empatizando con los j\u00f3venes fundamentalmente mientras respetamos su genuino recorrido local\u00bb,&nbsp;coment\u00f3 Leandro Raposo, fundador y director de The Cyranos. <\/p>\n\n\n\n<p>Por su parte, Vanina Rudaeff, CEO de The Cyranos Argentina, agreg\u00f3: \u00abEn equipo con el Fondo Vitivin\u00edcola, presentamos un concepto estrat\u00e9gico-creativo completamente innovador para la categor\u00eda, rompiendo paradigmas y &nbsp;enfocados al target m\u00e1s joven; sentimos que este nuevo abordaje logra comunicar el hoy de nuestra bebida nacional de manera hol\u00edstica en un sector altamente competitivo\u00bb.<\/p>\n\n\n\n<p>La realizaci\u00f3n estuvo a cargo de la productora <strong>Mam\u00e1 H\u00fangara<\/strong> con la direcci\u00f3n de los j\u00f3venes cineastas <strong>Tom\u00e1s Terzano<\/strong> y <strong>Juan Piczman<\/strong>.<\/p>\n\n\n\n<p>Cabe recordar que el dise\u00f1o de la campa\u00f1a Vino Argentino -que estar\u00e1 en los medios de comunicaci\u00f3n en las pr\u00f3ximas semanas- fue validado en el foro de bodegas que se desarroll\u00f3 de modo virtual en los \u00faltimos meses del 2020 y del que participaron bodegas de todo el pa\u00eds.<\/p>\n\n\n\n<div style=\"height:27px\" aria-hidden=\"true\" class=\"wp-block-spacer\"><\/div>\n","protected":false},"excerpt":{"rendered":"<p>Hoy 17 de abril, en el D\u00eda Mundial del Malbec, el Fondo Vitivin\u00edcola y la&hellip;<\/p>\n","protected":false},"author":3,"featured_media":34170,"comment_status":"open","ping_status":"open","sticky":false,"template":"","format":"standard","meta":{"footnotes":""},"categories":[14],"tags":[],"class_list":["post-34144","post","type-post","status-publish","format-standard","has-post-thumbnail","hentry","category-news"],"_links":{"self":[{"href":"https:\/\/enolife.com.ar\/es\/wp-json\/wp\/v2\/posts\/34144","targetHints":{"allow":["GET"]}}],"collection":[{"href":"https:\/\/enolife.com.ar\/es\/wp-json\/wp\/v2\/posts"}],"about":[{"href":"https:\/\/enolife.com.ar\/es\/wp-json\/wp\/v2\/types\/post"}],"author":[{"embeddable":true,"href":"https:\/\/enolife.com.ar\/es\/wp-json\/wp\/v2\/users\/3"}],"replies":[{"embeddable":true,"href":"https:\/\/enolife.com.ar\/es\/wp-json\/wp\/v2\/comments?post=34144"}],"version-history":[{"count":0,"href":"https:\/\/enolife.com.ar\/es\/wp-json\/wp\/v2\/posts\/34144\/revisions"}],"wp:featuredmedia":[{"embeddable":true,"href":"https:\/\/enolife.com.ar\/es\/wp-json\/wp\/v2\/media\/34170"}],"wp:attachment":[{"href":"https:\/\/enolife.com.ar\/es\/wp-json\/wp\/v2\/media?parent=34144"}],"wp:term":[{"taxonomy":"category","embeddable":true,"href":"https:\/\/enolife.com.ar\/es\/wp-json\/wp\/v2\/categories?post=34144"},{"taxonomy":"post_tag","embeddable":true,"href":"https:\/\/enolife.com.ar\/es\/wp-json\/wp\/v2\/tags?post=34144"}],"curies":[{"name":"wp","href":"https:\/\/api.w.org\/{rel}","templated":true}]}}