{"id":34090,"date":"2021-04-17T18:58:08","date_gmt":"2021-04-17T18:58:08","guid":{"rendered":"http:\/\/enolife.com.ar\/es\/?p=34090"},"modified":"2021-04-17T18:58:09","modified_gmt":"2021-04-17T18:58:09","slug":"el-18-4-la-omet-celebra-el-dia-del-malbec-en-pedernal-san-juan-con-musica-y-arte-en-barricas","status":"publish","type":"post","link":"https:\/\/enolife.com.ar\/es\/el-18-4-la-omet-celebra-el-dia-del-malbec-en-pedernal-san-juan-con-musica-y-arte-en-barricas\/","title":{"rendered":"El 18\/4 la OMET celebra el D\u00eda del Malbec en Pedernal, San Juan, con m\u00fasica y arte en barricas"},"content":{"rendered":"\n<h4 class=\"wp-block-heading\"><em><strong>La\u00a0Organizaci\u00f3n Mundial del Enoturismo\u00a0(OMET) es una red internacional que integra los sectores p\u00fablico y privado, para contribuir al desarrollo socioecon\u00f3mico de los destinos enotur\u00edsticos del mundo con un modelo de gobernanza alineado con los Objetivos de Desarrollo Sostenible de la Agenda 2030 de las Naciones Unidas. Desde su sede latinoamericana, a cargo de Pablo Singerman, celebrar\u00e1n el D\u00eda Mundial del Malbec, el domingo 18\/4, con \u00abArte en Barricas\u00bb en el Restaurante de Campo \u201cAires del Pedernal\u201d -ubicado en Valle de Pedernal. La actividad se realizar\u00e1 de 10 a 17 hs con m\u00fasica en vivo y artistas visuales que intervendr\u00e1n barricas para ser donadas a escuelas municipales.<\/strong><\/em><\/h4>\n\n\n\n<div style=\"height:51px\" aria-hidden=\"true\" class=\"wp-block-spacer\"><\/div>\n\n\n\n\n\n<div style=\"height:47px\" aria-hidden=\"true\" class=\"wp-block-spacer\"><\/div>\n\n\n\n<p>Este domingo 18 de 10 a 17 hs. se llevar\u00e1 a cabo el evento <strong>\u00abArte en Barricas\u201d<\/strong> para celebrar el <strong>D\u00eda Mundial del Malbec.<\/strong><\/p>\n\n\n\n<div class=\"wp-block-image\"><figure class=\"alignleft size-large is-resized\"><img loading=\"lazy\" decoding=\"async\" src=\"https:\/\/enolife.com.ar\/es\/wp-content\/uploads\/2021\/04\/PLACA-MALBEC-983x1024.jpg\" alt=\"\" class=\"wp-image-34174\" width=\"401\" height=\"418\" srcset=\"https:\/\/enolife.com.ar\/es\/wp-content\/uploads\/2021\/04\/PLACA-MALBEC-983x1024.jpg 983w, https:\/\/enolife.com.ar\/es\/wp-content\/uploads\/2021\/04\/PLACA-MALBEC-288x300.jpg 288w, https:\/\/enolife.com.ar\/es\/wp-content\/uploads\/2021\/04\/PLACA-MALBEC-768x800.jpg 768w, https:\/\/enolife.com.ar\/es\/wp-content\/uploads\/2021\/04\/PLACA-MALBEC-1475x1536.jpg 1475w, https:\/\/enolife.com.ar\/es\/wp-content\/uploads\/2021\/04\/PLACA-MALBEC-1170x1219.jpg 1170w, https:\/\/enolife.com.ar\/es\/wp-content\/uploads\/2021\/04\/PLACA-MALBEC-585x609.jpg 585w, https:\/\/enolife.com.ar\/es\/wp-content\/uploads\/2021\/04\/PLACA-MALBEC.jpg 1920w\" sizes=\"auto, (max-width: 401px) 100vw, 401px\" \/><\/figure><\/div>\n\n\n\n<p>Ser\u00e1 una jornada en la que el <strong>Restaurante de Campo \u201cAires del Pedernal\u201d<\/strong> -ubicado en Valle de Pedernal, a 92 km de la Ciudad de San Juan, Argentina- fusionar\u00e1 el vino y la gastronom\u00eda con el arte, la m\u00fasica y el paseo por sus vi\u00f1as.<\/p>\n\n\n\n<p>Desde las 10 hasta las 17 hs, con los m\u00fasicos Lucio y Martina Flores en vivo, se podr\u00e1 degusta comida campestre mientras se recorren las vi\u00f1as o sentarse a la mesa del restaurante con men\u00fa a la carta. Adem\u00e1s, cinco artistas visuales -Esteban Caba\u00f1es, Leonardo Bravo, Marcelo Orme\u00f1o, Micaela Aballay y Gisela Fuentes-, estar\u00e1n interviniendo una barrica cada uno. Las mismas ser\u00e1n donadas a escuelas del Municipio de Sarmiento con el fin de que los ni\u00f1os aprendan la importancia del enoturismo de la zona donde residen.<\/p>\n\n\n\n<p class=\"has-background has-very-light-gray-background-color\"><strong>La entrada tiene un valor de $ 200 y se debe reservar previamente al tel\u00e9fono +54 9 264 565 9309.<\/strong><\/p>\n\n\n\n<div style=\"height:58px\" aria-hidden=\"true\" class=\"wp-block-spacer\"><\/div>\n","protected":false},"excerpt":{"rendered":"<p>La\u00a0Organizaci\u00f3n Mundial del Enoturismo\u00a0(OMET) es una red internacional que integra los sectores p\u00fablico y privado,&hellip;<\/p>\n","protected":false},"author":3,"featured_media":34182,"comment_status":"open","ping_status":"open","sticky":false,"template":"","format":"standard","meta":{"footnotes":""},"categories":[11],"tags":[],"class_list":["post-34090","post","type-post","status-publish","format-standard","has-post-thumbnail","hentry","category-enoturismo"],"_links":{"self":[{"href":"https:\/\/enolife.com.ar\/es\/wp-json\/wp\/v2\/posts\/34090","targetHints":{"allow":["GET"]}}],"collection":[{"href":"https:\/\/enolife.com.ar\/es\/wp-json\/wp\/v2\/posts"}],"about":[{"href":"https:\/\/enolife.com.ar\/es\/wp-json\/wp\/v2\/types\/post"}],"author":[{"embeddable":true,"href":"https:\/\/enolife.com.ar\/es\/wp-json\/wp\/v2\/users\/3"}],"replies":[{"embeddable":true,"href":"https:\/\/enolife.com.ar\/es\/wp-json\/wp\/v2\/comments?post=34090"}],"version-history":[{"count":0,"href":"https:\/\/enolife.com.ar\/es\/wp-json\/wp\/v2\/posts\/34090\/revisions"}],"wp:featuredmedia":[{"embeddable":true,"href":"https:\/\/enolife.com.ar\/es\/wp-json\/wp\/v2\/media\/34182"}],"wp:attachment":[{"href":"https:\/\/enolife.com.ar\/es\/wp-json\/wp\/v2\/media?parent=34090"}],"wp:term":[{"taxonomy":"category","embeddable":true,"href":"https:\/\/enolife.com.ar\/es\/wp-json\/wp\/v2\/categories?post=34090"},{"taxonomy":"post_tag","embeddable":true,"href":"https:\/\/enolife.com.ar\/es\/wp-json\/wp\/v2\/tags?post=34090"}],"curies":[{"name":"wp","href":"https:\/\/api.w.org\/{rel}","templated":true}]}}