{"id":34027,"date":"2021-04-17T02:24:07","date_gmt":"2021-04-17T02:24:07","guid":{"rendered":"http:\/\/enolife.com.ar\/es\/?p=34027"},"modified":"2021-04-19T19:23:35","modified_gmt":"2021-04-19T19:23:35","slug":"los-avances-en-el-tunel-binacional-argentina-chile-por-las-lenas-analizados-por-expertos","status":"publish","type":"post","link":"https:\/\/enolife.com.ar\/es\/los-avances-en-el-tunel-binacional-argentina-chile-por-las-lenas-analizados-por-expertos\/","title":{"rendered":"Los avances en el t\u00fanel binacional Argentina-Chile por Las Le\u00f1as, analizados por expertos"},"content":{"rendered":"\n<h4 class=\"wp-block-heading\"><em><strong>En otro de sus atractivos ciclos sobre temas de actualidad y alto impacto, el Foro Diplom\u00e1tico en Mendoza ofrece este martes 20 de abril, a las 18 horas de Argentina, una conferencia abierta y gratuita a cargo de dos expertos internacionales en temas viales y geol\u00f3gicos, sobre el proyecto de abrir un paso binacional en la zona de Las Le\u00f1as, Mendoza, para unir el distrito El Sosneado, en San Rafael, con la comuna de Rancagua, en la Regi\u00f3n Libertador O&#8217;Higgins de Chile.<\/strong> <\/em><\/h4>\n\n\n\n<hr class=\"wp-block-separator\"\/>\n\n\n\n<h4 class=\"wp-block-heading\"><em><strong>Este ciclo, denominado \u00abIntegraci\u00f3n\u00bb, reflexiona sobre las relaciones entre Argentina y los pa\u00edses latinoamericanos. Es auspiciado por las m\u00e1s importantes entidades educativas de Mendoza, as\u00ed como por empresas y c\u00e1maras de Comercio y los medios de comunicaci\u00f3n m\u00e1s populares de la provincia, entre ellos Enolife.<\/strong><\/em><\/h4>\n\n\n\n<div style=\"height:20px\" aria-hidden=\"true\" class=\"wp-block-spacer\"><\/div>\n\n\n<a href=\"https:\/\/www.irrigacion.gov.ar\/web\/\" aria-label=\"irrigaci\u00f3n-1700X500\"><img loading=\"lazy\" decoding=\"async\" src=\"https:\/\/enolife.com.ar\/es\/wp-content\/uploads\/2021\/02\/irrigacion-1700X500.gif\" alt=\"\"  width=\"1700\" height=\"500\"   \/><\/a>\n\n\n<div style=\"height:53px\" aria-hidden=\"true\" class=\"wp-block-spacer\"><\/div>\n\n\n\n<p>Durante 2021, <strong>el Foro Diplom\u00e1tico en Mendoza (FDM)<\/strong> est\u00e1 realizando un ciclo de charlas, conferencias y debates denominado \u00abIntegraci\u00f3n\u00bb, con el objetivo de reflexionar acerca de c\u00f3mo avanzar en las relaciones de mutuo provecho entre Argentina y el resto de los pa\u00edses de Am\u00e9rica Latina.<\/p>\n\n\n\n<p>El pr\u00f3ximo martes 20\/4, a las 18, dos expertos oradores se referir\u00e1n al tema \u00abAvances del estudio de factibilidad construcci\u00f3n t\u00fanel internacional Paso las Le\u00f1as Chile-Argentina\u00bb.<\/p>\n\n\n\n<p>En primer lugar, expondr\u00e1 el ingeniero <strong>Yarhel Jerez S<\/strong>., jefe del Departamento de Proyectos de la Direcci\u00f3n de Vialidad de la Regi\u00f3n de O&#8217;Higgins, del Ministerio de Obras P\u00fablicas (MOP) de Chile.<\/p>\n\n\n\n<p>En segundo t\u00e9rmino, hablar\u00e1 el ingeniero <strong>Mart\u00edn B\u00f6fer<\/strong>, presidente de la consultora Geoconsult Buenos Aires SA.<\/p>\n\n\n\n<div style=\"height:20px\" aria-hidden=\"true\" class=\"wp-block-spacer\"><\/div>\n\n\n\n<p class=\"has-medium-font-size\"><strong>Una megaobra que atraviesa la cordillera a baja altura<\/strong><\/p>\n\n\n\n<p>Cabe recordar que el proyecto, cuyo costo presupuestado asciende a los <strong>U$S 2.000 millones<\/strong>, es un antiguo anhelo de los gobiernos y empresas privadas de Argentina y Chile desde hace m\u00e1s de una d\u00e9cada y tiene por objetivo construir un paso que sirva de <strong>alternativa al Paso Libertadores por Cristo Redentor<\/strong>, en el norte de Mendoza, por donde hoy circula la mayor parte del tr\u00e1nsito comercial y tur\u00edstico entre ambos pa\u00edses.<\/p>\n\n\n\n<div style=\"height:20px\" aria-hidden=\"true\" class=\"wp-block-spacer\"><\/div>\n\n\n\n<figure class=\"wp-block-embed-youtube aligncenter wp-block-embed is-type-video is-provider-youtube wp-embed-aspect-16-9 wp-has-aspect-ratio\"><div class=\"wp-block-embed__wrapper\">\n<iframe loading=\"lazy\" title=\"T\u00fanel Paso Las Le\u00f1as Regi\u00f3n de O&#039;Higgins - MOP Chile\" width=\"1170\" height=\"658\" src=\"https:\/\/www.youtube.com\/embed\/WqNuRZj6uCA?feature=oembed\" frameborder=\"0\" allow=\"accelerometer; autoplay; clipboard-write; encrypted-media; gyroscope; picture-in-picture\" allowfullscreen><\/iframe>\n<\/div><\/figure>\n\n\n\n<div style=\"height:24px\" aria-hidden=\"true\" class=\"wp-block-spacer\"><\/div>\n\n\n\n<p>Luego de la conformaci\u00f3n en <strong>2016 de la Entidad Binacional T\u00fanel Internacional las Le\u00f1as (Ebile\u00f1as),<\/strong> el proyecto cobr\u00f3 impulso y los estudios de factibilidad se aceleraron. Actualmente, el trabajo se desarrolla a ambos lados de la Cordillera de los Andes y est\u00e1 a cargo de equipos de Argentina, Chile y Austria, con asistencia del lado argentino de Vialidad Provincial de Mendoza, para permitir el arribo de los t\u00e9cnicos al lugar donde se perforar\u00eda el t\u00fanel de <strong>11 kil\u00f3metros de largo<\/strong>, ubicado sobre la <strong>Ruta Provincial 220 en El Sosneado, San Rafael.<\/strong> El punto exacto de los trabajos, donde se perforar\u00eda la roca, est\u00e1 ubicado a <strong>2.060 m sobre el nivel del mar<\/strong>, lo que caracteriza a la obra como \u00abt\u00fanel de baja altura\u00bb.<\/p>\n\n\n\n<div style=\"height:20px\" aria-hidden=\"true\" class=\"wp-block-spacer\"><\/div>\n\n\n\n<div class=\"wp-block-image\"><figure class=\"aligncenter size-large is-resized\"><img loading=\"lazy\" decoding=\"async\" src=\"https:\/\/enolife.com.ar\/es\/wp-content\/uploads\/2021\/04\/tunel-infog-2.jpg\" alt=\"\" class=\"wp-image-34134\" width=\"515\" height=\"334\" srcset=\"https:\/\/enolife.com.ar\/es\/wp-content\/uploads\/2021\/04\/tunel-infog-2.jpg 715w, https:\/\/enolife.com.ar\/es\/wp-content\/uploads\/2021\/04\/tunel-infog-2-300x195.jpg 300w, https:\/\/enolife.com.ar\/es\/wp-content\/uploads\/2021\/04\/tunel-infog-2-585x380.jpg 585w\" sizes=\"auto, (max-width: 515px) 100vw, 515px\" \/><\/figure><\/div>\n\n\n\n<div style=\"height:20px\" aria-hidden=\"true\" class=\"wp-block-spacer\"><\/div>\n\n\n\n<p>La estructura rocosa donde est\u00e1 siendo analizada por un equipo de especialistas en medio de un paisaje de singular belleza ubicado a <strong>210 kil\u00f3metros de la ciudad de San Rafael.<\/strong><\/p>\n\n\n\n<p>Los estudios se iniciaron en el verano de 2020 y contin\u00faan por estos d\u00edas en el punto donde se construir\u00e1 la boca argentina del futuro t\u00fanel que comunicar\u00e1 el distrito El Sosneado, en San Rafael, con la comuna de Rancagua, en la Regi\u00f3n del Libertador O&#8217;Higgins, Chile.<\/p>\n\n\n\n<div style=\"height:20px\" aria-hidden=\"true\" class=\"wp-block-spacer\"><\/div>\n\n\n\n<div class=\"wp-block-image\"><figure class=\"aligncenter size-large is-resized\"><img loading=\"lazy\" decoding=\"async\" src=\"https:\/\/enolife.com.ar\/es\/wp-content\/uploads\/2021\/04\/infografia-tunel-3-1-1.jpg\" alt=\"\" class=\"wp-image-34135\" width=\"571\" height=\"303\" srcset=\"https:\/\/enolife.com.ar\/es\/wp-content\/uploads\/2021\/04\/infografia-tunel-3-1-1.jpg 715w, https:\/\/enolife.com.ar\/es\/wp-content\/uploads\/2021\/04\/infografia-tunel-3-1-1-300x159.jpg 300w, https:\/\/enolife.com.ar\/es\/wp-content\/uploads\/2021\/04\/infografia-tunel-3-1-1-585x311.jpg 585w\" sizes=\"auto, (max-width: 571px) 100vw, 571px\" \/><\/figure><\/div>\n\n\n\n<div style=\"height:20px\" aria-hidden=\"true\" class=\"wp-block-spacer\"><\/div>\n\n\n\n<p class=\"has-background has-medium-font-size has-very-light-gray-background-color\"><strong>La charla en detalle<\/strong><\/p>\n\n\n\n<div class=\"wp-block-image\"><figure class=\"alignleft size-large is-resized\"><img loading=\"lazy\" decoding=\"async\" src=\"https:\/\/enolife.com.ar\/es\/wp-content\/uploads\/2021\/04\/210415-1824-FDM-Charla-03-flyer-final-884x1024.jpg\" alt=\"\" class=\"wp-image-34028\" width=\"309\" height=\"357\" srcset=\"https:\/\/enolife.com.ar\/es\/wp-content\/uploads\/2021\/04\/210415-1824-FDM-Charla-03-flyer-final-884x1024.jpg 884w, https:\/\/enolife.com.ar\/es\/wp-content\/uploads\/2021\/04\/210415-1824-FDM-Charla-03-flyer-final-259x300.jpg 259w, https:\/\/enolife.com.ar\/es\/wp-content\/uploads\/2021\/04\/210415-1824-FDM-Charla-03-flyer-final-768x890.jpg 768w, https:\/\/enolife.com.ar\/es\/wp-content\/uploads\/2021\/04\/210415-1824-FDM-Charla-03-flyer-final-1326x1536.jpg 1326w, https:\/\/enolife.com.ar\/es\/wp-content\/uploads\/2021\/04\/210415-1824-FDM-Charla-03-flyer-final-1170x1355.jpg 1170w, https:\/\/enolife.com.ar\/es\/wp-content\/uploads\/2021\/04\/210415-1824-FDM-Charla-03-flyer-final-585x678.jpg 585w, https:\/\/enolife.com.ar\/es\/wp-content\/uploads\/2021\/04\/210415-1824-FDM-Charla-03-flyer-final.jpg 1477w\" sizes=\"auto, (max-width: 309px) 100vw, 309px\" \/><\/figure><\/div>\n\n\n\n<p class=\"has-background has-very-light-gray-background-color\"><strong>Fecha y hora:<\/strong> martes 20 de abril 2021 a las 18 horas de Argentina<br><br><strong>Modalidad:<\/strong> Online<br><br><strong>Participaci\u00f3n:<\/strong> libre y gratuita, previa reservas a trav\u00e9s de Eventbrite<br><br><strong>Link para reserva: <a href=\"https:\/\/www.eventbrite.com.ar\/e\/fdm-ciclo-2021-integracion-virtual-charla-03-tickets-151132151333\">AQUI<\/a><\/strong><br><br><strong>Transmisi\u00f3n<\/strong>: en vivo a trav\u00e9s de YouTube Live<br><br><strong>Nota 1<\/strong>: A quienes reserven por Eventbrite, 24 horas antes les llegar\u00e1 el link correspondiente para YouTube Live.<br><strong>Nota 2<\/strong>: Los participantes <strong>podr\u00e1n formular preguntas<\/strong> para enriquecer el debate; a ese efecto se habilitar\u00e1 un chat durante la transmisi\u00f3n en vivo, y al final de las dos charlas, los expositores responder\u00e1n las inquietudes.<\/p>\n\n\n\n<div style=\"height:20px\" aria-hidden=\"true\" class=\"wp-block-spacer\"><\/div>\n\n\n\n<p class=\"has-small-font-size\"><strong><em>Fuente: Foro Diplom\u00e1tico Mendoza, El Memo y Gobierno de Mendoza<\/em><\/strong><\/p>\n\n\n\n<div style=\"height:51px\" aria-hidden=\"true\" class=\"wp-block-spacer\"><\/div>\n","protected":false},"excerpt":{"rendered":"<p>En otro de sus atractivos ciclos sobre temas de actualidad y alto impacto, el Foro&hellip;<\/p>\n","protected":false},"author":3,"featured_media":34136,"comment_status":"open","ping_status":"open","sticky":false,"template":"","format":"standard","meta":{"footnotes":""},"categories":[47],"tags":[],"class_list":["post-34027","post","type-post","status-publish","format-standard","has-post-thumbnail","hentry","category-agenda"],"_links":{"self":[{"href":"https:\/\/enolife.com.ar\/es\/wp-json\/wp\/v2\/posts\/34027","targetHints":{"allow":["GET"]}}],"collection":[{"href":"https:\/\/enolife.com.ar\/es\/wp-json\/wp\/v2\/posts"}],"about":[{"href":"https:\/\/enolife.com.ar\/es\/wp-json\/wp\/v2\/types\/post"}],"author":[{"embeddable":true,"href":"https:\/\/enolife.com.ar\/es\/wp-json\/wp\/v2\/users\/3"}],"replies":[{"embeddable":true,"href":"https:\/\/enolife.com.ar\/es\/wp-json\/wp\/v2\/comments?post=34027"}],"version-history":[{"count":0,"href":"https:\/\/enolife.com.ar\/es\/wp-json\/wp\/v2\/posts\/34027\/revisions"}],"wp:featuredmedia":[{"embeddable":true,"href":"https:\/\/enolife.com.ar\/es\/wp-json\/wp\/v2\/media\/34136"}],"wp:attachment":[{"href":"https:\/\/enolife.com.ar\/es\/wp-json\/wp\/v2\/media?parent=34027"}],"wp:term":[{"taxonomy":"category","embeddable":true,"href":"https:\/\/enolife.com.ar\/es\/wp-json\/wp\/v2\/categories?post=34027"},{"taxonomy":"post_tag","embeddable":true,"href":"https:\/\/enolife.com.ar\/es\/wp-json\/wp\/v2\/tags?post=34027"}],"curies":[{"name":"wp","href":"https:\/\/api.w.org\/{rel}","templated":true}]}}