{"id":33849,"date":"2021-04-14T14:15:24","date_gmt":"2021-04-14T14:15:24","guid":{"rendered":"http:\/\/enolife.com.ar\/es\/?p=33849"},"modified":"2021-04-15T15:22:05","modified_gmt":"2021-04-15T15:22:05","slug":"hoy-14-4-se-festeja-por-primera-vez-en-mendoza-el-dia-del-periodista-vitivinicola-por-oscar-pinco","status":"publish","type":"post","link":"https:\/\/enolife.com.ar\/es\/hoy-14-4-se-festeja-por-primera-vez-en-mendoza-el-dia-del-periodista-vitivinicola-por-oscar-pinco\/","title":{"rendered":"Hoy 14\/4 se festeja por primera vez en Mendoza el D\u00eda del Periodista Vitivin\u00edcola. Por Oscar Pinco"},"content":{"rendered":"\n<h4 class=\"wp-block-heading\"><em><strong>Es en recuerdo y homenaje a Gabriel Bustos Herrera, quien marcara el camino e hiciera importantes aportes en esta especialidad period\u00edstica. El D\u00eda fue instituido por la Legislatura de Mendoza e impulsado en forma conjunta por el senador Bartolom\u00e9 \u00abBarto\u00bb Robles (PJ) y el periodista Oscar Pinco (T\u00e9lam, Capevi, Pasi\u00f3n por el Vino), quien nos arrim\u00f3 esta nota sobre el origen del festejo, la que aqu\u00ed reproducimos. <\/strong><\/em><\/h4>\n\n\n\n<div style=\"height:38px\" aria-hidden=\"true\" class=\"wp-block-spacer\"><\/div>\n\n\n\n\n\n<div style=\"height:80px\" aria-hidden=\"true\" class=\"wp-block-spacer\"><\/div>\n\n\n\n<div class=\"wp-block-image\"><figure class=\"alignleft size-large is-resized\"><img loading=\"lazy\" decoding=\"async\" src=\"https:\/\/enolife.com.ar\/es\/wp-content\/uploads\/2021\/04\/image-1.jpeg\" alt=\"Acerca de Oscar Pinco \u2013 Pasi\u00f3n por el Vino\" class=\"wp-image-33860\" width=\"159\" height=\"212\"\/><figcaption><strong><em>Oscar Pinco<\/em><\/strong><\/figcaption><\/figure><\/div>\n\n\n\n<p>Hoy, 14\/4, se festeja por primera vez el \u00abD\u00eda del Periodista Vitivin\u00edcola\u00bb, despu\u00e9s de que la Legislatura provincial sancionara en diciembre del a\u00f1o pasado la Ley 9282, en cuya redacci\u00f3n colabor\u00f3 activamente el <strong>C\u00edrculo Argentino de Periodistas y Escritores Vitivin\u00edcolas (Capevi)<\/strong>.<\/p>\n\n\n\n<p><strong>Mendoza<\/strong> se convierte as\u00ed en la primera regi\u00f3n vitivin\u00edcola del mundo en crear un d\u00eda espec\u00edfico con fuerza de ley en reconocimiento a los periodistas, comunicadores y escritores del vino, y as\u00ed lo destac\u00f3 la Federation Internationale des Journalistes et Ecrivains des Vins et Spiritueux (Fijev) seg\u00fan su siglas en franc\u00e9s).<\/p>\n\n\n\n<p>En ese sentido, desde la Fijev confirmaron que esta Ley es algo sin precedentes a nivel mundial. <\/p>\n\n\n\n<p>La norma fue impulsada en la C\u00e1mara alta por el senador provincial <strong>Bartolom\u00e9 Robles<\/strong> (PJ), representante de San Mart\u00edn y fuerte impulsor del varietal Bonarda Argentina (segunda cepa tinta de la Argentina detr\u00e1s del Malbec). En Senadores obtuvo 34 votos positivos y cont\u00f3 con el apoyo del senador radical Juan Carlos Jaliff, tras lo cual fue girada a la C\u00e1mara de Diputados.<\/p>\n\n\n\n<p>Una vez en la C\u00e1mara baja, se le dio sanci\u00f3n definitiva el 3 de diciembre de 2020, con el impulso del jefe de la bancada justicialista, <strong>Germ\u00e1n G\u00f3mez<\/strong>, y con el apoyo de la radical <strong>Daniela Garc\u00eda<\/strong>.<\/p>\n\n\n\n<p>Se eligi\u00f3 el 14 de abril para su conmemoraci\u00f3n ya que ese d\u00eda, en 2012, falleci\u00f3 el reconocido periodista mendocino, especializado en vitivinicultura, <strong>Gabriel Bustos Herrera<\/strong>, quien entre otros lauros recibi\u00f3 en 2002 el Premio Nacional de la Asociaci\u00f3n de Entidades Period\u00edsticas de la Rep\u00fablica Argentina (Adepa), en la especialidad \u00abEconom\u00eda Pol\u00edtica\u00bb.<\/p>\n\n\n\n<p>En 2011 Bustos Herrera recibi\u00f3 el \u00abPremio a la Trayectoria\u00bb por parte del Capevi, distinci\u00f3n que entregan los periodistas vitivin\u00edcolas a uno de sus pares, rescatando los valores de un periodista de dilatada trayectoria, que a lo largo de su extensa carrera le brind\u00f3 un importante aporte a la comunicaci\u00f3n del sector vitivin\u00edcola y a la cultura del vino en general.<\/p>\n\n\n\n<p>Conseguir que quede instituido el \u00abD\u00eda del Periodista Vitivin\u00edcola\u00bb, y con fuerza de Ley, es un anhelo que ven\u00edan persiguiendo desde hace varios a\u00f1os los periodistas especializados, informaron desde Capevi, y en ese sentido no hay en ninguna parte del mundo una norma de este calibre que reconozca a los comunicadores del vino. Y eso enaltece a Mendoza, no s\u00f3lo a los periodistas y escritores vitivin\u00edcolas sino al sector en general.<\/p>\n\n\n\n<div class=\"wp-block-image\"><figure class=\"alignleft is-resized\"><img loading=\"lazy\" decoding=\"async\" src=\"https:\/\/pbs.twimg.com\/profile_images\/1273356449138294790\/XhofLJRA_400x400.jpg\" alt=\"Bartolom\u00e9 Robles BARTO (@bartolomerobles) | Twitter\" width=\"158\" height=\"158\"\/><figcaption><strong>Bartolom\u00e9 Robles<\/strong><\/figcaption><\/figure><\/div>\n\n\n\n<p>El senador Bartolom\u00e9 Robles, impulsor de esta norma, asegur\u00f3: \u00abSancionar esta Ley apunt\u00f3 a dar el reconocimiento a la labor de los periodistas especializados, y jerarquiza esta noble tarea que ejercen con total profesionalismo. La elecci\u00f3n de esta fecha (14 de abril) tiene relaci\u00f3n directa con el d\u00eda en que falleci\u00f3 un reconocido periodista como Gabriel Bustos Herrera, y es una manera de rendirle tributo a este gran profesional\u00bb.<\/p>\n\n\n\n<p>Finalmente, Robles a\u00f1adi\u00f3: \u00abTres d\u00edas despu\u00e9s se celebra el D\u00eda del Malbec, todos los 17 de abril, por lo tanto el D\u00eda del Periodista Vitivin\u00edcola puede instalar el comienzo de una semana llena de festejos y acciones\u00bb.<\/p>\n","protected":false},"excerpt":{"rendered":"<p>Es en recuerdo y homenaje a Gabriel Bustos Herrera, quien marcara el camino e hiciera&hellip;<\/p>\n","protected":false},"author":3,"featured_media":33867,"comment_status":"open","ping_status":"open","sticky":false,"template":"","format":"standard","meta":{"footnotes":""},"categories":[12],"tags":[],"class_list":["post-33849","post","type-post","status-publish","format-standard","has-post-thumbnail","hentry","category-opinion"],"_links":{"self":[{"href":"https:\/\/enolife.com.ar\/es\/wp-json\/wp\/v2\/posts\/33849","targetHints":{"allow":["GET"]}}],"collection":[{"href":"https:\/\/enolife.com.ar\/es\/wp-json\/wp\/v2\/posts"}],"about":[{"href":"https:\/\/enolife.com.ar\/es\/wp-json\/wp\/v2\/types\/post"}],"author":[{"embeddable":true,"href":"https:\/\/enolife.com.ar\/es\/wp-json\/wp\/v2\/users\/3"}],"replies":[{"embeddable":true,"href":"https:\/\/enolife.com.ar\/es\/wp-json\/wp\/v2\/comments?post=33849"}],"version-history":[{"count":0,"href":"https:\/\/enolife.com.ar\/es\/wp-json\/wp\/v2\/posts\/33849\/revisions"}],"wp:featuredmedia":[{"embeddable":true,"href":"https:\/\/enolife.com.ar\/es\/wp-json\/wp\/v2\/media\/33867"}],"wp:attachment":[{"href":"https:\/\/enolife.com.ar\/es\/wp-json\/wp\/v2\/media?parent=33849"}],"wp:term":[{"taxonomy":"category","embeddable":true,"href":"https:\/\/enolife.com.ar\/es\/wp-json\/wp\/v2\/categories?post=33849"},{"taxonomy":"post_tag","embeddable":true,"href":"https:\/\/enolife.com.ar\/es\/wp-json\/wp\/v2\/tags?post=33849"}],"curies":[{"name":"wp","href":"https:\/\/api.w.org\/{rel}","templated":true}]}}