{"id":33571,"date":"2021-04-11T14:02:18","date_gmt":"2021-04-11T14:02:18","guid":{"rendered":"http:\/\/enolife.com.ar\/es\/?p=33571"},"modified":"2021-07-04T00:39:41","modified_gmt":"2021-07-04T00:39:41","slug":"en-la-semana-del-malbec-la-enoteca-invita-a-degustar-la-versatilidad-de-este-varietal","status":"publish","type":"post","link":"https:\/\/enolife.com.ar\/es\/en-la-semana-del-malbec-la-enoteca-invita-a-degustar-la-versatilidad-de-este-varietal\/","title":{"rendered":"En la Semana del Malbec, La Enoteca invita a degustar la versatilidad de este varietal"},"content":{"rendered":"\n<h4 class=\"wp-block-heading\"><em><strong>Desde ma\u00f1ana lunes 12\/4 al 16\/4, el Fondo Vitivin\u00edcola invita a festejar la Semana del Malbec en La Enoteca del Parque C\u00edvico de Mendoza. Habr\u00e1 diferentes propuestas cada d\u00eda para&nbsp;disfrutar la cepa emblema de Mendoza a trav\u00e9s de su&nbsp;historia, complejidad,&nbsp;maridajes y cultura. El costo de las entradas va de $300 a $600 por persona y permite acceder a degustaciones de malbecs especiales, de diferentes terroirs de la Patagonia y el Noroeste argentino, maridados con quesos. Adem\u00e1s, a partir del martes 13\/4, a las 11 hs, se podr\u00e1 disfrutar gratuitamente el nuevo \u00abEspacio Malbec\u00bb dentro del Centro Tem\u00e1tico del Vino.<\/strong><\/em><\/h4>\n\n\n\n<div style=\"height:20px\" aria-hidden=\"true\" class=\"wp-block-spacer\"><\/div>\n\n\n\n\n\n<div style=\"height:73px\" aria-hidden=\"true\" class=\"wp-block-spacer\"><\/div>\n\n\n\n<p>Para celebrar la Semana del Malbec, el Fondo Vitivin\u00edcola propone degustaciones durante 4 d\u00edas en el Centro Tem\u00e1tico del Vino \u00abLa Enoteca\u00bb, en calle Peltier 611 de la Ciudad de Mendoza. A continuaci\u00f3n detallamos la agenda:<\/p>\n\n\n\n<div style=\"height:42px\" aria-hidden=\"true\" class=\"wp-block-spacer\"><\/div>\n\n\n\n<p class=\"has-medium-font-size\"><strong>Lunes 12 de 20 a 22 hs:&nbsp;Degustaci\u00f3n de Malbec Especiales<\/strong><\/p>\n\n\n\n<p>El malbec es un varietal muy vers\u00e1til y en esta actividad conoceremos un poco m\u00e1s de todo lo que puede dar. <\/p>\n\n\n\n<p>Desgustaci\u00f3n de un blanco de malbec de Maal Wines, un tinto con maceraci\u00f3n carb\u00f3nica de Vinyes Ocults, un malbec biodin\u00e1mico de Chakana Wines y un espumante de malbec de la Bodega Foster para realizar un recorrido ideal para curiosos.  Guiado por el sommelier Andr\u00e9s Lafarge. <\/p>\n\n\n\n<p><strong>Entradas&nbsp;<a href=\"https:\/\/elvinonosune.us15.list-manage.com\/track\/click?u=893404577f149ca331e36a99b&amp;id=c88afd446f&amp;e=c8feb6be5f\" target=\"_blank\" rel=\"noreferrer noopener\">aqu\u00ed<\/a><\/strong> <strong>(Agotadas)<\/strong><\/p>\n\n\n\n<hr class=\"wp-block-separator\"\/>\n\n\n\n<div style=\"height:20px\" aria-hidden=\"true\" class=\"wp-block-spacer\"><\/div>\n\n\n\n<p class=\"has-medium-font-size\"><strong>Martes 13 de 20 a 22<\/strong> <strong>hs<\/strong>:&nbsp;<strong>Degustaci\u00f3n de Malbec de la Patagonia<\/strong><\/p>\n\n\n\n<p>Los vinos de la Patagonia llegan a La Enoteca de la mano de Bodegas Miras, Wapisa Wines, Familia Schroeder y Alfredo Roca. <\/p>\n\n\n\n<p>Guiado por la sommelier Romina Rol\u00f3n. <\/p>\n\n\n\n<p><strong>Entradas <a href=\"https:\/\/www.eventbrite.com.ar\/e\/degustacion-de-malbec-de-la-patagonia-tickets-148916143193\">aqu\u00ed<\/a><\/strong><\/p>\n\n\n\n<hr class=\"wp-block-separator\"\/>\n\n\n\n<div style=\"height:20px\" aria-hidden=\"true\" class=\"wp-block-spacer\"><\/div>\n\n\n\n<p class=\"has-medium-font-size\"><strong>Jueves 15 de 20 a 22 hs: Encuentro especial Malbec y Queso<\/strong><\/p>\n\n\n\n<p>Vino y queso son una pareja ideal. Conceptos b\u00e1sicos de quesos, tipos y estilos de quesos y vinos, maridaje ser\u00e1n algunos de los momentos que tendr\u00e1 este encuentro que ya se convirti\u00f3 en un cl\u00e1sico.&nbsp;Un recorrido de puro placer que se pondr\u00e1 en pr\u00e1ctica con el maridaje de 4 quesos con 4 vinos,&nbsp;acompa\u00f1ados de otras delicias que sorprender\u00e1n al paladar.&nbsp;<\/p>\n\n\n\n<p>Participan las bodegas: Maal Wines, Foster, Weinert y Estancia Mendoza. Guiado por la sommelier B\u00e1rbara Jones. <\/p>\n\n\n\n<p><strong>Entradas <a href=\"https:\/\/elvinonosune.us15.list-manage.com\/track\/click?u=893404577f149ca331e36a99b&amp;id=7cfda62254&amp;e=c8feb6be5f\" target=\"_blank\" rel=\"noreferrer noopener\">aqu\u00ed<\/a><\/strong><\/p>\n\n\n\n<hr class=\"wp-block-separator\"\/>\n\n\n\n<div style=\"height:20px\" aria-hidden=\"true\" class=\"wp-block-spacer\"><\/div>\n\n\n\n<p class=\"has-medium-font-size\"><strong>Viernes 16 de 20 a 22 hs:&nbsp;Degustaci\u00f3n de Malbec del Noroeste<\/strong><\/p>\n\n\n\n<p>Un recorrido por el noroeste para descubrir las caracter\u00edsticas que desarroll\u00f3 el varietal emblem\u00e1tico en provincias como Salta, Tucum\u00e1n y La Rioja. <\/p>\n\n\n\n<p>Degustaciones vinos de Vallisto, Estancia Los Cardones, Bodega Valle de la Puerta, Las Arcas de Tolomb\u00f3n y Cooperativa La Riojana a cargo de la en\u00f3loga Ana Puelles. <\/p>\n\n\n\n<p><strong>Entradas&nbsp;<a href=\"https:\/\/elvinonosune.us15.list-manage.com\/track\/click?u=893404577f149ca331e36a99b&amp;id=3e3890e271&amp;e=c8feb6be5f\" target=\"_blank\" rel=\"noreferrer noopener\">aqu\u00ed<\/a><\/strong><\/p>\n\n\n\n<hr class=\"wp-block-separator\"\/>\n\n\n\n<div style=\"height:20px\" aria-hidden=\"true\" class=\"wp-block-spacer\"><\/div>\n\n\n\n<p class=\"has-text-align-center has-medium-font-size\"><strong>Inauguraci\u00f3n del Espacio Malbec en La Enoteca<\/strong><\/p>\n\n\n\n<p>A partir de&nbsp;martes 13&nbsp;de abril desde las 11 de la ma\u00f1ana se podr\u00e1 disfrutar en el Centro Tem\u00e1tico del Vino de un espacio dedicado a nuestro varietal emblema. El&nbsp;<strong><em>Espacio Malbec<\/em><\/strong>&nbsp;constar\u00e1 de proyecciones audiovisuales y un recorrido por las aristas principales del varietal.<br>Todos los mendocinos que deseen visitar la sala tem\u00e1tica lo podr\u00e1n hacer de forma <strong>gratuita con reserva previa a&nbsp;<a href=\"mailto:visitas@laenoteca.com.ar\">visitas@laenoteca.com.ar<\/a>.<\/strong><\/p>\n\n\n\n<div style=\"height:50px\" aria-hidden=\"true\" class=\"wp-block-spacer\"><\/div>\n","protected":false},"excerpt":{"rendered":"<p>Desde ma\u00f1ana lunes 12\/4 al 16\/4, el Fondo Vitivin\u00edcola invita a festejar la Semana del&hellip;<\/p>\n","protected":false},"author":3,"featured_media":33591,"comment_status":"open","ping_status":"open","sticky":false,"template":"","format":"standard","meta":{"footnotes":""},"categories":[47],"tags":[],"class_list":["post-33571","post","type-post","status-publish","format-standard","has-post-thumbnail","hentry","category-agenda"],"_links":{"self":[{"href":"https:\/\/enolife.com.ar\/es\/wp-json\/wp\/v2\/posts\/33571","targetHints":{"allow":["GET"]}}],"collection":[{"href":"https:\/\/enolife.com.ar\/es\/wp-json\/wp\/v2\/posts"}],"about":[{"href":"https:\/\/enolife.com.ar\/es\/wp-json\/wp\/v2\/types\/post"}],"author":[{"embeddable":true,"href":"https:\/\/enolife.com.ar\/es\/wp-json\/wp\/v2\/users\/3"}],"replies":[{"embeddable":true,"href":"https:\/\/enolife.com.ar\/es\/wp-json\/wp\/v2\/comments?post=33571"}],"version-history":[{"count":0,"href":"https:\/\/enolife.com.ar\/es\/wp-json\/wp\/v2\/posts\/33571\/revisions"}],"wp:featuredmedia":[{"embeddable":true,"href":"https:\/\/enolife.com.ar\/es\/wp-json\/wp\/v2\/media\/33591"}],"wp:attachment":[{"href":"https:\/\/enolife.com.ar\/es\/wp-json\/wp\/v2\/media?parent=33571"}],"wp:term":[{"taxonomy":"category","embeddable":true,"href":"https:\/\/enolife.com.ar\/es\/wp-json\/wp\/v2\/categories?post=33571"},{"taxonomy":"post_tag","embeddable":true,"href":"https:\/\/enolife.com.ar\/es\/wp-json\/wp\/v2\/tags?post=33571"}],"curies":[{"name":"wp","href":"https:\/\/api.w.org\/{rel}","templated":true}]}}