{"id":33435,"date":"2021-04-10T02:03:12","date_gmt":"2021-04-10T02:03:12","guid":{"rendered":"http:\/\/enolife.com.ar\/es\/?p=33435"},"modified":"2021-04-12T13:42:03","modified_gmt":"2021-04-12T13:42:03","slug":"la-oiv-dara-su-balance-anual-y-diagnostico-de-la-vitivinicultura-el-20-4-por-zoom-y-youtube","status":"publish","type":"post","link":"https:\/\/enolife.com.ar\/es\/la-oiv-dara-su-balance-anual-y-diagnostico-de-la-vitivinicultura-el-20-4-por-zoom-y-youtube\/","title":{"rendered":"La OIV dar\u00e1 su balance anual y diagn\u00f3stico de la vitivinicultura, el 20\/4 por Zoom y YouTube"},"content":{"rendered":"\n<h4 class=\"wp-block-heading\"><em><strong>Como cada a\u00f1o para esta \u00e9poca, Pau Roca, director de la Organizaci\u00f3n Internacional de la Vi\u00f1a y el Vino (OIV), divulgar\u00e1 el informe sobre la vitivinicultura global en el \u00faltimo a\u00f1o, as\u00ed como las estimaciones sobre cosecha total en todo el mundo para 2021, las tendencias en el comercio internacional y los renovados desaf\u00edos del sector por los obst\u00e1culos que plantea la pandemia. Cualquiera puede inscribirse y ver la conferencia de prensa, y los periodistas acreditados hacer preguntas.<\/strong><\/em>  <\/h4>\n\n\n\n<div style=\"height:29px\" aria-hidden=\"true\" class=\"wp-block-spacer\"><\/div>\n\n\n<a href=\"https:\/\/ar.verallia.com\/\" aria-label=\"VERALLIA 1700 x 500\"><img loading=\"lazy\" decoding=\"async\" src=\"https:\/\/enolife.com.ar\/es\/wp-content\/uploads\/2021\/04\/VERALLIA-1700-x-500.jpg\" alt=\"\"  srcset=\"https:\/\/enolife.com.ar\/es\/wp-content\/uploads\/2021\/04\/VERALLIA-1700-x-500.jpg 1700w, https:\/\/enolife.com.ar\/es\/wp-content\/uploads\/2021\/04\/VERALLIA-1700-x-500-300x88.jpg 300w, https:\/\/enolife.com.ar\/es\/wp-content\/uploads\/2021\/04\/VERALLIA-1700-x-500-1024x301.jpg 1024w, https:\/\/enolife.com.ar\/es\/wp-content\/uploads\/2021\/04\/VERALLIA-1700-x-500-768x226.jpg 768w, https:\/\/enolife.com.ar\/es\/wp-content\/uploads\/2021\/04\/VERALLIA-1700-x-500-1536x452.jpg 1536w, https:\/\/enolife.com.ar\/es\/wp-content\/uploads\/2021\/04\/VERALLIA-1700-x-500-1170x344.jpg 1170w, https:\/\/enolife.com.ar\/es\/wp-content\/uploads\/2021\/04\/VERALLIA-1700-x-500-585x172.jpg 585w\" sizes=\"auto, (max-width: 1700px) 100vw, 1700px\" width=\"1700\" height=\"500\"   \/><\/a>\n\n\n<div style=\"height:61px\" aria-hidden=\"true\" class=\"wp-block-spacer\"><\/div>\n\n\n\n<p>El pr\u00f3ximo martes 20\/4 a las 11 horas de Argentina, desde Par\u00eds, Francia, el director general de la Organizaci\u00f3n Internacional de la Vi\u00f1a y el Vino (OIV), Pau Roca, dar\u00e1 la conferencia de prensa anual en la cual revisar\u00e1 la situaci\u00f3n actual del sector vitivin\u00edcola a nivel mundial. <\/p>\n\n\n\n<p>La lectura y an\u00e1lisis del documento podr\u00e1 verse en directo a trav\u00e9s de la plataforma Zoom y tambi\u00e9n se podr\u00e1 seguir por YouTube Live streaming,  con traducci\u00f3n simult\u00e1nea al ingl\u00e9s, franc\u00e9s, espa\u00f1ol. <\/p>\n\n\n\n<div style=\"height:20px\" aria-hidden=\"true\" class=\"wp-block-spacer\"><\/div>\n\n\n\n<div class=\"wp-block-image\"><figure class=\"alignleft is-resized\"><img loading=\"lazy\" decoding=\"async\" src=\"https:\/\/pbs.twimg.com\/media\/EyhwpzXWQAAsPF2?format=jpg&amp;name=small\" alt=\"Imagen\" width=\"474\" height=\"265\"\/><\/figure><\/div>\n\n\n\n<p class=\"has-background has-very-light-gray-background-color\"><strong>Fecha:<\/strong>&nbsp;martes 20 de abril de 2021<br><strong>Hora:<\/strong>&nbsp;15.00 h (CET) &#8211; 11 hs de Argentina<br><strong>Plataforma:&nbsp;<a href=\"https:\/\/zoom.us\/webinar\/register\/WN_J5_g7IRmS9i8nX54qNAPJg\" target=\"_blank\" rel=\"noreferrer noopener\">Zoom<\/a>,&nbsp;<a href=\"https:\/\/youtu.be\/RK823pMfd00\" target=\"_blank\" rel=\"noreferrer noopener\">YouTube live streaming<\/a><\/strong><a href=\"https:\/\/youtu.be\/RK823pMfd00\" target=\"_blank\" rel=\"noreferrer noopener\"><br><\/a><strong>Idiomas:<\/strong>&nbsp;Ingl\u00e9s, franc\u00e9s y espa\u00f1ol<br>Para asistir <strong>registrarse <\/strong>con su nombre y sus datos profesionales<strong>&nbsp;<a href=\"https:\/\/zoom.us\/webinar\/register\/WN_J5_g7IRmS9i8nX54qNAPJg\">aqu\u00ed<\/a>.<\/strong><\/p>\n\n\n\n<div style=\"height:20px\" aria-hidden=\"true\" class=\"wp-block-spacer\"><\/div>\n\n\n\n<p>Quienes quieran interiorizarse sobre el tema, comparando la situaci\u00f3n actual con la de hace un a\u00f1o atr\u00e1s, pueden repasar el informe completo de 2020 publicado el 24\/4\/20 por <strong>Enolife<\/strong>, en el que Roca alert\u00f3 sobre las dificultades que llegaban con la pandemia y pron\u00f3stico cifras de cosecha y comercio mundial, las que estuvieron muy cerca de la realidad posterior hasta el presente.<\/p>\n\n\n\n<p class=\"has-background has-very-light-gray-background-color\"><strong>Resumen conclusiones conferencia de prensa 2020:  <a href=\"https:\/\/enolife.com.ar\/es\/sin-gastronomia-ni-hoteleria-la-venta-de-vino-en-europa-caera-un-50-en-valor-y-35-en-volumen\/\">\u00abSin gastronom\u00eda ni hoteler\u00eda, la venta de vino en Europa caer\u00e1 un 50% en valor y 35% en volumen\u00bb<\/a><\/strong><\/p>\n\n\n\n<div style=\"height:20px\" aria-hidden=\"true\" class=\"wp-block-spacer\"><\/div>\n","protected":false},"excerpt":{"rendered":"<p>Como cada a\u00f1o para esta \u00e9poca, Pau Roca, director de la Organizaci\u00f3n Internacional de la&hellip;<\/p>\n","protected":false},"author":3,"featured_media":33486,"comment_status":"open","ping_status":"open","sticky":false,"template":"","format":"standard","meta":{"footnotes":""},"categories":[47],"tags":[],"class_list":["post-33435","post","type-post","status-publish","format-standard","has-post-thumbnail","hentry","category-agenda"],"_links":{"self":[{"href":"https:\/\/enolife.com.ar\/es\/wp-json\/wp\/v2\/posts\/33435","targetHints":{"allow":["GET"]}}],"collection":[{"href":"https:\/\/enolife.com.ar\/es\/wp-json\/wp\/v2\/posts"}],"about":[{"href":"https:\/\/enolife.com.ar\/es\/wp-json\/wp\/v2\/types\/post"}],"author":[{"embeddable":true,"href":"https:\/\/enolife.com.ar\/es\/wp-json\/wp\/v2\/users\/3"}],"replies":[{"embeddable":true,"href":"https:\/\/enolife.com.ar\/es\/wp-json\/wp\/v2\/comments?post=33435"}],"version-history":[{"count":0,"href":"https:\/\/enolife.com.ar\/es\/wp-json\/wp\/v2\/posts\/33435\/revisions"}],"wp:featuredmedia":[{"embeddable":true,"href":"https:\/\/enolife.com.ar\/es\/wp-json\/wp\/v2\/media\/33486"}],"wp:attachment":[{"href":"https:\/\/enolife.com.ar\/es\/wp-json\/wp\/v2\/media?parent=33435"}],"wp:term":[{"taxonomy":"category","embeddable":true,"href":"https:\/\/enolife.com.ar\/es\/wp-json\/wp\/v2\/categories?post=33435"},{"taxonomy":"post_tag","embeddable":true,"href":"https:\/\/enolife.com.ar\/es\/wp-json\/wp\/v2\/tags?post=33435"}],"curies":[{"name":"wp","href":"https:\/\/api.w.org\/{rel}","templated":true}]}}