{"id":3323,"date":"2019-09-21T00:35:13","date_gmt":"2019-09-21T00:35:13","guid":{"rendered":"http:\/\/enolife.com.ar\/es\/?p=3323"},"modified":"2019-09-23T15:23:20","modified_gmt":"2019-09-23T15:23:20","slug":"jose-luis-ramon-quiero-un-sistema-cooperativo-donde-puedan-ingresar-todos-los-productores","status":"publish","type":"post","link":"https:\/\/enolife.com.ar\/es\/jose-luis-ramon-quiero-un-sistema-cooperativo-donde-puedan-ingresar-todos-los-productores\/","title":{"rendered":"Jos\u00e9 Luis Ram\u00f3n: \u00abQuiero un sistema cooperativo donde puedan ingresar todos los productores\u00bb"},"content":{"rendered":"\n<h4 class=\"wp-block-heading\"><em><strong>En la continuidad de las reuniones entre la Asociaci\u00f3n de Cooperativas Vitivin\u00edcolas de Argentina (Acovi) y los candidatos a gobernador de Mendoza, el viernes 20\/9 fue el turno del postulante por Protectora. D\u00edas atr\u00e1s, los dirigentes cooperativistas hab\u00edan dialogado con Rody Su\u00e1rez (UCR\/Cambiemos) y Anabel Fern\u00e1ndez Sagasti (Peronismo, Frente Eleg\u00ed Mendoza). <\/strong><\/em><\/h4>\n\n\n\n<hr class=\"wp-block-separator\"\/>\n\n\n\n<h4 class=\"wp-block-heading\"><em><strong>Ram\u00f3n dijo que en caso de ser elegido impulsar\u00e1 ampliar las cooperativas con m\u00e1s productores asociados; mantener la matriz productiva de Mendoza con el vino a la cabeza y cuidar m\u00e1s el agua.<\/strong><\/em><\/h4>\n\n\n\n<div style=\"height:20px\" aria-hidden=\"true\" class=\"wp-block-spacer\"><\/div>\n\n\n\n<div style=\"height:20px\" aria-hidden=\"true\" class=\"wp-block-spacer\"><\/div>\n\n\n\n<p>El viernes 20\/9, el candidato a gobernador Jos\u00e9 Luis Ram\u00f3n (Protectora), mantuvo una reuni\u00f3n con dirigentes de la Asociaci\u00f3n de Cooperativas Vitivin\u00edcolas (Acovi).<\/p>\n\n\n\n<div style=\"height:20px\" aria-hidden=\"true\" class=\"wp-block-spacer\"><\/div>\n\n\n\n<p class=\"has-background has-luminous-vivid-amber-background-color\">Los referentes de Acovi, por su parte, entregaron a Ram\u00f3n el mismo documento con propuestas y pedidos que previamente hab\u00edan compartido con Su\u00e1rez y Sagasti. All\u00ed les plantean a los pol\u00edticos 3 ejes principales: <br><br>*La necesidad del sector de llegar a los mercados externos.<br><br>*Mejorar el uso del agua.<br><br>*Paliar el \u00e9xodo rural con una mayor participaci\u00f3n del gobierno con pol\u00edticas que favorezcan el arraigo. <\/p>\n\n\n\n<div style=\"height:29px\" aria-hidden=\"true\" class=\"wp-block-spacer\"><\/div>\n\n\n\n<div style=\"height:20px\" aria-hidden=\"true\" class=\"wp-block-spacer\"><\/div>\n\n\n\n<p>Jos\u00e9 Luis Ram\u00f3n explic\u00f3 que su idea es que el sector privado pueda crecer al igual que las pymes de la provincia. \u201cQuiero desarrollar un sistema cooperativo y de asociativismo donde puedan ingresar todos los productores\u201d, destac\u00f3. <\/p>\n\n\n\n<div style=\"height:20px\" aria-hidden=\"true\" class=\"wp-block-spacer\"><\/div>\n\n\n\n<p class=\"has-background has-very-light-gray-background-color\">Hace ya un mes, el 23 de julio, en entrevista exclusiva con Enolife con motivo de la visita a Mendoza del candidato a presidente Roberto Lavagna, Ram\u00f3n hab\u00eda adelantado sus propuestas para el sector vitivin\u00edcola, resumi\u00e9ndolas en un plan de tres puntos: 1) impulsar la creaci\u00f3n de m\u00e1s federaciones de cooperativas; 2) potenciar la tradicional matriz productiva de Mendoza, con el vino a la cabeza y 3) proteger el agua como bien fundamental y cambiar algunas pol\u00edticas de Irrigaci\u00f3n, como por ejemplo que su titular sea elegido por los regantes y no por los principales partidos.<\/p>\n\n\n\n<div style=\"height:20px\" aria-hidden=\"true\" class=\"wp-block-spacer\"><\/div>\n\n\n\n<p>Eduardo Sancho, el titular de Coviar, dijo a su turno que con el candidato Ram\u00f3n tienen muchos en puntos en com\u00fan, y que \u00absiempre es placentero poder hablar\u00bb de los requerimientos del sector con cada candidatos. \u201cEl sistema cooperativo tiene que ser mucho m\u00e1s apoyado por el Estado para que haya un equilibro dentro del modelo neoliberal, una pol\u00ectica que ayude al peque\u00f1o productor a desarrollarse\u201d, resalt\u00f3 Sancho. <\/p>\n\n\n\n<div style=\"height:20px\" aria-hidden=\"true\" class=\"wp-block-spacer\"><\/div>\n\n\n\n<div class=\"wp-block-image\"><figure class=\"aligncenter\"><img decoding=\"async\" src=\"http:\/\/www.acovi.com.ar\/principal\/wp-content\/uploads\/2019\/09\/Ramon-acovi-1-1024x682.jpeg\" alt=\"\"\/><figcaption><strong><em>Jos\u00e9 Luis Ram\u00f3n (2o. desde la izq.) junto a Eduardo Sancho (der.) y dirigentes cooperativistas.<\/em><\/strong><\/figcaption><\/figure><\/div>\n\n\n\n<div style=\"height:20px\" aria-hidden=\"true\" class=\"wp-block-spacer\"><\/div>\n\n\n\n<p>Sobre la idea de Ram\u00f3n de ampliar con m\u00e1s productores las federaciones de cooperativas vitivin\u00edcolas, Sancho coment\u00f3 que \u00abes un proyecto importante\u00bb y que le interesa \u201cmuch\u00edsimo\u201d el plan, para que as\u00ed puedan trabajar a\u00fan m\u00e1s en conjunto defendiendo los intereses de los productores. <\/p>\n\n\n\n<p>\u201cA veces a Fecovita le cuesta competir con las grandes empresas, que no tienen el inter\u00e9s de favorecer a los productores, para que \u00e9stos puedan ir creciendo todos los d\u00edas\u201d, concluy\u00f3 Sancho.<\/p>\n\n\n\n<div style=\"height:20px\" aria-hidden=\"true\" class=\"wp-block-spacer\"><\/div>\n\n\n\n<figure class=\"wp-block-embed-twitter wp-block-embed is-type-rich is-provider-twitter\"><div class=\"wp-block-embed__wrapper\">\n<blockquote class=\"twitter-tweet\" data-width=\"550\" data-dnt=\"true\"><p lang=\"es\" dir=\"ltr\">Se les entreg\u00f3 un Documento que tiene tres ejes: llegar a los mercados externos, mejorar el uso del agua y paliar el \u00e9xodo rural con la expectativa de que con responsabilidad   el ganador de la elecci\u00f3n lo ponga en pr\u00e1ctica. <a href=\"https:\/\/twitter.com\/JoseLuisRamonOk?ref_src=twsrc%5Etfw\">@JoseLuisRamonOk<\/a> <a href=\"https:\/\/t.co\/Tz9sBJOp7g\">pic.twitter.com\/Tz9sBJOp7g<\/a><\/p>&mdash; ACOVI (@ACOVI_) <a href=\"https:\/\/twitter.com\/ACOVI_\/status\/1175048182784503811?ref_src=twsrc%5Etfw\">September 20, 2019<\/a><\/blockquote><script async src=\"https:\/\/platform.twitter.com\/widgets.js\" charset=\"utf-8\"><\/script>\n<\/div><\/figure>\n\n\n\n<p class=\"has-background has-medium-font-size has-very-light-gray-background-color\"><strong>Audios de las entrevistas a Eduardo Sancho y Jos\u00e9 Luis Ram\u00f3n<\/strong>:<\/p>\n\n\n\n<figure class=\"wp-block-embed-wordpress wp-block-embed is-type-wp-embed is-provider-enolife\"><div class=\"wp-block-embed__wrapper\">\n<blockquote class=\"wp-embedded-content\" data-secret=\"Q4Nnf8XWSm\"><a href=\"https:\/\/enolife.com.ar\/es\/eduardo-sancho-7\/\">Eduardo Sancho<\/a><\/blockquote><iframe loading=\"lazy\" title=\"&#171;Eduardo Sancho&#187; &#8212; ENOLIFE\" class=\"wp-embedded-content\" sandbox=\"allow-scripts\" security=\"restricted\" style=\"position: absolute; clip: rect(1px, 1px, 1px, 1px);\" src=\"https:\/\/enolife.com.ar\/es\/eduardo-sancho-7\/embed\/#?secret=Q4Nnf8XWSm\" data-secret=\"Q4Nnf8XWSm\" width=\"600\" height=\"338\" frameborder=\"0\" marginwidth=\"0\" marginheight=\"0\" scrolling=\"no\"><\/iframe>\n<\/div><\/figure>\n\n\n\n<figure class=\"wp-block-embed-wordpress wp-block-embed is-type-wp-embed is-provider-enolife\"><div class=\"wp-block-embed__wrapper\">\n<blockquote class=\"wp-embedded-content\" data-secret=\"FOoMDaWkY3\"><a href=\"https:\/\/enolife.com.ar\/es\/jose-luis-ramon\/\">Jose Luis Ramon<\/a><\/blockquote><iframe loading=\"lazy\" title=\"&#171;Jose Luis Ramon&#187; &#8212; ENOLIFE\" class=\"wp-embedded-content\" sandbox=\"allow-scripts\" security=\"restricted\" style=\"position: absolute; clip: rect(1px, 1px, 1px, 1px);\" src=\"https:\/\/enolife.com.ar\/es\/jose-luis-ramon\/embed\/#?secret=FOoMDaWkY3\" data-secret=\"FOoMDaWkY3\" width=\"600\" height=\"338\" frameborder=\"0\" marginwidth=\"0\" marginheight=\"0\" scrolling=\"no\"><\/iframe>\n<\/div><\/figure>\n","protected":false},"excerpt":{"rendered":"<p>En la continuidad de las reuniones entre la Asociaci\u00f3n de Cooperativas Vitivin\u00edcolas de Argentina (Acovi)&hellip;<\/p>\n","protected":false},"author":3,"featured_media":3355,"comment_status":"open","ping_status":"open","sticky":false,"template":"","format":"standard","meta":{"footnotes":""},"categories":[14],"tags":[],"class_list":["post-3323","post","type-post","status-publish","format-standard","has-post-thumbnail","hentry","category-news"],"_links":{"self":[{"href":"https:\/\/enolife.com.ar\/es\/wp-json\/wp\/v2\/posts\/3323","targetHints":{"allow":["GET"]}}],"collection":[{"href":"https:\/\/enolife.com.ar\/es\/wp-json\/wp\/v2\/posts"}],"about":[{"href":"https:\/\/enolife.com.ar\/es\/wp-json\/wp\/v2\/types\/post"}],"author":[{"embeddable":true,"href":"https:\/\/enolife.com.ar\/es\/wp-json\/wp\/v2\/users\/3"}],"replies":[{"embeddable":true,"href":"https:\/\/enolife.com.ar\/es\/wp-json\/wp\/v2\/comments?post=3323"}],"version-history":[{"count":0,"href":"https:\/\/enolife.com.ar\/es\/wp-json\/wp\/v2\/posts\/3323\/revisions"}],"wp:featuredmedia":[{"embeddable":true,"href":"https:\/\/enolife.com.ar\/es\/wp-json\/wp\/v2\/media\/3355"}],"wp:attachment":[{"href":"https:\/\/enolife.com.ar\/es\/wp-json\/wp\/v2\/media?parent=3323"}],"wp:term":[{"taxonomy":"category","embeddable":true,"href":"https:\/\/enolife.com.ar\/es\/wp-json\/wp\/v2\/categories?post=3323"},{"taxonomy":"post_tag","embeddable":true,"href":"https:\/\/enolife.com.ar\/es\/wp-json\/wp\/v2\/tags?post=3323"}],"curies":[{"name":"wp","href":"https:\/\/api.w.org\/{rel}","templated":true}]}}