{"id":33197,"date":"2021-04-06T18:01:13","date_gmt":"2021-04-06T18:01:13","guid":{"rendered":"http:\/\/enolife.com.ar\/es\/?p=33197"},"modified":"2021-06-13T14:59:25","modified_gmt":"2021-06-13T14:59:25","slug":"las-exportaciones-de-vino-fraccionado-crecieron-37-en-marzo-2021-con-respecto-a-marzo-2020","status":"publish","type":"post","link":"https:\/\/enolife.com.ar\/es\/las-exportaciones-de-vino-fraccionado-crecieron-37-en-marzo-2021-con-respecto-a-marzo-2020\/","title":{"rendered":"Las exportaciones de vino fraccionado crecieron 37% en marzo 2021 con respecto a marzo 2020"},"content":{"rendered":"\n<h4 class=\"wp-block-heading\"><em><strong>Seg\u00fan datos del Laboratorio Estad\u00edstico del Instituto Nacional Vitivin\u00edcola (INV), el mes pasado los env\u00edos totales de vinos al exterior crecieron en volumen un 5% en comparaci\u00f3n con igual mes de 2021. El dato saliente, dentro de esa suba, es que los vinos fraccionados crecieron 37% en la comparaci\u00f3n interanual, alcanzando as\u00ed una suba acumulada del 20% en volumen y del 16% en valor FOB en el primer trimestre del 2021 respecto al mismo per\u00edodo de 2020.<\/strong><\/em><\/h4>\n\n\n\n<div style=\"height:54px\" aria-hidden=\"true\" class=\"wp-block-spacer\"><\/div>\n\n\n\n\n\n<div style=\"height:77px\" aria-hidden=\"true\" class=\"wp-block-spacer\"><\/div>\n\n\n\n<p>Para el presidente del INV, el tunuyanino Mart\u00edn Hinojosa, este aumento en los despachos de vinos fraccionados al exterior es muy importante para toda la cadena productiva, manteniendo una tendencia que ya se hab\u00eda vislumbrado en 2020 y permitiendo que se consoliden las nuevas inversiones que se est\u00e1n realizando en f\u00e1bricas de envases de vidrio.<\/p>\n\n\n\n<div style=\"height:20px\" aria-hidden=\"true\" class=\"wp-block-spacer\"><\/div>\n\n\n\n<div class=\"wp-block-image\"><figure class=\"aligncenter size-large is-resized\"><img loading=\"lazy\" decoding=\"async\" src=\"https:\/\/enolife.com.ar\/es\/wp-content\/uploads\/2021\/04\/Expor-Marzo-2021-1024x1024.jpeg\" alt=\"\" class=\"wp-image-33202\" width=\"476\" height=\"476\" srcset=\"https:\/\/enolife.com.ar\/es\/wp-content\/uploads\/2021\/04\/Expor-Marzo-2021-1024x1024.jpeg 1024w, https:\/\/enolife.com.ar\/es\/wp-content\/uploads\/2021\/04\/Expor-Marzo-2021-300x300.jpeg 300w, https:\/\/enolife.com.ar\/es\/wp-content\/uploads\/2021\/04\/Expor-Marzo-2021-150x150.jpeg 150w, https:\/\/enolife.com.ar\/es\/wp-content\/uploads\/2021\/04\/Expor-Marzo-2021-768x768.jpeg 768w, https:\/\/enolife.com.ar\/es\/wp-content\/uploads\/2021\/04\/Expor-Marzo-2021-1170x1170.jpeg 1170w, https:\/\/enolife.com.ar\/es\/wp-content\/uploads\/2021\/04\/Expor-Marzo-2021-585x585.jpeg 585w, https:\/\/enolife.com.ar\/es\/wp-content\/uploads\/2021\/04\/Expor-Marzo-2021.jpeg 1280w\" sizes=\"auto, (max-width: 476px) 100vw, 476px\" \/><\/figure><\/div>\n\n\n\n<div style=\"height:20px\" aria-hidden=\"true\" class=\"wp-block-spacer\"><\/div>\n\n\n\n<p>Tambi\u00e9n mencion\u00f3 Hinojosa que el vino a granel se qued\u00f3 sin stock exportable dado los buenos resultados del 2020, pero se espera que tras la cosecha y elaboraci\u00f3n haya un repunte en el segundo semestre. En este sentido, cabe destacar las acciones impulsoras de la C\u00e1mara Argentina de Exportadores de Vinos a Granel.<\/p>\n\n\n\n<div style=\"height:20px\" aria-hidden=\"true\" class=\"wp-block-spacer\"><\/div>\n\n\n\n<div class=\"wp-block-image\"><figure class=\"aligncenter size-large is-resized\"><img loading=\"lazy\" decoding=\"async\" src=\"https:\/\/enolife.com.ar\/es\/wp-content\/uploads\/2021\/04\/Expo-Marzo-2021-1024x1024.jpeg\" alt=\"\" class=\"wp-image-33203\" width=\"535\" height=\"535\" srcset=\"https:\/\/enolife.com.ar\/es\/wp-content\/uploads\/2021\/04\/Expo-Marzo-2021-1024x1024.jpeg 1024w, https:\/\/enolife.com.ar\/es\/wp-content\/uploads\/2021\/04\/Expo-Marzo-2021-300x300.jpeg 300w, https:\/\/enolife.com.ar\/es\/wp-content\/uploads\/2021\/04\/Expo-Marzo-2021-150x150.jpeg 150w, https:\/\/enolife.com.ar\/es\/wp-content\/uploads\/2021\/04\/Expo-Marzo-2021-768x768.jpeg 768w, https:\/\/enolife.com.ar\/es\/wp-content\/uploads\/2021\/04\/Expo-Marzo-2021-1170x1170.jpeg 1170w, https:\/\/enolife.com.ar\/es\/wp-content\/uploads\/2021\/04\/Expo-Marzo-2021-585x585.jpeg 585w, https:\/\/enolife.com.ar\/es\/wp-content\/uploads\/2021\/04\/Expo-Marzo-2021.jpeg 1280w\" sizes=\"auto, (max-width: 535px) 100vw, 535px\" \/><\/figure><\/div>\n\n\n\n<p>Este aumento en las exportaciones tambi\u00e9n mantiene el equilibrio y la rentabilidad de la cadena productiva dentro del pa\u00eds, ya que los buenos resultados en el aumento de consumo y en las exportaciones han traccionado el precio de la materia prima.<\/p>\n\n\n\n<p>Cabe indicar que los vinos fraccionados impulsan la suba total en volumen y en valor FOB en d\u00f3lares en lo que va del a\u00f1o.<\/p>\n\n\n\n<p>El mosto no se qued\u00f3 atr\u00e1s y volvi\u00f3 a crecer un 9% vs marzo 2020, despu\u00e9s de algunos meses sin hacerlo.<\/p>\n\n\n\n<p>Los vinos varietales crecieron 42,6% y los espumosos, con un 62,6 %, lideraron las subas de volumen.<\/p>\n\n\n\n<div style=\"height:20px\" aria-hidden=\"true\" class=\"wp-block-spacer\"><\/div>\n\n\n\n<div class=\"wp-block-image\"><figure class=\"aligncenter size-large is-resized\"><img loading=\"lazy\" decoding=\"async\" src=\"https:\/\/enolife.com.ar\/es\/wp-content\/uploads\/2021\/04\/image.png\" alt=\"\" class=\"wp-image-33198\" width=\"623\" height=\"159\" srcset=\"https:\/\/enolife.com.ar\/es\/wp-content\/uploads\/2021\/04\/image.png 567w, https:\/\/enolife.com.ar\/es\/wp-content\/uploads\/2021\/04\/image-300x77.png 300w\" sizes=\"auto, (max-width: 623px) 100vw, 623px\" \/><\/figure><\/div>\n\n\n\n<div style=\"height:20px\" aria-hidden=\"true\" class=\"wp-block-spacer\"><\/div>\n\n\n\n<p>Si bien todos los envases crecieron y las botellas de vidrio ya acaparan el 91% del mix, llama la atenci\u00f3n el crecimiento del bag in box con un 124% durante marzo de este a\u00f1o, comparado con marzo de 2020.<\/p>\n\n\n\n<p>En el acumulado del primer trimestre 2021, los env\u00edos a\u00fan arrastran una baja en volumen total comparado con enero-marzo 2020 del 30%. Sin embargo, al analizar los env\u00edos en d\u00f3lares FOB totales se observa un aumento del 11%. As\u00ed es que al comparar el trimestre 2021 versus 2020, Argentina comercializ\u00f3 casi 20 millones de d\u00f3lares m\u00e1s, con una mejora de los precios promedio.<\/p>\n\n\n\n<p>Seg\u00fan las estad\u00edsticas del Laboratorio Estad\u00edstico del INV, si se analizan el total de vinos exportados en d\u00f3lares durante el primer trimestre del 2021, los cinco principales destinos de los env\u00edos de vino argentino son: Gran Breta\u00f1a, Canad\u00e1, Brasil, China y M\u00e9xico.&nbsp;<\/p>\n\n\n\n<div style=\"height:20px\" aria-hidden=\"true\" class=\"wp-block-spacer\"><\/div>\n\n\n\n<div class=\"wp-block-image\"><figure class=\"aligncenter size-large\"><img loading=\"lazy\" decoding=\"async\" width=\"357\" height=\"322\" src=\"https:\/\/enolife.com.ar\/es\/wp-content\/uploads\/2021\/04\/image-1.png\" alt=\"\" class=\"wp-image-33199\" srcset=\"https:\/\/enolife.com.ar\/es\/wp-content\/uploads\/2021\/04\/image-1.png 357w, https:\/\/enolife.com.ar\/es\/wp-content\/uploads\/2021\/04\/image-1-300x271.png 300w\" sizes=\"auto, (max-width: 357px) 100vw, 357px\" \/><\/figure><\/div>\n\n\n\n<div style=\"height:20px\" aria-hidden=\"true\" class=\"wp-block-spacer\"><\/div>\n\n\n\n<p>En particular, las exportaciones de vinos fraccionados ya acumulan en el trimestre 2021 vs el 2020 un crecimiento en volumen del 20% y del 16% en valor FOB USD.&nbsp;&nbsp;&nbsp;&nbsp;<\/p>\n\n\n\n<p>Asimismo, y en base al an\u00e1lisis que comprende las exportaciones de vinos fraccionados, las cuales acumulan un crecimiento, se destaca que los cinco principales pa\u00edses de env\u00edo de este envase son: Estados Unidos, Gran Breta\u00f1a, Brasil, Canad\u00e1 y Paraguay.&nbsp;&nbsp;&nbsp;&nbsp;<\/p>\n\n\n\n<div style=\"height:20px\" aria-hidden=\"true\" class=\"wp-block-spacer\"><\/div>\n\n\n\n<div class=\"wp-block-image\"><figure class=\"aligncenter size-large\"><img loading=\"lazy\" decoding=\"async\" width=\"567\" height=\"326\" src=\"https:\/\/enolife.com.ar\/es\/wp-content\/uploads\/2021\/04\/image-2.png\" alt=\"\" class=\"wp-image-33200\" srcset=\"https:\/\/enolife.com.ar\/es\/wp-content\/uploads\/2021\/04\/image-2.png 567w, https:\/\/enolife.com.ar\/es\/wp-content\/uploads\/2021\/04\/image-2-300x172.png 300w\" sizes=\"auto, (max-width: 567px) 100vw, 567px\" \/><\/figure><\/div>\n\n\n\n<div style=\"height:57px\" aria-hidden=\"true\" class=\"wp-block-spacer\"><\/div>\n","protected":false},"excerpt":{"rendered":"<p>Seg\u00fan datos del Laboratorio Estad\u00edstico del Instituto Nacional Vitivin\u00edcola (INV), el mes pasado los env\u00edos&hellip;<\/p>\n","protected":false},"author":3,"featured_media":33210,"comment_status":"open","ping_status":"open","sticky":false,"template":"","format":"standard","meta":{"footnotes":""},"categories":[9],"tags":[],"class_list":["post-33197","post","type-post","status-publish","format-standard","has-post-thumbnail","hentry","category-negocios"],"_links":{"self":[{"href":"https:\/\/enolife.com.ar\/es\/wp-json\/wp\/v2\/posts\/33197","targetHints":{"allow":["GET"]}}],"collection":[{"href":"https:\/\/enolife.com.ar\/es\/wp-json\/wp\/v2\/posts"}],"about":[{"href":"https:\/\/enolife.com.ar\/es\/wp-json\/wp\/v2\/types\/post"}],"author":[{"embeddable":true,"href":"https:\/\/enolife.com.ar\/es\/wp-json\/wp\/v2\/users\/3"}],"replies":[{"embeddable":true,"href":"https:\/\/enolife.com.ar\/es\/wp-json\/wp\/v2\/comments?post=33197"}],"version-history":[{"count":0,"href":"https:\/\/enolife.com.ar\/es\/wp-json\/wp\/v2\/posts\/33197\/revisions"}],"wp:featuredmedia":[{"embeddable":true,"href":"https:\/\/enolife.com.ar\/es\/wp-json\/wp\/v2\/media\/33210"}],"wp:attachment":[{"href":"https:\/\/enolife.com.ar\/es\/wp-json\/wp\/v2\/media?parent=33197"}],"wp:term":[{"taxonomy":"category","embeddable":true,"href":"https:\/\/enolife.com.ar\/es\/wp-json\/wp\/v2\/categories?post=33197"},{"taxonomy":"post_tag","embeddable":true,"href":"https:\/\/enolife.com.ar\/es\/wp-json\/wp\/v2\/tags?post=33197"}],"curies":[{"name":"wp","href":"https:\/\/api.w.org\/{rel}","templated":true}]}}