{"id":32989,"date":"2021-04-04T02:11:28","date_gmt":"2021-04-04T02:11:28","guid":{"rendered":"http:\/\/enolife.com.ar\/es\/?p=32989"},"modified":"2021-04-06T18:01:41","modified_gmt":"2021-04-06T18:01:41","slug":"la-avm-detecto-danos-por-la-lobesia-en-las-zonas-norte-y-este-y-pidio-al-gobierno-intensificar-la-lucha","status":"publish","type":"post","link":"https:\/\/enolife.com.ar\/es\/la-avm-detecto-danos-por-la-lobesia-en-las-zonas-norte-y-este-y-pidio-al-gobierno-intensificar-la-lucha\/","title":{"rendered":"La AVM detect\u00f3 da\u00f1os por la lobesia en las zonas Norte y Este y pidi\u00f3 al gobierno intensificar la lucha"},"content":{"rendered":"\n<h4 class=\"wp-block-heading\"><em><strong>Durante esta vendimia en curso, el equipo t\u00e9cnico de la Asociaci\u00f3n de Vi\u00f1ateros de Mendoza (AVM) hizo en los 4 oasis de la provincia un relevamiento de los da\u00f1os producidos en los racimos por la lobesia botrana o polilla de la vid. Seg\u00fan su conclusi\u00f3n, la plaga se expande pese a la intervenci\u00f3n del Instituto de Sanidad y Calidad Agropecuaria Mendoza (Iscamen). Y atribuye ese incremento de la presencia del insecto a la baja rentabilidad del negocio, que habr\u00eda impedido a numerosos productores realizar las pulverizaciones recomendadas en sus vi\u00f1edos. A este factor, seg\u00fan AVM, se suman las continuas lluvias que favorecieron el desarrollo de la botrytis. Tras este diagn\u00f3stico, piden la urgente ayuda del Estado para no discontinuar los planes de lucha.<\/strong><\/em><\/h4>\n\n\n\n<div style=\"height:36px\" aria-hidden=\"true\" class=\"wp-block-spacer\"><\/div>\n\n\n<a href=\"https:\/\/www.instagram.com\/agroconciencia_\" aria-label=\"BANNER AGROCONCIENCIA 400X400\"><img loading=\"lazy\" decoding=\"async\" src=\"https:\/\/enolife.com.ar\/es\/wp-content\/uploads\/2020\/06\/BANNER-AGROCONCIENCIA-400X400-1.jpg\" alt=\"\"  srcset=\"https:\/\/enolife.com.ar\/es\/wp-content\/uploads\/2020\/06\/BANNER-AGROCONCIENCIA-400X400-1.jpg 400w, https:\/\/enolife.com.ar\/es\/wp-content\/uploads\/2020\/06\/BANNER-AGROCONCIENCIA-400X400-1-300x300.jpg 300w, https:\/\/enolife.com.ar\/es\/wp-content\/uploads\/2020\/06\/BANNER-AGROCONCIENCIA-400X400-1-150x150.jpg 150w\" sizes=\"auto, (max-width: 400px) 100vw, 400px\" width=\"400\" height=\"400\"   \/><\/a>\n\n\n<div style=\"height:69px\" aria-hidden=\"true\" class=\"wp-block-spacer\"><\/div>\n\n\n\n<p> \u00abSe observaron que las zonas m\u00e1s afectadas fueron el Oasis Norte, sobre todo en el sector de Costa de Araujo, y el norte de San Mart\u00edn, con m\u00e1s influencia en las zonas de Chapanay, Tres Porte\u00f1as, Nueva California y Montecaseros\u00bb, asegur\u00f3 la ingeniera agr\u00f3noma y miembro de AVM, Yoana Aliotta.<\/p>\n\n\n\n<p>Este pron\u00f3stico preocupante, asegura AVM, se da a pesar de la intervenci\u00f3n de Iscamen, organismo que llev\u00f3 adelante un plan de contenci\u00f3n y viene desarrollando hace varias temporadas una estrategia activa de reducci\u00f3n de esta plaga. El trabajo con esa entidad -dejan constancia desde AVM- ha sido siempre en conjunto con esta \u00faltima Asociaci\u00f3n.<\/p>\n\n\n\n<p>\u00abPor la baja rentabilidad de la actividad de estas \u00faltimas vendimias, muchos productores no pudieron afrontar el compromiso de realizar las pulverizaciones recomendadas en sus vi\u00f1edos, con lo cual la situaci\u00f3n se vio agravada, sumado esto a las precipitaciones abundantes, que favorecieron el desarrollo de botrytis, sobre todo en las variedades de racimos compactos, y como consecuencia se esto aument\u00f3 el pique de esta polilla, ocasionando mayores da\u00f1os en la producci\u00f3n que a\u00f1os anteriores\u00bb, asegur\u00f3 Eduardo C\u00f3rdoba, presidente de la Asociaci\u00f3n que nuclea a numerosos vi\u00f1ateros de la provincia.<\/p>\n\n\n\n<p>Tras hacer un balance de las \u00faltimas campa\u00f1as, los productores nucleados en AVM consideran que se debe insistir en el control de esta plaga mediante una campa\u00f1a de m\u00e1xima (como en 2017, 2018 y 2019). Por lo que, aseguran, es fundamental ejecutar m\u00e1s fondos de la Provincia y la Naci\u00f3n para desarrollas diferentes estrategias de control que incluyan a todos los productores vitivin\u00edcolas. Y piden que se supere el plan de m\u00ednima contenci\u00f3n que se aplic\u00f3 en esta campa\u00f1a 2020\/2021, basado en que los propios productores hicieran las curaciones.<\/p>\n\n\n\n<p>\u00abLamentablemente, en el contexto de la temporada pasada, donde los costos de producci\u00f3n no fueron cubiertos, le result\u00f3 imposible al productor realizar las curaciones en tiempo y forma indicados, motivo por el cual hoy vemos que la campa\u00f1a de m\u00ednima resulto insuficiente y tenemos esos grandes focos de ataques en las zonas antes indicadas. Creemos que seguir en este contexto de rentabilidad y con campa\u00f1as de m\u00ednima ser\u00e1 muy dif\u00edcil erradicar esta plaga\u00bb, dijo finalmente C\u00f3rdoba.<\/p>\n\n\n\n<div style=\"height:20px\" aria-hidden=\"true\" class=\"wp-block-spacer\"><\/div>\n\n\n\n<p class=\"has-small-font-size\"><em><strong>Fuente: Asociaci\u00f3n de Vi\u00f1ateros de Mendoza (AVM)<\/strong><\/em><\/p>\n\n\n\n<div style=\"height:20px\" aria-hidden=\"true\" class=\"wp-block-spacer\"><\/div>\n\n\n\n<div style=\"height:30px\" aria-hidden=\"true\" class=\"wp-block-spacer\"><\/div>\n","protected":false},"excerpt":{"rendered":"<p>Durante esta vendimia en curso, el equipo t\u00e9cnico de la Asociaci\u00f3n de Vi\u00f1ateros de Mendoza&hellip;<\/p>\n","protected":false},"author":3,"featured_media":32998,"comment_status":"open","ping_status":"open","sticky":false,"template":"","format":"standard","meta":{"footnotes":""},"categories":[5],"tags":[],"class_list":["post-32989","post","type-post","status-publish","format-standard","has-post-thumbnail","hentry","category-fincas"],"_links":{"self":[{"href":"https:\/\/enolife.com.ar\/es\/wp-json\/wp\/v2\/posts\/32989","targetHints":{"allow":["GET"]}}],"collection":[{"href":"https:\/\/enolife.com.ar\/es\/wp-json\/wp\/v2\/posts"}],"about":[{"href":"https:\/\/enolife.com.ar\/es\/wp-json\/wp\/v2\/types\/post"}],"author":[{"embeddable":true,"href":"https:\/\/enolife.com.ar\/es\/wp-json\/wp\/v2\/users\/3"}],"replies":[{"embeddable":true,"href":"https:\/\/enolife.com.ar\/es\/wp-json\/wp\/v2\/comments?post=32989"}],"version-history":[{"count":0,"href":"https:\/\/enolife.com.ar\/es\/wp-json\/wp\/v2\/posts\/32989\/revisions"}],"wp:featuredmedia":[{"embeddable":true,"href":"https:\/\/enolife.com.ar\/es\/wp-json\/wp\/v2\/media\/32998"}],"wp:attachment":[{"href":"https:\/\/enolife.com.ar\/es\/wp-json\/wp\/v2\/media?parent=32989"}],"wp:term":[{"taxonomy":"category","embeddable":true,"href":"https:\/\/enolife.com.ar\/es\/wp-json\/wp\/v2\/categories?post=32989"},{"taxonomy":"post_tag","embeddable":true,"href":"https:\/\/enolife.com.ar\/es\/wp-json\/wp\/v2\/tags?post=32989"}],"curies":[{"name":"wp","href":"https:\/\/api.w.org\/{rel}","templated":true}]}}