{"id":32882,"date":"2021-04-01T17:09:08","date_gmt":"2021-04-01T17:09:08","guid":{"rendered":"http:\/\/enolife.com.ar\/es\/?p=32882"},"modified":"2021-04-05T15:15:56","modified_gmt":"2021-04-05T15:15:56","slug":"al-28-3-ya-cosecharon-156-m-de-quintales-y-elaboraron-611-m-de-l-de-vino-y-250-m-de-l-de-mosto","status":"publish","type":"post","link":"https:\/\/enolife.com.ar\/es\/al-28-3-ya-cosecharon-156-m-de-quintales-y-elaboraron-611-m-de-l-de-vino-y-250-m-de-l-de-mosto\/","title":{"rendered":"Al 28\/3 ya cosecharon 15,6 M de quintales y elaboraron 611 M de l. de vino y 250 M de l. de mosto"},"content":{"rendered":"\n<h4 class=\"wp-block-heading\"><em><strong>En 17 semanas de recolecci\u00f3n de uva en todo el pa\u00eds, ya se obtuvo el 81,1% de los 19,2 millones de quintales para toda la vendimia 2021. Del total de los 15,6 M de quintales cosechados, 10,5 M de quintales corresponden a Mendoza y 4,1 M de quintales a San Juan. A continuaci\u00f3n, los gr\u00e1ficos con todos los n\u00fameros relevados por el Laboratorio Estad\u00edstico del Instituto Nacional de Vitivinicultura (INV).<\/strong><\/em><\/h4>\n\n\n\n<div style=\"height:35px\" aria-hidden=\"true\" class=\"wp-block-spacer\"><\/div>\n\n\n<a href=\"https:\/\/grupoaltasur.com\/\" aria-label=\"1700-500px\"><img loading=\"lazy\" decoding=\"async\" src=\"https:\/\/enolife.com.ar\/es\/wp-content\/uploads\/2021\/01\/1700-500px.jpg\" alt=\"\"  srcset=\"https:\/\/enolife.com.ar\/es\/wp-content\/uploads\/2021\/01\/1700-500px.jpg 1700w, https:\/\/enolife.com.ar\/es\/wp-content\/uploads\/2021\/01\/1700-500px-300x88.jpg 300w, https:\/\/enolife.com.ar\/es\/wp-content\/uploads\/2021\/01\/1700-500px-1024x301.jpg 1024w, https:\/\/enolife.com.ar\/es\/wp-content\/uploads\/2021\/01\/1700-500px-768x226.jpg 768w, https:\/\/enolife.com.ar\/es\/wp-content\/uploads\/2021\/01\/1700-500px-1536x452.jpg 1536w, https:\/\/enolife.com.ar\/es\/wp-content\/uploads\/2021\/01\/1700-500px-1170x344.jpg 1170w, https:\/\/enolife.com.ar\/es\/wp-content\/uploads\/2021\/01\/1700-500px-585x172.jpg 585w\" sizes=\"auto, (max-width: 1700px) 100vw, 1700px\" width=\"1700\" height=\"500\"   \/><\/a>\n\n\n<div style=\"height:59px\" aria-hidden=\"true\" class=\"wp-block-spacer\"><\/div>\n\n\n\n<p class=\"has-background has-text-align-center has-medium-font-size has-very-light-gray-background-color\"><strong>Uva, vino y mosto descubado<\/strong><\/p>\n\n\n\n<div style=\"height:20px\" aria-hidden=\"true\" class=\"wp-block-spacer\"><\/div>\n\n\n\n<div class=\"wp-block-image\"><figure class=\"aligncenter size-large is-resized\"><img loading=\"lazy\" decoding=\"async\" src=\"https:\/\/enolife.com.ar\/es\/wp-content\/uploads\/2021\/04\/INV-1-1024x533.jpg\" alt=\"\" class=\"wp-image-32883\" width=\"808\" height=\"420\" srcset=\"https:\/\/enolife.com.ar\/es\/wp-content\/uploads\/2021\/04\/INV-1-1024x533.jpg 1024w, https:\/\/enolife.com.ar\/es\/wp-content\/uploads\/2021\/04\/INV-1-300x156.jpg 300w, https:\/\/enolife.com.ar\/es\/wp-content\/uploads\/2021\/04\/INV-1-768x400.jpg 768w, https:\/\/enolife.com.ar\/es\/wp-content\/uploads\/2021\/04\/INV-1-1170x609.jpg 1170w, https:\/\/enolife.com.ar\/es\/wp-content\/uploads\/2021\/04\/INV-1-585x304.jpg 585w, https:\/\/enolife.com.ar\/es\/wp-content\/uploads\/2021\/04\/INV-1.jpg 1280w\" sizes=\"auto, (max-width: 808px) 100vw, 808px\" \/><\/figure><\/div>\n\n\n\n<div style=\"height:20px\" aria-hidden=\"true\" class=\"wp-block-spacer\"><\/div>\n\n\n\n<p class=\"has-background has-text-align-center has-medium-font-size has-very-light-gray-background-color\"><strong>Comparativo kilogramos de uva 2011\/2021, acumulado al 28\/3\/21<\/strong><\/p>\n\n\n\n<div style=\"height:20px\" aria-hidden=\"true\" class=\"wp-block-spacer\"><\/div>\n\n\n\n<div class=\"wp-block-image\"><figure class=\"aligncenter size-large is-resized\"><img loading=\"lazy\" decoding=\"async\" src=\"https:\/\/enolife.com.ar\/es\/wp-content\/uploads\/2021\/04\/inv-2.jpg\" alt=\"\" class=\"wp-image-32884\" width=\"718\" height=\"482\" srcset=\"https:\/\/enolife.com.ar\/es\/wp-content\/uploads\/2021\/04\/inv-2.jpg 1021w, https:\/\/enolife.com.ar\/es\/wp-content\/uploads\/2021\/04\/inv-2-300x201.jpg 300w, https:\/\/enolife.com.ar\/es\/wp-content\/uploads\/2021\/04\/inv-2-768x515.jpg 768w, https:\/\/enolife.com.ar\/es\/wp-content\/uploads\/2021\/04\/inv-2-585x392.jpg 585w\" sizes=\"auto, (max-width: 718px) 100vw, 718px\" \/><\/figure><\/div>\n\n\n\n<div class=\"wp-block-image\"><figure class=\"aligncenter size-large is-resized\"><img loading=\"lazy\" decoding=\"async\" src=\"https:\/\/enolife.com.ar\/es\/wp-content\/uploads\/2021\/04\/inv-3.jpg\" alt=\"\" class=\"wp-image-32885\" width=\"720\" height=\"120\" srcset=\"https:\/\/enolife.com.ar\/es\/wp-content\/uploads\/2021\/04\/inv-3.jpg 1021w, https:\/\/enolife.com.ar\/es\/wp-content\/uploads\/2021\/04\/inv-3-300x50.jpg 300w, https:\/\/enolife.com.ar\/es\/wp-content\/uploads\/2021\/04\/inv-3-768x129.jpg 768w, https:\/\/enolife.com.ar\/es\/wp-content\/uploads\/2021\/04\/inv-3-585x98.jpg 585w\" sizes=\"auto, (max-width: 720px) 100vw, 720px\" \/><\/figure><\/div>\n\n\n\n<div style=\"height:20px\" aria-hidden=\"true\" class=\"wp-block-spacer\"><\/div>\n\n\n\n<p class=\"has-background has-text-align-center has-medium-font-size has-very-light-gray-background-color\"><strong>Kilogramos de uva elaborada varietales, total por provincia, acumulado al 28\/3\/21<\/strong><\/p>\n\n\n\n<div style=\"height:20px\" aria-hidden=\"true\" class=\"wp-block-spacer\"><\/div>\n\n\n\n<div class=\"wp-block-image\"><figure class=\"aligncenter size-large is-resized\"><img loading=\"lazy\" decoding=\"async\" src=\"https:\/\/enolife.com.ar\/es\/wp-content\/uploads\/2021\/04\/inv-4.jpg\" alt=\"\" class=\"wp-image-32886\" width=\"349\" height=\"551\" srcset=\"https:\/\/enolife.com.ar\/es\/wp-content\/uploads\/2021\/04\/inv-4.jpg 456w, https:\/\/enolife.com.ar\/es\/wp-content\/uploads\/2021\/04\/inv-4-190x300.jpg 190w\" sizes=\"auto, (max-width: 349px) 100vw, 349px\" \/><\/figure><\/div>\n","protected":false},"excerpt":{"rendered":"<p>En 17 semanas de recolecci\u00f3n de uva en todo el pa\u00eds, ya se obtuvo el&hellip;<\/p>\n","protected":false},"author":3,"featured_media":32904,"comment_status":"open","ping_status":"open","sticky":false,"template":"","format":"standard","meta":{"footnotes":""},"categories":[5],"tags":[],"class_list":["post-32882","post","type-post","status-publish","format-standard","has-post-thumbnail","hentry","category-fincas"],"_links":{"self":[{"href":"https:\/\/enolife.com.ar\/es\/wp-json\/wp\/v2\/posts\/32882","targetHints":{"allow":["GET"]}}],"collection":[{"href":"https:\/\/enolife.com.ar\/es\/wp-json\/wp\/v2\/posts"}],"about":[{"href":"https:\/\/enolife.com.ar\/es\/wp-json\/wp\/v2\/types\/post"}],"author":[{"embeddable":true,"href":"https:\/\/enolife.com.ar\/es\/wp-json\/wp\/v2\/users\/3"}],"replies":[{"embeddable":true,"href":"https:\/\/enolife.com.ar\/es\/wp-json\/wp\/v2\/comments?post=32882"}],"version-history":[{"count":0,"href":"https:\/\/enolife.com.ar\/es\/wp-json\/wp\/v2\/posts\/32882\/revisions"}],"wp:featuredmedia":[{"embeddable":true,"href":"https:\/\/enolife.com.ar\/es\/wp-json\/wp\/v2\/media\/32904"}],"wp:attachment":[{"href":"https:\/\/enolife.com.ar\/es\/wp-json\/wp\/v2\/media?parent=32882"}],"wp:term":[{"taxonomy":"category","embeddable":true,"href":"https:\/\/enolife.com.ar\/es\/wp-json\/wp\/v2\/categories?post=32882"},{"taxonomy":"post_tag","embeddable":true,"href":"https:\/\/enolife.com.ar\/es\/wp-json\/wp\/v2\/tags?post=32882"}],"curies":[{"name":"wp","href":"https:\/\/api.w.org\/{rel}","templated":true}]}}