{"id":32762,"date":"2021-03-30T18:44:30","date_gmt":"2021-03-30T18:44:30","guid":{"rendered":"http:\/\/enolife.com.ar\/es\/?p=32762"},"modified":"2021-04-03T02:32:33","modified_gmt":"2021-04-03T02:32:33","slug":"mendoza-subsidia-la-energia-para-productores-de-vino-y-sidra-en-los-meses-de-mayor-consumo","status":"publish","type":"post","link":"https:\/\/enolife.com.ar\/es\/mendoza-subsidia-la-energia-para-productores-de-vino-y-sidra-en-los-meses-de-mayor-consumo\/","title":{"rendered":"Mendoza subsidia la energ\u00eda para productores de vino y sidra en los meses de mayor consumo"},"content":{"rendered":"\n<h4 class=\"wp-block-heading\"><em><strong>El gobierno de la provincia record\u00f3 que desde marzo est\u00e1 vigente un subsidio a la facturaci\u00f3n de energ\u00eda el\u00e9ctrica para los suministros&nbsp;de establecimientos destinados a la&nbsp;elaboraci\u00f3n de vino y sidra.&nbsp;El tr\u00e1mite se realiza a trav\u00e9s del Fondo Provincial Compensador de Tarifas. La adhesi\u00f3n al sistema es voluntaria y los usuarios deben solicitarla ante la empresa que les provee el servicio. La medida busca evitar picos de facturaci\u00f3n durante el per\u00edodo de mayor consumo de energ\u00eda y potencia.&nbsp;<\/strong><\/em><\/h4>\n\n\n\n<div style=\"height:20px\" aria-hidden=\"true\" class=\"wp-block-spacer\"><\/div>\n\n\n<a href=\"https:\/\/sudafilt.com\/\" aria-label=\"SUDAFILT 1700X500 NOV25\"><img loading=\"lazy\" decoding=\"async\" src=\"https:\/\/enolife.com.ar\/es\/wp-content\/uploads\/2020\/07\/SUDAFILT-1700X500-NOV25.gif\" alt=\"\"  width=\"1700\" height=\"500\"   \/><\/a>\n\n\n<div style=\"height:54px\" aria-hidden=\"true\" class=\"wp-block-spacer\"><\/div>\n\n\n\n<p>Seg\u00fan adelantaron desde el Ministerio de Econom\u00eda y Energ\u00eda de Mendoza , el subsidio tiene como fin amortiguar el impacto de los costos generados en los meses de mayor consumo (febrero a abril) hacia los meses de menor consumo. <\/p>\n\n\n\n<p>\u00abQueremos sostener la competitividad del sector vitivin\u00edcola mendocino\u00bb, afirm\u00f3 Enrique Vaqui\u00e9, ministro de Econom\u00eda y Energ\u00eda. La&nbsp;estabilizaci\u00f3n de facturas alcanza a todos aquellos establecimientos encuadrados en las categor\u00edas T1 (peque\u00f1as demandas generales) o T2 (grandes demandas).&nbsp; &nbsp;<\/p>\n\n\n\n<p>\u00abEn los meses de elaboraci\u00f3n, cientos de bodegas aumentan su consumo de energ\u00eda en forma exponencial. Buscar que los costos no se desacoplen es un aporte m\u00e1s a una bater\u00eda de medidas que implementamos para un sector importante de nuestra econom\u00eda\u00bb, agreg\u00f3 el funcionario.<\/p>\n\n\n\n<p>Este mecanismo es voluntario y los usuarios deben solicitarlo ante la empresa que les provee el servicio. Para cada suministro que desee adherir al R\u00e9gimen de Estabilizaci\u00f3n y deber\u00e1n acreditar dicha actividad econ\u00f3mica.&nbsp;<\/p>\n\n\n\n<p>Una vez realizada la adhesi\u00f3n, los usuarios observar\u00e1n en sus boletas de pago el \u00edtem \u00abSubsidio por Estacionalidad\u00bb. Seg\u00fan detalla el documento, la medida est\u00e1&nbsp;vigente desde marzo y el usuario puede solicitar su adhesi\u00f3n en cualquier momento. &nbsp;<\/p>\n\n\n\n<p>Est\u00e1 previsto que se tenga en cuenta un retroactivo a febrero y se aplicar\u00e1 siempre y cuando el usuario adhiera al R\u00e9gimen de Estabilizaci\u00f3n hasta el 16 de abril inclusive. Caso contrario, se aplicar\u00e1 desde la factura siguiente.&nbsp;<\/p>\n\n\n\n<div style=\"height:20px\" aria-hidden=\"true\" class=\"wp-block-spacer\"><\/div>\n\n\n\n<p class=\"has-medium-font-size\"><strong>C\u00e1lculo de estabilizaci\u00f3n&nbsp;<\/strong><\/p>\n\n\n\n<p>Consiste en utilizar valores promedios de consumo de energ\u00eda, potencia contratada y potencia registrada en pico que represente el promedio del \u00faltimo a\u00f1o m\u00f3vil en relaci\u00f3n con los valores realmente registrados en los \u00faltimos 12 meses. La diferencia entre ambos montos de facturaci\u00f3n es la estabilizaci\u00f3n.&nbsp;<\/p>\n\n\n\n<p>Una vez al a\u00f1o (al final del ciclo de 12 meses) se realizar\u00e1 un ajuste que tendr\u00e1 en cuenta las diferencias netas aportadas o recibidas del Fondo Provincial Compensador de Tarifas.&nbsp;&nbsp;El valor anual del ajuste no se actualizar\u00e1 con ninguna tasa de inter\u00e9s. Este mecanismo constituye un subsidio financiero con costo cero para el usuario.<\/p>\n\n\n\n<p>Para ello, el Ente Provincial Regulador El\u00e9ctrico (EPRE) ha dispuesto en su sitio&nbsp;<strong><a rel=\"noreferrer noopener\" href=\"http:\/\/www.epre.mendoza.gov.ar\/\" target=\"_blank\">www.epre.mendoza.gov.ar<\/a>&nbsp;<\/strong>un simulador, a fin de que los&nbsp;usuarios puedan&nbsp;evaluar estas variables y la conveniencia de solicitar la adhesi\u00f3n al r\u00e9gimen de estabilizaci\u00f3n, debiendo cargar sus propios consumos y pudiendo observar gr\u00e1ficamente el efecto de la estabilizaci\u00f3n.&nbsp;<\/p>\n\n\n\n<p>Es importante que los usuarios, antes de solicitar dicho mecanismo, tengan en cuenta:&nbsp;&nbsp;<\/p>\n\n\n\n<ul class=\"wp-block-list\"><li>El nivel de consumo de energ\u00eda el\u00e9ctrica actual y una estimaci\u00f3n aproximada del nivel de consumos para los pr\u00f3ximos meses (asociado a su nivel de actividad) respecto de los valores registrados en los \u00faltimos 12 meses.&nbsp;<\/li><li>La eficiencia en la contrataci\u00f3n de potencia: lo ideal es lograr una potencia contratada lo m\u00e1s ajustada posible a la potencia m\u00e1xima registrada en cada trimestre, as\u00ed el impacto de la estabilizaci\u00f3n ser\u00e1 mayor.&nbsp;<\/li><li>Evaluar el momento de ingreso a este mecanismo: es importante ingresar antes de que comience la \u00e9poca de altos consumos, seg\u00fan la estacionalidad propia de la actividad econ\u00f3mica.&nbsp;<\/li><li>Al finalizar el ciclo de 12 meses, se efect\u00faa una liquidaci\u00f3n con las estabilizaciones efectuadas, pudiendo resultar en un ajuste a cargo o a favor del usuario.&nbsp;<\/li><li>Deber\u00e1 permanecer en el r\u00e9gimen de estabilizaci\u00f3n por ciclos de 12 meses. En caso de decidir retirarse con anterioridad, se liquidar\u00e1n las eventuales diferencias que se hubiesen producido.&nbsp;<\/li><li>Este mecanismo no es beneficioso si su consumo prev\u00e9 ser marcadamente inferior al del a\u00f1o anterior.&nbsp;<\/li><\/ul>\n\n\n\n<div style=\"height:20px\" aria-hidden=\"true\" class=\"wp-block-spacer\"><\/div>\n\n\n\n<p class=\"has-small-font-size\"><em><strong>Fuente: Gobierno de Mendoza<\/strong><\/em><\/p>\n\n\n\n<div style=\"height:20px\" aria-hidden=\"true\" class=\"wp-block-spacer\"><\/div>\n","protected":false},"excerpt":{"rendered":"<p>El gobierno de la provincia record\u00f3 que desde marzo est\u00e1 vigente un subsidio a la&hellip;<\/p>\n","protected":false},"author":3,"featured_media":32786,"comment_status":"open","ping_status":"open","sticky":false,"template":"","format":"standard","meta":{"footnotes":""},"categories":[14],"tags":[],"class_list":["post-32762","post","type-post","status-publish","format-standard","has-post-thumbnail","hentry","category-news"],"_links":{"self":[{"href":"https:\/\/enolife.com.ar\/es\/wp-json\/wp\/v2\/posts\/32762","targetHints":{"allow":["GET"]}}],"collection":[{"href":"https:\/\/enolife.com.ar\/es\/wp-json\/wp\/v2\/posts"}],"about":[{"href":"https:\/\/enolife.com.ar\/es\/wp-json\/wp\/v2\/types\/post"}],"author":[{"embeddable":true,"href":"https:\/\/enolife.com.ar\/es\/wp-json\/wp\/v2\/users\/3"}],"replies":[{"embeddable":true,"href":"https:\/\/enolife.com.ar\/es\/wp-json\/wp\/v2\/comments?post=32762"}],"version-history":[{"count":0,"href":"https:\/\/enolife.com.ar\/es\/wp-json\/wp\/v2\/posts\/32762\/revisions"}],"wp:featuredmedia":[{"embeddable":true,"href":"https:\/\/enolife.com.ar\/es\/wp-json\/wp\/v2\/media\/32786"}],"wp:attachment":[{"href":"https:\/\/enolife.com.ar\/es\/wp-json\/wp\/v2\/media?parent=32762"}],"wp:term":[{"taxonomy":"category","embeddable":true,"href":"https:\/\/enolife.com.ar\/es\/wp-json\/wp\/v2\/categories?post=32762"},{"taxonomy":"post_tag","embeddable":true,"href":"https:\/\/enolife.com.ar\/es\/wp-json\/wp\/v2\/tags?post=32762"}],"curies":[{"name":"wp","href":"https:\/\/api.w.org\/{rel}","templated":true}]}}