{"id":32613,"date":"2021-03-30T01:36:12","date_gmt":"2021-03-30T01:36:12","guid":{"rendered":"http:\/\/enolife.com.ar\/es\/?p=32613"},"modified":"2021-03-31T03:19:44","modified_gmt":"2021-03-31T03:19:44","slug":"tratamiento-poscosecha-y-fertilizaciones-de-la-vid-en-otra-charla-organizada-por-san-juan-y-el-inv","status":"publish","type":"post","link":"https:\/\/enolife.com.ar\/es\/tratamiento-poscosecha-y-fertilizaciones-de-la-vid-en-otra-charla-organizada-por-san-juan-y-el-inv\/","title":{"rendered":"Tratamiento poscosecha y fertilizaciones de la vid, en otra charla organizada por San Juan y el INV"},"content":{"rendered":"\n<h4 class=\"wp-block-heading\"><em><strong>El martes 30\/3 a las 20 hs, en el marco del ciclo de charlas virtuales de vitivinicultura, el  Ministerio de Producci\u00f3n y Desarrollo Econ\u00f3mico de San Juan,  el Instituto Nacional de Vitivinicultura (INV), el Instituto Nacional de Tecnolog\u00eda Agropecuaria (INTA) y el Centro de Desarrollo Vit\u00edcola invitan a participar de la transmisi\u00f3n en vivo sobre \u00abTratamiento poscosecha y fertilizaciones de la vid\u00bb. Se podr\u00e1 ver gratuitamente a trav\u00e9s del canal de Youtube del gobierno de San Juan.<\/strong><\/em><\/h4>\n\n\n\n<div style=\"height:20px\" aria-hidden=\"true\" class=\"wp-block-spacer\"><\/div>\n\n\n<a href=\"https:\/\/www.instagram.com\/agroconciencia_\" aria-label=\"BANNER AGROCONCIENCIA 400X400\"><img loading=\"lazy\" decoding=\"async\" src=\"https:\/\/enolife.com.ar\/es\/wp-content\/uploads\/2020\/06\/BANNER-AGROCONCIENCIA-400X400-1.jpg\" alt=\"\"  srcset=\"https:\/\/enolife.com.ar\/es\/wp-content\/uploads\/2020\/06\/BANNER-AGROCONCIENCIA-400X400-1.jpg 400w, https:\/\/enolife.com.ar\/es\/wp-content\/uploads\/2020\/06\/BANNER-AGROCONCIENCIA-400X400-1-300x300.jpg 300w, https:\/\/enolife.com.ar\/es\/wp-content\/uploads\/2020\/06\/BANNER-AGROCONCIENCIA-400X400-1-150x150.jpg 150w\" sizes=\"auto, (max-width: 400px) 100vw, 400px\" width=\"400\" height=\"400\"   \/><\/a>\n\n\n<div style=\"height:54px\" aria-hidden=\"true\" class=\"wp-block-spacer\"><\/div>\n\n\n\n<p>A cargo de t\u00e9cnicos, en\u00f3logos, bi\u00f3logos, bodegueros y productores locales, este ciclo de charlas virtuales de vitivinicultura es un espacio online destinado a mostrar las particularidades de los vi\u00f1edos y la producci\u00f3n de vino de la provincia de San Juan , segunda productora vitivin\u00edcola de Argentina. Lleva 6 ediciones realizadas entre setiembre y octubre de 2020. Las tem\u00e1ticas tratadas fueron:<\/p>\n\n\n\n<ul class=\"wp-block-list\"><li>Vinos de autor y artesanales <\/li><li>Viveros vit\u00edcolas <\/li><li>Lobesia botrana <\/li><li>Enfermedades de la vid <\/li><li>Virus de la vid <\/li><li>Buenas pr\u00e1cticas agr\u00edcolas <\/li><\/ul>\n\n\n\n<p>En esta oportunidad, el <strong>martes 30\/3 a las 20 hs<\/strong>, la charla ser\u00e1 sobre el <strong>\u00abTratamiento poscosecha y fertilizaciones de la vid\u00bb<\/strong>. <\/p>\n\n\n\n<p class=\"has-background has-very-light-gray-background-color\"><strong>Para participar se debe acceder a: <a href=\"https:\/\/www.youtube.com\/watch?v=4YbqBBi_Bwo\">https:\/\/www.youtube.com\/watch?v=4YbqBBi_Bwo<\/a><\/strong><\/p>\n\n\n\n<div style=\"height:39px\" aria-hidden=\"true\" class=\"wp-block-spacer\"><\/div>\n\n\n\n<p class=\"has-text-align-center has-medium-font-size\"><strong>Para quienes no hayan podido ver y oir las ediciones anteriores, aqu\u00ed posteamos los videos de cada una de las charlas:<\/strong><\/p>\n\n\n\n<div style=\"height:36px\" aria-hidden=\"true\" class=\"wp-block-spacer\"><\/div>\n\n\n\n<figure class=\"wp-block-embed-youtube wp-block-embed is-type-video is-provider-youtube wp-embed-aspect-16-9 wp-has-aspect-ratio\"><div class=\"wp-block-embed__wrapper\">\n<iframe loading=\"lazy\" title=\"Ciclo de Charlas virtuales de vitivinicultura\" width=\"1170\" height=\"658\" src=\"https:\/\/www.youtube.com\/embed\/UCiXbY-A0pI?feature=oembed\" frameborder=\"0\" allow=\"accelerometer; autoplay; clipboard-write; encrypted-media; gyroscope; picture-in-picture\" allowfullscreen><\/iframe>\n<\/div><\/figure>\n\n\n\n<div style=\"height:20px\" aria-hidden=\"true\" class=\"wp-block-spacer\"><\/div>\n\n\n\n<figure class=\"wp-block-embed-youtube wp-block-embed is-type-video is-provider-youtube wp-embed-aspect-16-9 wp-has-aspect-ratio\"><div class=\"wp-block-embed__wrapper\">\n<iframe loading=\"lazy\" title=\"2\u00b0 CICLO DE CHARLAS VIRTUALES DE VITIVINICULTURA\" width=\"1170\" height=\"658\" src=\"https:\/\/www.youtube.com\/embed\/mcuvF2OYMCg?feature=oembed\" frameborder=\"0\" allow=\"accelerometer; autoplay; clipboard-write; encrypted-media; gyroscope; picture-in-picture\" allowfullscreen><\/iframe>\n<\/div><\/figure>\n\n\n\n<div style=\"height:20px\" aria-hidden=\"true\" class=\"wp-block-spacer\"><\/div>\n\n\n\n<figure class=\"wp-block-embed-youtube wp-block-embed is-type-video is-provider-youtube wp-embed-aspect-16-9 wp-has-aspect-ratio\"><div class=\"wp-block-embed__wrapper\">\n<iframe loading=\"lazy\" title=\"CICLO DE CHARLAS VIRTUALES DE VITIVINICULTURA\" width=\"1170\" height=\"658\" src=\"https:\/\/www.youtube.com\/embed\/KeJnPiYTpTU?feature=oembed\" frameborder=\"0\" allow=\"accelerometer; autoplay; clipboard-write; encrypted-media; gyroscope; picture-in-picture\" allowfullscreen><\/iframe>\n<\/div><\/figure>\n\n\n\n<div style=\"height:20px\" aria-hidden=\"true\" class=\"wp-block-spacer\"><\/div>\n\n\n\n<figure class=\"wp-block-embed-youtube wp-block-embed is-type-video is-provider-youtube wp-embed-aspect-16-9 wp-has-aspect-ratio\"><div class=\"wp-block-embed__wrapper\">\n<iframe loading=\"lazy\" title=\"CICLO DE CHARLAS VIRTUALES DE VITIVINICULTURA\" width=\"1170\" height=\"658\" src=\"https:\/\/www.youtube.com\/embed\/JaflFkNoUoc?feature=oembed\" frameborder=\"0\" allow=\"accelerometer; autoplay; clipboard-write; encrypted-media; gyroscope; picture-in-picture\" allowfullscreen><\/iframe>\n<\/div><\/figure>\n\n\n\n<div style=\"height:20px\" aria-hidden=\"true\" class=\"wp-block-spacer\"><\/div>\n\n\n\n<figure class=\"wp-block-embed-youtube wp-block-embed is-type-video is-provider-youtube wp-embed-aspect-16-9 wp-has-aspect-ratio\"><div class=\"wp-block-embed__wrapper\">\n<iframe loading=\"lazy\" title=\"CICLO DE CHARLAS VIRTUALES DE VITIVINICULTURA\" width=\"1170\" height=\"658\" src=\"https:\/\/www.youtube.com\/embed\/bZUYqFJa5Zc?feature=oembed\" frameborder=\"0\" allow=\"accelerometer; autoplay; clipboard-write; encrypted-media; gyroscope; picture-in-picture\" allowfullscreen><\/iframe>\n<\/div><\/figure>\n\n\n\n<div style=\"height:20px\" aria-hidden=\"true\" class=\"wp-block-spacer\"><\/div>\n\n\n\n<figure class=\"wp-block-embed-youtube wp-block-embed is-type-video is-provider-youtube wp-embed-aspect-16-9 wp-has-aspect-ratio\"><div class=\"wp-block-embed__wrapper\">\n<iframe loading=\"lazy\" title=\"Ciclo de charlas virtuales de Vitivinicultura - 6\u00b0 charla\" width=\"1170\" height=\"658\" src=\"https:\/\/www.youtube.com\/embed\/rvIGtKm78qg?feature=oembed\" frameborder=\"0\" allow=\"accelerometer; autoplay; clipboard-write; encrypted-media; gyroscope; picture-in-picture\" allowfullscreen><\/iframe>\n<\/div><\/figure>\n","protected":false},"excerpt":{"rendered":"<p>El martes 30\/3 a las 20 hs, en el marco del ciclo de charlas virtuales&hellip;<\/p>\n","protected":false},"author":3,"featured_media":32631,"comment_status":"open","ping_status":"open","sticky":false,"template":"","format":"standard","meta":{"footnotes":""},"categories":[47],"tags":[],"class_list":["post-32613","post","type-post","status-publish","format-standard","has-post-thumbnail","hentry","category-agenda"],"_links":{"self":[{"href":"https:\/\/enolife.com.ar\/es\/wp-json\/wp\/v2\/posts\/32613","targetHints":{"allow":["GET"]}}],"collection":[{"href":"https:\/\/enolife.com.ar\/es\/wp-json\/wp\/v2\/posts"}],"about":[{"href":"https:\/\/enolife.com.ar\/es\/wp-json\/wp\/v2\/types\/post"}],"author":[{"embeddable":true,"href":"https:\/\/enolife.com.ar\/es\/wp-json\/wp\/v2\/users\/3"}],"replies":[{"embeddable":true,"href":"https:\/\/enolife.com.ar\/es\/wp-json\/wp\/v2\/comments?post=32613"}],"version-history":[{"count":0,"href":"https:\/\/enolife.com.ar\/es\/wp-json\/wp\/v2\/posts\/32613\/revisions"}],"wp:featuredmedia":[{"embeddable":true,"href":"https:\/\/enolife.com.ar\/es\/wp-json\/wp\/v2\/media\/32631"}],"wp:attachment":[{"href":"https:\/\/enolife.com.ar\/es\/wp-json\/wp\/v2\/media?parent=32613"}],"wp:term":[{"taxonomy":"category","embeddable":true,"href":"https:\/\/enolife.com.ar\/es\/wp-json\/wp\/v2\/categories?post=32613"},{"taxonomy":"post_tag","embeddable":true,"href":"https:\/\/enolife.com.ar\/es\/wp-json\/wp\/v2\/tags?post=32613"}],"curies":[{"name":"wp","href":"https:\/\/api.w.org\/{rel}","templated":true}]}}