{"id":3259,"date":"2019-09-19T18:18:26","date_gmt":"2019-09-19T18:18:26","guid":{"rendered":"http:\/\/enolife.com.ar\/es\/?p=3259"},"modified":"2019-09-21T00:34:52","modified_gmt":"2019-09-21T00:34:52","slug":"dos-medicos-explican-el-poder-antioxidante-y-preventivo-cardiovascular-de-los-polifenoles-del-vino","status":"publish","type":"post","link":"https:\/\/enolife.com.ar\/es\/dos-medicos-explican-el-poder-antioxidante-y-preventivo-cardiovascular-de-los-polifenoles-del-vino\/","title":{"rendered":"Dos m\u00e9dicos explican el poder antioxidante y preventivo cardiovascular de los polifenoles del vino"},"content":{"rendered":"\n<h4 class=\"wp-block-heading\"><em><strong>Desde hace tiempo se conoce que los polifenoles, una sustancia presente en algunas frutas y verduras, entre ellas la uva y su derivado, el vino, son beneficiosas para la salud.<\/strong><\/em><\/h4>\n\n\n\n<hr class=\"wp-block-separator\"\/>\n\n\n\n<h4 class=\"wp-block-heading\"><em><strong>Ma\u00f1ana viernes 20 de setiembre a las 18 hs., en la Municipalidad de Las Heras (San Miguel 1540, LH), dos destacados m\u00e9dicos mendocinos -Roberto I\u00e9rmoli y Guillermo Marcucci- brindar\u00e1n una conferencia gratuita sobre el tema.<\/strong><\/em><\/h4>\n\n\n\n<div style=\"height:25px\" aria-hidden=\"true\" class=\"wp-block-spacer\"><\/div>\n\n\n\n<p>En los \u00faltimos a\u00f1os, numerosos estudios cient\u00edficos en todo el mundo han avalado los efectos beneficiosos de la ingesta de polifenoles sobre la salud, especialmente sobre el sistema cardiovascular. Esto es importante, porque las enfermedades cardiovasculares son la principal causa de muerte en el mundo. Los efectos de los polifenoles son fundamentalmente consecuencia de sus propiedades antioxidantes.<\/p>\n\n\n\n<div style=\"height:20px\" aria-hidden=\"true\" class=\"wp-block-spacer\"><\/div>\n\n\n\n<p class=\"has-background has-very-light-gray-background-color\">Al respecto recomendamos leer el siguiente trabajo cient\u00edfico en el cual se exponen las caracter\u00edsticas y clasficaciones de los polifenoles y sus propiedades preventivas ante enfermedades cardiovasculares, neurol\u00f3gicas y tambi\u00e9n para diferentes tipos de c\u00e1ncer:   <br><br><a href=\"http:\/\/147.96.70.122\/Web\/TFG\/TFG\/Memoria\/BEATRIZ%20MARTIN%20LARRAZABAL.pdf\">http:\/\/147.96.70.122\/Web\/TFG\/TFG\/Memoria\/BEATRIZ%20MARTIN%20LARRAZABAL.pdf<\/a> <br><\/p>\n\n\n\n<div style=\"height:20px\" aria-hidden=\"true\" class=\"wp-block-spacer\"><\/div>\n\n\n\n<p>Para referirse al tema, los m\u00e9dicos <strong>Roberto I\u00e9rmoli <\/strong>-cl\u00ednico, profesor titular de la Cuarta C\u00e1tedra de Medicina Interna de la Facultad de Medicina de la UBA y director del Departamento de Medicina del Hospital Jos\u00e9 de San Martin de Buenos Aires- y <strong>Guillermo Marcucci<\/strong> -diabet\u00f3logo, profesor titular de la C\u00e1tedra de Cl\u00ednica M\u00e9dica de la UNCuyo y jefe del Departamento de Cl\u00ednica M\u00e9dica del Hospital Lagomaggiore- dar\u00e1n una charla de acceso libre y gratuito en el sal\u00f3n cultural Malvinas Argentinas de la Municipalidad de Las Heras. Ser\u00e1 ma\u00f1ana 20 de setiembre a las 18 horas, para todo p\u00fablico y tambi\u00e9n para equipos de salud interesados en perfeccionar sus conocimientos.<\/p>\n\n\n\n<div style=\"height:20px\" aria-hidden=\"true\" class=\"wp-block-spacer\"><\/div>\n\n\n\n<ul class=\"wp-block-gallery aligncenter columns-2 is-cropped wp-block-gallery-1 is-layout-flex wp-block-gallery-is-layout-flex\"><li class=\"blocks-gallery-item\"><figure><img loading=\"lazy\" decoding=\"async\" width=\"403\" height=\"403\" src=\"https:\/\/enolife.com.ar\/es\/wp-content\/uploads\/2019\/09\/authors.20545.picture.w_800.q_90.jpg.jpg\" alt=\"\" data-id=\"3267\" data-link=\"https:\/\/enolife.com.ar\/es\/?attachment_id=3267\" class=\"wp-image-3267\" srcset=\"https:\/\/enolife.com.ar\/es\/wp-content\/uploads\/2019\/09\/authors.20545.picture.w_800.q_90.jpg.jpg 403w, https:\/\/enolife.com.ar\/es\/wp-content\/uploads\/2019\/09\/authors.20545.picture.w_800.q_90.jpg-150x150.jpg 150w, https:\/\/enolife.com.ar\/es\/wp-content\/uploads\/2019\/09\/authors.20545.picture.w_800.q_90.jpg-300x300.jpg 300w\" sizes=\"auto, (max-width: 403px) 100vw, 403px\" \/><figcaption>Dr. Roberto I\u00e9rmoli<\/figcaption><\/figure><\/li><li class=\"blocks-gallery-item\"><figure><img loading=\"lazy\" decoding=\"async\" width=\"480\" height=\"360\" src=\"https:\/\/enolife.com.ar\/es\/wp-content\/uploads\/2019\/09\/hqdefault.jpg\" alt=\"\" data-id=\"3268\" data-link=\"https:\/\/enolife.com.ar\/es\/?attachment_id=3268\" class=\"wp-image-3268\" srcset=\"https:\/\/enolife.com.ar\/es\/wp-content\/uploads\/2019\/09\/hqdefault.jpg 480w, https:\/\/enolife.com.ar\/es\/wp-content\/uploads\/2019\/09\/hqdefault-300x225.jpg 300w\" sizes=\"auto, (max-width: 480px) 100vw, 480px\" \/><figcaption>Dr. Guillermo Marcucci<\/figcaption><\/figure><\/li><\/ul>\n\n\n\n<div style=\"height:20px\" aria-hidden=\"true\" class=\"wp-block-spacer\"><\/div>\n\n\n\n<p>La charla est\u00e1 organizada en forma conjunta por la Direcci\u00f3n de Promoci\u00f3n y Prevenci\u00f3n de la Salud&nbsp; del Ministerio de Salud, Desarrollo Social y Deportes del Gobierno de Mendoza (dentro de su programa de Prevenci\u00f3n de Enfermedades Cardiovasculares) y por el servicio de Salud Mental del Hospital Lagomaggiore. En la gesti\u00f3n de la actividad trabajaron en conjunto el m\u00e9dico cardi\u00f3logo <strong>Alejandro Saracco<\/strong>, el m\u00e9dico reumat\u00f3logo <strong>Alberto Recabarren<\/strong> y la m\u00e9dica psiquiatra <strong>Celia del Canto Gim\u00e9nez<\/strong>, jefa del servicio de Salud Mental del Hospital Laggomagiore.<\/p>\n\n\n\n<div style=\"height:81px\" aria-hidden=\"true\" class=\"wp-block-spacer\"><\/div>\n\n\n\n<div class=\"wp-block-image\"><figure class=\"alignleft is-resized\"><img loading=\"lazy\" decoding=\"async\" src=\"https:\/\/enolife.com.ar\/es\/wp-content\/uploads\/2019\/09\/javi-luz-1-1024x682.jpg\" alt=\"\" class=\"wp-image-3271\" width=\"391\" height=\"260\" srcset=\"https:\/\/enolife.com.ar\/es\/wp-content\/uploads\/2019\/09\/javi-luz-1-1024x682.jpg 1024w, https:\/\/enolife.com.ar\/es\/wp-content\/uploads\/2019\/09\/javi-luz-1-300x200.jpg 300w, https:\/\/enolife.com.ar\/es\/wp-content\/uploads\/2019\/09\/javi-luz-1-768x512.jpg 768w, https:\/\/enolife.com.ar\/es\/wp-content\/uploads\/2019\/09\/javi-luz-1-1170x780.jpg 1170w, https:\/\/enolife.com.ar\/es\/wp-content\/uploads\/2019\/09\/javi-luz-1-780x516.jpg 780w, https:\/\/enolife.com.ar\/es\/wp-content\/uploads\/2019\/09\/javi-luz-1-585x390.jpg 585w, https:\/\/enolife.com.ar\/es\/wp-content\/uploads\/2019\/09\/javi-luz-1.jpg 2000w\" sizes=\"auto, (max-width: 391px) 100vw, 391px\" \/><figcaption><em><strong>Javier Figueroa, brindando en su resto<\/strong><\/em><\/figcaption><\/figure><\/div>\n\n\n\n<p class=\"has-background has-medium-font-size has-pale-pink-background-color\"><strong>Polifenoles a la mesa<\/strong><\/p>\n\n\n\n<p class=\"has-background has-pale-pink-background-color\">Tras la charla en la Municipalidad de Las Heras, los disertantes y organizadores nos confiaron que a la noche ir\u00e1n a cenar al restaurante Rogelio (Renato Zanz\u00edn 1458 de Godoy Cruz), cuyo due\u00f1o, el m\u00fasico, abogado y chef Javier Figueroa, es un experto conocedor del tema polifenoles. Estos m\u00e1gicos compuestos qu\u00edmicos, ben\u00e9ficos por donde se los mire, tambi\u00e9n subir\u00e1n a escena, pero en ese momento en forma de buenos vinos mendocinos. As\u00ed que los que vayan a la charla y se queden con dudas, ya saben a d\u00f3nde ir a plantearlas despu\u00e9s. \u00a1Y de paso a brindar con los expertos! \u00a1Salud!<\/p>\n","protected":false},"excerpt":{"rendered":"<p>Desde hace tiempo se conoce que los polifenoles, una sustancia presente en algunas frutas y&hellip;<\/p>\n","protected":false},"author":3,"featured_media":3276,"comment_status":"open","ping_status":"open","sticky":false,"template":"","format":"standard","meta":{"footnotes":""},"categories":[14],"tags":[],"class_list":["post-3259","post","type-post","status-publish","format-standard","has-post-thumbnail","hentry","category-news"],"_links":{"self":[{"href":"https:\/\/enolife.com.ar\/es\/wp-json\/wp\/v2\/posts\/3259","targetHints":{"allow":["GET"]}}],"collection":[{"href":"https:\/\/enolife.com.ar\/es\/wp-json\/wp\/v2\/posts"}],"about":[{"href":"https:\/\/enolife.com.ar\/es\/wp-json\/wp\/v2\/types\/post"}],"author":[{"embeddable":true,"href":"https:\/\/enolife.com.ar\/es\/wp-json\/wp\/v2\/users\/3"}],"replies":[{"embeddable":true,"href":"https:\/\/enolife.com.ar\/es\/wp-json\/wp\/v2\/comments?post=3259"}],"version-history":[{"count":0,"href":"https:\/\/enolife.com.ar\/es\/wp-json\/wp\/v2\/posts\/3259\/revisions"}],"wp:featuredmedia":[{"embeddable":true,"href":"https:\/\/enolife.com.ar\/es\/wp-json\/wp\/v2\/media\/3276"}],"wp:attachment":[{"href":"https:\/\/enolife.com.ar\/es\/wp-json\/wp\/v2\/media?parent=3259"}],"wp:term":[{"taxonomy":"category","embeddable":true,"href":"https:\/\/enolife.com.ar\/es\/wp-json\/wp\/v2\/categories?post=3259"},{"taxonomy":"post_tag","embeddable":true,"href":"https:\/\/enolife.com.ar\/es\/wp-json\/wp\/v2\/tags?post=3259"}],"curies":[{"name":"wp","href":"https:\/\/api.w.org\/{rel}","templated":true}]}}