{"id":32429,"date":"2021-03-26T12:32:36","date_gmt":"2021-03-26T12:32:36","guid":{"rendered":"http:\/\/enolife.com.ar\/es\/?p=32429"},"modified":"2021-03-30T01:35:25","modified_gmt":"2021-03-30T01:35:25","slug":"la-oiv-ofrece-un-curso-para-conocer-las-ultimas-tendencias-en-ampelografia-y-recursos-geneticos","status":"publish","type":"post","link":"https:\/\/enolife.com.ar\/es\/la-oiv-ofrece-un-curso-para-conocer-las-ultimas-tendencias-en-ampelografia-y-recursos-geneticos\/","title":{"rendered":"La OIV ofrece un curso para conocer las \u00faltimas tendencias en ampelograf\u00eda y recursos gen\u00e9ticos"},"content":{"rendered":"\n<h4 class=\"wp-block-heading\"><em><strong>La Organizaci\u00f3n  Internacional de la Vi\u00f1a y el Vino (OIV) relanza, despu\u00e9s de 33 a\u00f1os, su Curso Internacional de Ampelograf\u00eda, que permitir\u00e1 a los participantes adquirir un conocimiento profundo sobre la identificaci\u00f3n y la clasificaci\u00f3n de las variedades de vid, preparando profesionales en las \u00faltimas tendencias en recursos gen\u00e9ticos, cambio clim\u00e1tico y expectativas medioambientales de la sociedad. El objetivo es formar una red de polos y expertos con conocimientos pr\u00e1cticos y de vanguardia impartido por especialistas de diferentes pa\u00edses.<\/strong><\/em><\/h4>\n\n\n\n<div style=\"height:52px\" aria-hidden=\"true\" class=\"wp-block-spacer\"><\/div>\n\n\n\n\n\n<div style=\"height:72px\" aria-hidden=\"true\" class=\"wp-block-spacer\"><\/div>\n\n\n\n<p>Como organizaci\u00f3n de referencia cient\u00edfica y t\u00e9cnica en el mundo de la vid y el vino, el papel de la OIV es participar activamente en la promoci\u00f3n de esta disciplina fundamental, ya que un buen conocimiento del vino se basa en la comprensi\u00f3n de la vid. <\/p>\n\n\n\n<p>Al reafirmar la naturaleza cient\u00edfica y t\u00e9cnica de la ampelograf\u00eda, la OIV enfatiza el hecho de que esta disciplina incluye tanto la tradici\u00f3n como la innovaci\u00f3n. En este mundo en vertiginoso cambio,&nbsp;es parte de la labor de la OIV y sus expertos contribuir a desarrollar y respaldar la ampelograf\u00eda y los recursos de la vid como un \u00e1mbito importante para la sostenibilidad&nbsp;del sector.<\/p>\n\n\n\n<div class=\"wp-block-image\"><figure class=\"alignleft is-resized\"><img loading=\"lazy\" decoding=\"async\" src=\"https:\/\/www.oiv.int\/public\/medias\/7853\/ampelografia-vuelve-el-curso-de-la-oiv.png\" alt=\"\" width=\"372\" height=\"279\"\/><\/figure><\/div>\n\n\n\n<p>El objetivo principal es tanto formar a profesionales y expertos en el campo de la \u00abAmpelograf\u00eda y Recursos Gen\u00e9ticos\u00bb, como crear una red de polos y expertos&nbsp;que puedan intercambiar continuamente en torno a este importante aspecto para el sector vitivin\u00edcola. <\/p>\n\n\n\n<p>Con este fin, los cursos se dise\u00f1an en colaboraci\u00f3n con actores internacionales y la OIV se apoya en los conocimientos y la experiencia de importantes centros t\u00e9cnicos, de investigaci\u00f3n y de formaci\u00f3n de Francia &#8211; en Montpellier, en cooperaci\u00f3n con el IFV&nbsp;(Instituto Franc\u00e9s de la Vid y el Vino), el INRAE&nbsp;(Instituto Nacional de Investigaci\u00f3n para la Agricultura, la Alimentaci\u00f3n y el Medio Ambiente) y el Instituto Agro Montpellier SupAgro&nbsp;&nbsp;-Espa\u00f1a &#8211; con la Colecci\u00f3n de Variedades de Vid de \u201cEl Enc\u00edn\u201d, Alcal\u00e1 de Henares, Madrid, perteneciente al IMIDRA (Instituto Madrile\u00f1o de Investigaci\u00f3n y Desarrollo Rural, Agrario y Alimentario).<\/p>\n\n\n\n<div style=\"height:20px\" aria-hidden=\"true\" class=\"wp-block-spacer\"><\/div>\n\n\n\n<p class=\"has-background has-very-light-gray-background-color\"><strong>Para m\u00e1s detalles, puede enviar un correo electr\u00f3nico a:&nbsp;<a href=\"https:\/\/www.oiv.int\/es\/actualidad-de-la-oiv\/oivampelography@oiv.int\" target=\"_blank\" rel=\"noreferrer noopener\">oivampelography@oiv.int<\/a>&nbsp;<\/strong><\/p>\n\n\n\n<div style=\"height:20px\" aria-hidden=\"true\" class=\"wp-block-spacer\"><\/div>\n\n\n\n<p class=\"has-medium-font-size\"><strong>Antecedentes hist\u00f3ricos<\/strong><\/p>\n\n\n\n<p>El Curso Internacional de Ampelograf\u00eda tiene una importancia hist\u00f3rica en la OIV, ya que su aparici\u00f3n se remonta a 1938, cuando el t\u00e9rmino \u00abampelograf\u00eda\u00bb fue citado en la Organizaci\u00f3n por primera vez. Aproximadamente 10 a\u00f1os despu\u00e9s, en 1949, se cre\u00f3 una comisi\u00f3n sobre ampelograf\u00eda para liderar el trabajo relativo a la creaci\u00f3n del Registro Ampelogr\u00e1fico Internacional de la OIV.<\/p>\n\n\n\n<p>En la d\u00e9cada de 1990, considerando la importancia de la identificaci\u00f3n de variedades en el sector vitivin\u00edcola internacional y la necesidad de divulgar a un p\u00fablico m\u00e1s amplio el trabajo t\u00e9cnico y cient\u00edfico en el campo de la ampelograf\u00eda, la OIV lanz\u00f3 un primer ciclo de cursos sobre ampelograf\u00eda: en 1988 en Italia (ISV Conegliano), en 1990 en Francia (ENSA Montpellier) y en 1992 en Alemania (BZWG-IR Geilweilerhof). <\/p>\n\n\n\n<p>Hoy, la OIV relanza su iniciativa completamente renovada con un ciclo de cursos internacionales en ampelograf\u00eda. <\/p>\n","protected":false},"excerpt":{"rendered":"<p>La Organizaci\u00f3n Internacional de la Vi\u00f1a y el Vino (OIV) relanza, despu\u00e9s de 33 a\u00f1os,&hellip;<\/p>\n","protected":false},"author":3,"featured_media":32435,"comment_status":"open","ping_status":"open","sticky":false,"template":"","format":"standard","meta":{"footnotes":""},"categories":[47],"tags":[],"class_list":["post-32429","post","type-post","status-publish","format-standard","has-post-thumbnail","hentry","category-agenda"],"_links":{"self":[{"href":"https:\/\/enolife.com.ar\/es\/wp-json\/wp\/v2\/posts\/32429","targetHints":{"allow":["GET"]}}],"collection":[{"href":"https:\/\/enolife.com.ar\/es\/wp-json\/wp\/v2\/posts"}],"about":[{"href":"https:\/\/enolife.com.ar\/es\/wp-json\/wp\/v2\/types\/post"}],"author":[{"embeddable":true,"href":"https:\/\/enolife.com.ar\/es\/wp-json\/wp\/v2\/users\/3"}],"replies":[{"embeddable":true,"href":"https:\/\/enolife.com.ar\/es\/wp-json\/wp\/v2\/comments?post=32429"}],"version-history":[{"count":0,"href":"https:\/\/enolife.com.ar\/es\/wp-json\/wp\/v2\/posts\/32429\/revisions"}],"wp:featuredmedia":[{"embeddable":true,"href":"https:\/\/enolife.com.ar\/es\/wp-json\/wp\/v2\/media\/32435"}],"wp:attachment":[{"href":"https:\/\/enolife.com.ar\/es\/wp-json\/wp\/v2\/media?parent=32429"}],"wp:term":[{"taxonomy":"category","embeddable":true,"href":"https:\/\/enolife.com.ar\/es\/wp-json\/wp\/v2\/categories?post=32429"},{"taxonomy":"post_tag","embeddable":true,"href":"https:\/\/enolife.com.ar\/es\/wp-json\/wp\/v2\/tags?post=32429"}],"curies":[{"name":"wp","href":"https:\/\/api.w.org\/{rel}","templated":true}]}}