{"id":32315,"date":"2021-03-24T02:57:16","date_gmt":"2021-03-24T02:57:16","guid":{"rendered":"http:\/\/enolife.com.ar\/es\/?p=32315"},"modified":"2021-03-25T18:52:10","modified_gmt":"2021-03-25T18:52:10","slug":"cinco-bodegas-del-valle-de-uco-y-10-de-zona-este-recibiran-1725-m-para-cosecha-y-acarreo","status":"publish","type":"post","link":"https:\/\/enolife.com.ar\/es\/cinco-bodegas-del-valle-de-uco-y-10-de-zona-este-recibiran-1725-m-para-cosecha-y-acarreo\/","title":{"rendered":"Cinco bodegas del Valle de Uco y 10 de Zona Este recibir\u00e1n $172,5 M para cosecha y acarreo"},"content":{"rendered":"\n<h4 class=\"wp-block-heading\"><em><strong>De las 39 empresas mendocinas inscriptas para acceder a los cr\u00e9ditos que otorga el gobierno de Mendoza, 15 ya fueron aprobadas y en los pr\u00f3ximos d\u00edas recibir\u00e1n el dinero. Ayer, 5 establecimientos del Valle de Uco se sumaron a los primeros 10 de la Zona Este. Y otros 13 de esa zona vitivin\u00edcola conformada por los departamentos de Tupungato, Tunuy\u00e1n y San Carlos firmar\u00e1n en cuanto ultimen los detalles legales. La financiaci\u00f3n es a tasa cero y a valor producto, con destino a la cosecha, el acarreo y la elaboraci\u00f3n de uvas b\u00e1sicas para elaborar mosto sulfitado y tambi\u00e9n, por primera vez, para procesar uva malbec. <\/strong><\/em><\/h4>\n\n\n\n<div style=\"height:39px\" aria-hidden=\"true\" class=\"wp-block-spacer\"><\/div>\n\n\n\n\n\n<div style=\"height:59px\" aria-hidden=\"true\" class=\"wp-block-spacer\"><\/div>\n\n\n\n<p>Del total de los 39 establecimientos que se inscribieron en esta operatoria, hasta el momento se han firmado 10 contratos con bodegas de la zona Este y 6 del Valle de Uco. Estos \u00faltimos corresponden a 5 establecimientos: A<strong>ntonio Francisco C\u00f3rica, Cooperativa Vista Flores, Vitivin\u00edcola MayceGroup SA, Cooperativa San Carlos SUD y H\u00e9ctor Meli SRL.<\/strong> El primer contrato es para elaboraci\u00f3n de mosto y malbec y el resto para malbec solamente.<\/p>\n\n\n\n<div style=\"height:20px\" aria-hidden=\"true\" class=\"wp-block-spacer\"><\/div>\n\n\n\n<div class=\"wp-block-image\"><figure class=\"aligncenter\"><img decoding=\"async\" src=\"https:\/\/www.mendoza.gov.ar\/wp-content\/uploads\/sites\/5\/2021\/03\/WhatsApp-Image-2021-03-23-at-16.25.27-1.jpeg\" alt=\"\"\/><figcaption><strong>El acto de firma de contratos, en el hotel Fuente Mayor de Tunuy\u00e1n, presidido por el ministro de Econom\u00eda de Mendoza, Enrique Vaqui\u00e9.<\/strong><\/figcaption><\/figure><\/div>\n\n\n\n<div style=\"height:20px\" aria-hidden=\"true\" class=\"wp-block-spacer\"><\/div>\n\n\n\n<p>En el marco de la apertura del acto, el titular de la cartera econ\u00f3mica provincial, Enrique Vaqui\u00e9, se\u00f1al\u00f3: \u00abBuscamos priorizar el empleo y las inversiones privadas y en aquellos lugares donde el mercado no funcione en competencia perfecta, nosotros tenemos la obligaci\u00f3n de intervenir para superar las imperfecciones, ya sea porque haya alg\u00fan sector dominante o porque algunos tengan m\u00e1s informaci\u00f3n que otros\u00bb.<\/p>\n\n\n\n<p>Vaqui\u00e9 agreg\u00f3: \u00abLo que intentamos, cuando fijamos un precio, es cubrir esa imperfecci\u00f3n de informaciones. Entendemos que, en Argentina y Mendoza, la vitivinicultura es posible si los productores est\u00e1n en tiempo, entonces por esto tambi\u00e9n intervenimos\u00bb.<\/p>\n\n\n\n<p>A su turno, el titular del Banco de Vinos de Mendoza, Alfredo Aciar, estim\u00f3: \u00abCreo que esta operatoria va a dar sus frutos en el mediano y largo plazo. Son seis bodegas y hay algunas m\u00e1s que est\u00e1n en la lista de espera en esta zona. Los precios que se estaban formando no eran precios de mercado. Se ven\u00eda especulando bastante con el tema y ven\u00edamos de un a\u00f1o de precios muy bajos, particularmente de la uva malbec. Es por ello que decidimos intervenir\u00bb.<\/p>\n\n\n\n<p>\u00abEstamos a tiempo con esta operatoria y, si bien no tenemos registros oficiales, los precios que se est\u00e1n formando son mucho m\u00e1s elevados de los que se dec\u00eda que iban a ser al principio de esta historia. Los productores hoy cuentan con una nueva herramienta, cuid\u00e9mosla, porque seguramente nos traer\u00e1 beneficios para todos\u00bb, agreg\u00f3 Aciar<\/p>\n\n\n\n<p>Seg\u00fan detallaron desde el ministerio de Econom\u00eda, para este a\u00f1o se ha proyectado un precio referencial de 20 pesos por kilo para las uvas b\u00e1sicas con destino a mosto. Al momento de realizarse el anuncio, este monto rondaba los $14 y actualmente est\u00e1 bastante cercano a ese precio estimado de $20. Para la uva malbec, se estableci\u00f3 un valor de $40 el kilo para la zona Noroeste de la provincia, $50 para la Primera Zona y la Regi\u00f3n Sur, y de 65 para el Valle de Uco.<\/p>\n\n\n\n<div style=\"height:20px\" aria-hidden=\"true\" class=\"wp-block-spacer\"><\/div>\n\n\n\n<p class=\"has-small-font-size\"><em><strong>Fuente: Gobierno de Mendoza<\/strong><\/em><\/p>\n\n\n\n<div style=\"height:20px\" aria-hidden=\"true\" class=\"wp-block-spacer\"><\/div>\n","protected":false},"excerpt":{"rendered":"<p>De las 39 empresas mendocinas inscriptas para acceder a los cr\u00e9ditos que otorga el gobierno&hellip;<\/p>\n","protected":false},"author":3,"featured_media":32327,"comment_status":"open","ping_status":"open","sticky":false,"template":"","format":"standard","meta":{"footnotes":""},"categories":[14],"tags":[],"class_list":["post-32315","post","type-post","status-publish","format-standard","has-post-thumbnail","hentry","category-news"],"_links":{"self":[{"href":"https:\/\/enolife.com.ar\/es\/wp-json\/wp\/v2\/posts\/32315","targetHints":{"allow":["GET"]}}],"collection":[{"href":"https:\/\/enolife.com.ar\/es\/wp-json\/wp\/v2\/posts"}],"about":[{"href":"https:\/\/enolife.com.ar\/es\/wp-json\/wp\/v2\/types\/post"}],"author":[{"embeddable":true,"href":"https:\/\/enolife.com.ar\/es\/wp-json\/wp\/v2\/users\/3"}],"replies":[{"embeddable":true,"href":"https:\/\/enolife.com.ar\/es\/wp-json\/wp\/v2\/comments?post=32315"}],"version-history":[{"count":0,"href":"https:\/\/enolife.com.ar\/es\/wp-json\/wp\/v2\/posts\/32315\/revisions"}],"wp:featuredmedia":[{"embeddable":true,"href":"https:\/\/enolife.com.ar\/es\/wp-json\/wp\/v2\/media\/32327"}],"wp:attachment":[{"href":"https:\/\/enolife.com.ar\/es\/wp-json\/wp\/v2\/media?parent=32315"}],"wp:term":[{"taxonomy":"category","embeddable":true,"href":"https:\/\/enolife.com.ar\/es\/wp-json\/wp\/v2\/categories?post=32315"},{"taxonomy":"post_tag","embeddable":true,"href":"https:\/\/enolife.com.ar\/es\/wp-json\/wp\/v2\/tags?post=32315"}],"curies":[{"name":"wp","href":"https:\/\/api.w.org\/{rel}","templated":true}]}}