{"id":32235,"date":"2021-03-23T19:38:00","date_gmt":"2021-03-23T19:38:00","guid":{"rendered":"http:\/\/enolife.com.ar\/es\/?p=32235"},"modified":"2021-12-01T20:49:45","modified_gmt":"2021-12-01T20:49:45","slug":"las-mujeres-del-vino-distinguieron-a-5-profesionales-mendocinas-por-su-talento-y-trayectoria","status":"publish","type":"post","link":"https:\/\/enolife.com.ar\/es\/las-mujeres-del-vino-distinguieron-a-5-profesionales-mendocinas-por-su-talento-y-trayectoria\/","title":{"rendered":"Las mujeres del vino distinguieron a 5 profesionales mendocinas por su talento y trayectoria"},"content":{"rendered":"\n<h4 class=\"wp-block-heading\"><em><strong>Mar\u00eda Lorena Cepparo (empresaria), Graciela Moretti (arquitecta), Cristina Pandolfi (agr\u00f3noma), Florencia Scafati (artista) y Claudia Yanz\u00f3n (empresaria) fueron las homenajeadas por la Asociaci\u00f3n Mujeres del Vino de Argentina (Amuva) en reconocimiento a su trabajo, vocaci\u00f3n y logros profesionales. As\u00ed, esta Asociaci\u00f3n Civil (sin fines de lucro) integrada por f\u00e9minas vinculadas al mundo del vino, tanto como empresarias o en\u00f3logas como por entusiastas de nuestra bebida nacional, se insertan en la sociedad local poniendo en escena la tarea destacada de sus pares.<\/strong><\/em>   <\/h4>\n\n\n\n<div style=\"height:35px\" aria-hidden=\"true\" class=\"wp-block-spacer\"><\/div>\n\n\n<a href=\"https:\/\/www.irrigacion.gov.ar\/web\/\" aria-label=\"irrigaci\u00f3n-1700X500\"><img loading=\"lazy\" decoding=\"async\" src=\"https:\/\/enolife.com.ar\/es\/wp-content\/uploads\/2021\/02\/irrigacion-1700X500.gif\" alt=\"\"  width=\"1700\" height=\"500\"   \/><\/a>\n\n\n<div style=\"height:57px\" aria-hidden=\"true\" class=\"wp-block-spacer\"><\/div>\n\n\n\n<p>La <strong>Asociaci\u00f3n Mujeres del Vino de Argentina (Amuva)<\/strong>, conmemor\u00f3 en fecha reciente el D\u00eda internacional de la Mujer con un agasajo en la Bodega Cheval des Andes, de Las Compuertas, Luj\u00e1n de Cuyo, durante el cual se entreg\u00f3 la distinci\u00f3n \u00abAmuva 2020\u00bb a cinco mujeres destacadas de la provincia de Mendoza. <\/p>\n\n\n\n<div style=\"height:20px\" aria-hidden=\"true\" class=\"wp-block-spacer\"><\/div>\n\n\n\n<div class=\"wp-block-image\"><figure class=\"aligncenter size-large is-resized\"><img loading=\"lazy\" decoding=\"async\" src=\"https:\/\/enolife.com.ar\/es\/wp-content\/uploads\/2021\/03\/Nuestra-locutora-Lila-Levinson-y-parte-de-los-asistentes-a-la-distinci\u00f3n-1024x683.jpg\" alt=\"\" class=\"wp-image-32261\" width=\"533\" height=\"355\" srcset=\"https:\/\/enolife.com.ar\/es\/wp-content\/uploads\/2021\/03\/Nuestra-locutora-Lila-Levinson-y-parte-de-los-asistentes-a-la-distinci\u00f3n-1024x683.jpg 1024w, https:\/\/enolife.com.ar\/es\/wp-content\/uploads\/2021\/03\/Nuestra-locutora-Lila-Levinson-y-parte-de-los-asistentes-a-la-distinci\u00f3n-300x200.jpg 300w, https:\/\/enolife.com.ar\/es\/wp-content\/uploads\/2021\/03\/Nuestra-locutora-Lila-Levinson-y-parte-de-los-asistentes-a-la-distinci\u00f3n-768x512.jpg 768w, https:\/\/enolife.com.ar\/es\/wp-content\/uploads\/2021\/03\/Nuestra-locutora-Lila-Levinson-y-parte-de-los-asistentes-a-la-distinci\u00f3n-1536x1024.jpg 1536w, https:\/\/enolife.com.ar\/es\/wp-content\/uploads\/2021\/03\/Nuestra-locutora-Lila-Levinson-y-parte-de-los-asistentes-a-la-distinci\u00f3n-2048x1365.jpg 2048w, https:\/\/enolife.com.ar\/es\/wp-content\/uploads\/2021\/03\/Nuestra-locutora-Lila-Levinson-y-parte-de-los-asistentes-a-la-distinci\u00f3n-1170x780.jpg 1170w, https:\/\/enolife.com.ar\/es\/wp-content\/uploads\/2021\/03\/Nuestra-locutora-Lila-Levinson-y-parte-de-los-asistentes-a-la-distinci\u00f3n-585x390.jpg 585w\" sizes=\"auto, (max-width: 533px) 100vw, 533px\" \/><figcaption><strong>Durante el evento, con Lila Levinson como locutora<\/strong><\/figcaption><\/figure><\/div>\n\n\n\n<div style=\"height:20px\" aria-hidden=\"true\" class=\"wp-block-spacer\"><\/div>\n\n\n\n<p>Cada a\u00f1o, Amuva elige a mujeres de diversas disciplinas por su trabajo, vocaci\u00f3n y trayectoria y les brinda un homenaje en representaci\u00f3n de todas las mujeres de nuestra sociedad.&nbsp;<\/p>\n\n\n\n<div style=\"height:20px\" aria-hidden=\"true\" class=\"wp-block-spacer\"><\/div>\n\n\n\n<p class=\"has-medium-font-size\"><strong>Las distinguidas de Amuva en esta ocasi\u00f3n fueron:<\/strong><\/p>\n\n\n\n<div style=\"height:20px\" aria-hidden=\"true\" class=\"wp-block-spacer\"><\/div>\n\n\n\n<div class=\"wp-block-image\"><figure class=\"alignleft size-large is-resized\"><img loading=\"lazy\" decoding=\"async\" src=\"https:\/\/enolife.com.ar\/es\/wp-content\/uploads\/2021\/03\/Lorena-Cepparo.jpg\" alt=\"\" class=\"wp-image-32255\" width=\"130\" height=\"130\" srcset=\"https:\/\/enolife.com.ar\/es\/wp-content\/uploads\/2021\/03\/Lorena-Cepparo.jpg 200w, https:\/\/enolife.com.ar\/es\/wp-content\/uploads\/2021\/03\/Lorena-Cepparo-150x150.jpg 150w\" sizes=\"auto, (max-width: 130px) 100vw, 130px\" \/><\/figure><\/div>\n\n\n\n<p class=\"has-background has-very-light-gray-background-color\">&#8211;<strong>Licenciada Mar\u00eda Lorena Cepparo<\/strong>, por su valioso trabajo solidario en el \u00e1rea de responsabilidad social empresaria y en el desarrollo de nuevas pol\u00edticas de sustentabilidad de la provincia.<\/p>\n\n\n\n<div style=\"height:20px\" aria-hidden=\"true\" class=\"wp-block-spacer\"><\/div>\n\n\n\n<div class=\"wp-block-image\"><figure class=\"alignleft size-large is-resized\"><img loading=\"lazy\" decoding=\"async\" src=\"https:\/\/enolife.com.ar\/es\/wp-content\/uploads\/2021\/03\/s200_graciela.moretti-1.jpg\" alt=\"\" class=\"wp-image-32257\" width=\"123\" height=\"123\" srcset=\"https:\/\/enolife.com.ar\/es\/wp-content\/uploads\/2021\/03\/s200_graciela.moretti-1.jpg 200w, https:\/\/enolife.com.ar\/es\/wp-content\/uploads\/2021\/03\/s200_graciela.moretti-1-150x150.jpg 150w\" sizes=\"auto, (max-width: 123px) 100vw, 123px\" \/><\/figure><\/div>\n\n\n\n<p class=\"has-background has-very-light-gray-background-color\">&#8211;<strong>Arquitecta Graciela Moretti<\/strong>, por su destacada labor en la Comisi\u00f3n Nacional de Monumentos y como investigadora del patrimonio cultural arquitect\u00f3nico provincial.<\/p>\n\n\n\n<div style=\"height:20px\" aria-hidden=\"true\" class=\"wp-block-spacer\"><\/div>\n\n\n\n<div class=\"wp-block-image\"><figure class=\"alignleft size-large is-resized\"><img loading=\"lazy\" decoding=\"async\" src=\"https:\/\/enolife.com.ar\/es\/wp-content\/uploads\/2021\/03\/cristina-pandolfi.jpg\" alt=\"\" class=\"wp-image-32258\" width=\"124\" height=\"124\" srcset=\"https:\/\/enolife.com.ar\/es\/wp-content\/uploads\/2021\/03\/cristina-pandolfi.jpg 640w, https:\/\/enolife.com.ar\/es\/wp-content\/uploads\/2021\/03\/cristina-pandolfi-300x300.jpg 300w, https:\/\/enolife.com.ar\/es\/wp-content\/uploads\/2021\/03\/cristina-pandolfi-150x150.jpg 150w, https:\/\/enolife.com.ar\/es\/wp-content\/uploads\/2021\/03\/cristina-pandolfi-585x585.jpg 585w\" sizes=\"auto, (max-width: 124px) 100vw, 124px\" \/><\/figure><\/div>\n\n\n\n<p class=\"has-background has-very-light-gray-background-color\">&#8211;<strong>Ingeniera agr\u00f3noma Cristina Pandolfi<\/strong>, por su trayectoria en la industria vitivin\u00edcola&nbsp;como investigadora, representante de Argentina ante la Organizaci\u00f3n Internacional de la Vi\u00f1a y el Vino (OIV) y jurado internacional de concursos de vinos en el mundo.<\/p>\n\n\n\n<div style=\"height:20px\" aria-hidden=\"true\" class=\"wp-block-spacer\"><\/div>\n\n\n\n<div class=\"wp-block-image\"><figure class=\"alignleft size-large is-resized\"><img loading=\"lazy\" decoding=\"async\" src=\"https:\/\/enolife.com.ar\/es\/wp-content\/uploads\/2021\/03\/florencia-scaffati.jpg\" alt=\"\" class=\"wp-image-32259\" width=\"129\" height=\"132\" srcset=\"https:\/\/enolife.com.ar\/es\/wp-content\/uploads\/2021\/03\/florencia-scaffati.jpg 494w, https:\/\/enolife.com.ar\/es\/wp-content\/uploads\/2021\/03\/florencia-scaffati-293x300.jpg 293w\" sizes=\"auto, (max-width: 129px) 100vw, 129px\" \/><\/figure><\/div>\n\n\n\n<p class=\"has-background has-very-light-gray-background-color\">&#8211;<strong>Artista pl\u00e1stica&nbsp;Florencia Scafati<\/strong>, por su destacado aporte a las artes pl\u00e1sticas como muralista, ilustradora y ceramista, \u00e1mbitos en donde resalta la esencia de la figura femenina.<\/p>\n\n\n\n<div style=\"height:20px\" aria-hidden=\"true\" class=\"wp-block-spacer\"><\/div>\n\n\n\n<div class=\"wp-block-image\"><figure class=\"alignleft size-large is-resized\"><img loading=\"lazy\" decoding=\"async\" src=\"https:\/\/enolife.com.ar\/es\/wp-content\/uploads\/2021\/03\/claudia-yanzon.jpg\" alt=\"\" class=\"wp-image-32260\" width=\"131\" height=\"139\" srcset=\"https:\/\/enolife.com.ar\/es\/wp-content\/uploads\/2021\/03\/claudia-yanzon.jpg 484w, https:\/\/enolife.com.ar\/es\/wp-content\/uploads\/2021\/03\/claudia-yanzon-281x300.jpg 281w\" sizes=\"auto, (max-width: 131px) 100vw, 131px\" \/><\/figure><\/div>\n\n\n\n<p class=\"has-background has-very-light-gray-background-color\">&#8211;<strong>Licenciada Claudia Yanz\u00f3n<\/strong>, como empresaria destacada en el enoturismo, su docencia universitaria y su fuerte compromiso en la concientizaci\u00f3n tur\u00edstica en San Juan y Mendoza.<\/p>\n\n\n\n<div style=\"height:20px\" aria-hidden=\"true\" class=\"wp-block-spacer\"><\/div>\n\n\n\n<p>Los asistentes al homenaje fueron recibidos por la contadora <strong>Susana Hemsy, presidenta de Amuva<\/strong>, junto a las dem\u00e1s integrantes de la comisi\u00f3n directiva de la instituci\u00f3n. <\/p>\n\n\n\n<div style=\"height:20px\" aria-hidden=\"true\" class=\"wp-block-spacer\"><\/div>\n\n\n\n<div class=\"wp-block-image\"><figure class=\"aligncenter size-large\"><img loading=\"lazy\" decoding=\"async\" width=\"1024\" height=\"683\" src=\"https:\/\/enolife.com.ar\/es\/wp-content\/uploads\/2021\/03\/Susana-Hemsy-Faviana-Tejada-Gomez-Liliana-Pescarmona-1-1024x683.jpg\" alt=\"\" class=\"wp-image-32275\" srcset=\"https:\/\/enolife.com.ar\/es\/wp-content\/uploads\/2021\/03\/Susana-Hemsy-Faviana-Tejada-Gomez-Liliana-Pescarmona-1-1024x683.jpg 1024w, https:\/\/enolife.com.ar\/es\/wp-content\/uploads\/2021\/03\/Susana-Hemsy-Faviana-Tejada-Gomez-Liliana-Pescarmona-1-300x200.jpg 300w, https:\/\/enolife.com.ar\/es\/wp-content\/uploads\/2021\/03\/Susana-Hemsy-Faviana-Tejada-Gomez-Liliana-Pescarmona-1-768x512.jpg 768w, https:\/\/enolife.com.ar\/es\/wp-content\/uploads\/2021\/03\/Susana-Hemsy-Faviana-Tejada-Gomez-Liliana-Pescarmona-1-1536x1024.jpg 1536w, https:\/\/enolife.com.ar\/es\/wp-content\/uploads\/2021\/03\/Susana-Hemsy-Faviana-Tejada-Gomez-Liliana-Pescarmona-1-2048x1365.jpg 2048w, https:\/\/enolife.com.ar\/es\/wp-content\/uploads\/2021\/03\/Susana-Hemsy-Faviana-Tejada-Gomez-Liliana-Pescarmona-1-1170x780.jpg 1170w, https:\/\/enolife.com.ar\/es\/wp-content\/uploads\/2021\/03\/Susana-Hemsy-Faviana-Tejada-Gomez-Liliana-Pescarmona-1-585x390.jpg 585w\" sizes=\"auto, (max-width: 1024px) 100vw, 1024px\" \/><figcaption><strong>Susana Hemsy, Fabiana Tejada G\u00f3mez y Liliana Pescarmona<\/strong><\/figcaption><\/figure><\/div>\n\n\n\n<div class=\"wp-block-image\"><figure class=\"aligncenter size-large\"><img loading=\"lazy\" decoding=\"async\" width=\"1024\" height=\"683\" src=\"https:\/\/enolife.com.ar\/es\/wp-content\/uploads\/2021\/03\/Giovanna-Gianelli-Fatima-Villagra-Cristina-Pandolfi-Daniela-Tiezzi-Vanesa-Tornaghi-1024x683.jpg\" alt=\"\" class=\"wp-image-32272\" srcset=\"https:\/\/enolife.com.ar\/es\/wp-content\/uploads\/2021\/03\/Giovanna-Gianelli-Fatima-Villagra-Cristina-Pandolfi-Daniela-Tiezzi-Vanesa-Tornaghi-1024x683.jpg 1024w, https:\/\/enolife.com.ar\/es\/wp-content\/uploads\/2021\/03\/Giovanna-Gianelli-Fatima-Villagra-Cristina-Pandolfi-Daniela-Tiezzi-Vanesa-Tornaghi-300x200.jpg 300w, https:\/\/enolife.com.ar\/es\/wp-content\/uploads\/2021\/03\/Giovanna-Gianelli-Fatima-Villagra-Cristina-Pandolfi-Daniela-Tiezzi-Vanesa-Tornaghi-768x512.jpg 768w, https:\/\/enolife.com.ar\/es\/wp-content\/uploads\/2021\/03\/Giovanna-Gianelli-Fatima-Villagra-Cristina-Pandolfi-Daniela-Tiezzi-Vanesa-Tornaghi-1536x1024.jpg 1536w, https:\/\/enolife.com.ar\/es\/wp-content\/uploads\/2021\/03\/Giovanna-Gianelli-Fatima-Villagra-Cristina-Pandolfi-Daniela-Tiezzi-Vanesa-Tornaghi-2048x1365.jpg 2048w, https:\/\/enolife.com.ar\/es\/wp-content\/uploads\/2021\/03\/Giovanna-Gianelli-Fatima-Villagra-Cristina-Pandolfi-Daniela-Tiezzi-Vanesa-Tornaghi-1170x780.jpg 1170w, https:\/\/enolife.com.ar\/es\/wp-content\/uploads\/2021\/03\/Giovanna-Gianelli-Fatima-Villagra-Cristina-Pandolfi-Daniela-Tiezzi-Vanesa-Tornaghi-585x390.jpg 585w\" sizes=\"auto, (max-width: 1024px) 100vw, 1024px\" \/><figcaption><strong>Giovanna Gianelli, F\u00e1tima Villagra, Cristina Pandolfi, Daniela Tiezzi y Vanesa Tornaghi<\/strong><\/figcaption><\/figure><\/div>\n\n\n\n<div style=\"height:20px\" aria-hidden=\"true\" class=\"wp-block-spacer\"><\/div>\n\n\n\n<p>La actividad comenz\u00f3 con unas palabras de bienvenida por parte de Hemsy. Luego, las integrantes de la comisi\u00f3n directiva entregaron las distinciones Auva a las homenajeadas y brindaron un agradecimiento especial a <strong>Gerald Gabillet<\/strong>, en\u00f3logo de Cheval des Andes, por su hospitalidad. <\/p>\n\n\n\n<div style=\"height:20px\" aria-hidden=\"true\" class=\"wp-block-spacer\"><\/div>\n\n\n\n<div class=\"wp-block-image\"><figure class=\"aligncenter size-large\"><img loading=\"lazy\" decoding=\"async\" width=\"1024\" height=\"683\" src=\"https:\/\/enolife.com.ar\/es\/wp-content\/uploads\/2021\/03\/Liliana-Seggiaro-Adriana-Martinez-Gerald-gabillet-Gabriela-Videla-Nancy-Lopez-1024x683.jpg\" alt=\"\" class=\"wp-image-32271\" srcset=\"https:\/\/enolife.com.ar\/es\/wp-content\/uploads\/2021\/03\/Liliana-Seggiaro-Adriana-Martinez-Gerald-gabillet-Gabriela-Videla-Nancy-Lopez-1024x683.jpg 1024w, https:\/\/enolife.com.ar\/es\/wp-content\/uploads\/2021\/03\/Liliana-Seggiaro-Adriana-Martinez-Gerald-gabillet-Gabriela-Videla-Nancy-Lopez-300x200.jpg 300w, https:\/\/enolife.com.ar\/es\/wp-content\/uploads\/2021\/03\/Liliana-Seggiaro-Adriana-Martinez-Gerald-gabillet-Gabriela-Videla-Nancy-Lopez-768x512.jpg 768w, https:\/\/enolife.com.ar\/es\/wp-content\/uploads\/2021\/03\/Liliana-Seggiaro-Adriana-Martinez-Gerald-gabillet-Gabriela-Videla-Nancy-Lopez-1536x1024.jpg 1536w, https:\/\/enolife.com.ar\/es\/wp-content\/uploads\/2021\/03\/Liliana-Seggiaro-Adriana-Martinez-Gerald-gabillet-Gabriela-Videla-Nancy-Lopez-2048x1365.jpg 2048w, https:\/\/enolife.com.ar\/es\/wp-content\/uploads\/2021\/03\/Liliana-Seggiaro-Adriana-Martinez-Gerald-gabillet-Gabriela-Videla-Nancy-Lopez-1170x780.jpg 1170w, https:\/\/enolife.com.ar\/es\/wp-content\/uploads\/2021\/03\/Liliana-Seggiaro-Adriana-Martinez-Gerald-gabillet-Gabriela-Videla-Nancy-Lopez-585x390.jpg 585w\" sizes=\"auto, (max-width: 1024px) 100vw, 1024px\" \/><figcaption><strong>Liliana Seggiaro, Adriana Mart\u00ednez, Gerald Gabillet, Gabriela Videla y Nancy L\u00f3pez<\/strong><\/figcaption><\/figure><\/div>\n\n\n\n<div class=\"wp-block-image\"><figure class=\"aligncenter size-large\"><img loading=\"lazy\" decoding=\"async\" width=\"1024\" height=\"683\" src=\"https:\/\/enolife.com.ar\/es\/wp-content\/uploads\/2021\/03\/Marcela-Carrizo-Laura-Barta-Fabiana-Kanefsck-Marcela-Andino-1024x683.jpg\" alt=\"\" class=\"wp-image-32263\" srcset=\"https:\/\/enolife.com.ar\/es\/wp-content\/uploads\/2021\/03\/Marcela-Carrizo-Laura-Barta-Fabiana-Kanefsck-Marcela-Andino-1024x683.jpg 1024w, https:\/\/enolife.com.ar\/es\/wp-content\/uploads\/2021\/03\/Marcela-Carrizo-Laura-Barta-Fabiana-Kanefsck-Marcela-Andino-300x200.jpg 300w, https:\/\/enolife.com.ar\/es\/wp-content\/uploads\/2021\/03\/Marcela-Carrizo-Laura-Barta-Fabiana-Kanefsck-Marcela-Andino-768x512.jpg 768w, https:\/\/enolife.com.ar\/es\/wp-content\/uploads\/2021\/03\/Marcela-Carrizo-Laura-Barta-Fabiana-Kanefsck-Marcela-Andino-1536x1024.jpg 1536w, https:\/\/enolife.com.ar\/es\/wp-content\/uploads\/2021\/03\/Marcela-Carrizo-Laura-Barta-Fabiana-Kanefsck-Marcela-Andino-2048x1365.jpg 2048w, https:\/\/enolife.com.ar\/es\/wp-content\/uploads\/2021\/03\/Marcela-Carrizo-Laura-Barta-Fabiana-Kanefsck-Marcela-Andino-1170x780.jpg 1170w, https:\/\/enolife.com.ar\/es\/wp-content\/uploads\/2021\/03\/Marcela-Carrizo-Laura-Barta-Fabiana-Kanefsck-Marcela-Andino-585x390.jpg 585w\" sizes=\"auto, (max-width: 1024px) 100vw, 1024px\" \/><figcaption><strong>Marcela Carrizo, Laura Barta, Fabiana Kanefsck y Marcela Andino<\/strong><\/figcaption><\/figure><\/div>\n\n\n\n<div style=\"height:20px\" aria-hidden=\"true\" class=\"wp-block-spacer\"><\/div>\n\n\n\n<p>La cantante l\u00edrica&nbsp;<strong>Marcela Carrizo<\/strong> y el pianista <strong>Mariano Colombo <\/strong>deleitaron al grupo con un ameno repertorio, con canciones en espa\u00f1ol y franc\u00e9s. Finalmente, todos disfrutaron de bocadillos, vinos de Cheval des Andes y espumantes de Chandon.<\/p>\n\n\n\n<div style=\"height:20px\" aria-hidden=\"true\" class=\"wp-block-spacer\"><\/div>\n\n\n\n<div class=\"wp-block-image\"><figure class=\"aligncenter size-large\"><img loading=\"lazy\" decoding=\"async\" width=\"1024\" height=\"683\" src=\"https:\/\/enolife.com.ar\/es\/wp-content\/uploads\/2021\/03\/Nancy-Lopez-Gabriela-Videla-Carina-Egea-Celeste-Foschi-Graciela-Saieg-1024x683.jpg\" alt=\"\" class=\"wp-image-32264\" srcset=\"https:\/\/enolife.com.ar\/es\/wp-content\/uploads\/2021\/03\/Nancy-Lopez-Gabriela-Videla-Carina-Egea-Celeste-Foschi-Graciela-Saieg-1024x683.jpg 1024w, https:\/\/enolife.com.ar\/es\/wp-content\/uploads\/2021\/03\/Nancy-Lopez-Gabriela-Videla-Carina-Egea-Celeste-Foschi-Graciela-Saieg-300x200.jpg 300w, https:\/\/enolife.com.ar\/es\/wp-content\/uploads\/2021\/03\/Nancy-Lopez-Gabriela-Videla-Carina-Egea-Celeste-Foschi-Graciela-Saieg-768x512.jpg 768w, https:\/\/enolife.com.ar\/es\/wp-content\/uploads\/2021\/03\/Nancy-Lopez-Gabriela-Videla-Carina-Egea-Celeste-Foschi-Graciela-Saieg-1536x1024.jpg 1536w, https:\/\/enolife.com.ar\/es\/wp-content\/uploads\/2021\/03\/Nancy-Lopez-Gabriela-Videla-Carina-Egea-Celeste-Foschi-Graciela-Saieg-2048x1365.jpg 2048w, https:\/\/enolife.com.ar\/es\/wp-content\/uploads\/2021\/03\/Nancy-Lopez-Gabriela-Videla-Carina-Egea-Celeste-Foschi-Graciela-Saieg-1170x780.jpg 1170w, https:\/\/enolife.com.ar\/es\/wp-content\/uploads\/2021\/03\/Nancy-Lopez-Gabriela-Videla-Carina-Egea-Celeste-Foschi-Graciela-Saieg-585x390.jpg 585w\" sizes=\"auto, (max-width: 1024px) 100vw, 1024px\" \/><figcaption><strong>Nancy L\u00f3pez, Gabriela Videla, Carina Egea, Celeste Foschi y Graciela Saieg<\/strong><\/figcaption><\/figure><\/div>\n\n\n\n<div style=\"height:20px\" aria-hidden=\"true\" class=\"wp-block-spacer\"><\/div>\n\n\n\n<div class=\"wp-block-image\"><figure class=\"aligncenter size-large\"><img loading=\"lazy\" decoding=\"async\" width=\"1024\" height=\"683\" src=\"https:\/\/enolife.com.ar\/es\/wp-content\/uploads\/2021\/03\/Raquel-Romano-y-representantes-del-INV-Natalia-Arabi-Katbi-e-Ivanna-Barea-1-1024x683.jpg\" alt=\"\" class=\"wp-image-32279\" srcset=\"https:\/\/enolife.com.ar\/es\/wp-content\/uploads\/2021\/03\/Raquel-Romano-y-representantes-del-INV-Natalia-Arabi-Katbi-e-Ivanna-Barea-1-1024x683.jpg 1024w, https:\/\/enolife.com.ar\/es\/wp-content\/uploads\/2021\/03\/Raquel-Romano-y-representantes-del-INV-Natalia-Arabi-Katbi-e-Ivanna-Barea-1-300x200.jpg 300w, https:\/\/enolife.com.ar\/es\/wp-content\/uploads\/2021\/03\/Raquel-Romano-y-representantes-del-INV-Natalia-Arabi-Katbi-e-Ivanna-Barea-1-768x512.jpg 768w, https:\/\/enolife.com.ar\/es\/wp-content\/uploads\/2021\/03\/Raquel-Romano-y-representantes-del-INV-Natalia-Arabi-Katbi-e-Ivanna-Barea-1-1536x1024.jpg 1536w, https:\/\/enolife.com.ar\/es\/wp-content\/uploads\/2021\/03\/Raquel-Romano-y-representantes-del-INV-Natalia-Arabi-Katbi-e-Ivanna-Barea-1-2048x1365.jpg 2048w, https:\/\/enolife.com.ar\/es\/wp-content\/uploads\/2021\/03\/Raquel-Romano-y-representantes-del-INV-Natalia-Arabi-Katbi-e-Ivanna-Barea-1-1170x780.jpg 1170w, https:\/\/enolife.com.ar\/es\/wp-content\/uploads\/2021\/03\/Raquel-Romano-y-representantes-del-INV-Natalia-Arabi-Katbi-e-Ivanna-Barea-1-585x390.jpg 585w\" sizes=\"auto, (max-width: 1024px) 100vw, 1024px\" \/><figcaption><strong>Representantes del INV Natalia Arabi Katbi, Ivanna Barea y Raquel Romano<\/strong><\/figcaption><\/figure><\/div>\n\n\n\n<div style=\"height:20px\" aria-hidden=\"true\" class=\"wp-block-spacer\"><\/div>\n\n\n\n<p>Amuva es la primera Asociaci\u00f3n civil sin fines de lucro y con personer\u00eda jur\u00eddica del pa\u00eds integrada \u00fanicamente por mujeres profesionales y entusiastas del vino.<\/p>\n\n\n\n<p>Uno de sus objetivos principales es difundir la cultura del vino y de otros productos de la regi\u00f3n a trav\u00e9s de diversas actividades y acciones tales como congresos, seminarios, exposiciones, intercambios culturales, conferencias, cursos, talleres, visitas a bodegas, etc\u00e9tera, para promover e impulsar el consumo responsable del vino en nuestro pa\u00eds mediante el aporte de la mujer.<\/p>\n","protected":false},"excerpt":{"rendered":"<p>Mar\u00eda Lorena Cepparo (empresaria), Graciela Moretti (arquitecta), Cristina Pandolfi (agr\u00f3noma), Florencia Scafati (artista) y Claudia&hellip;<\/p>\n","protected":false},"author":3,"featured_media":32281,"comment_status":"open","ping_status":"open","sticky":false,"template":"","format":"standard","meta":{"footnotes":""},"categories":[7,14],"tags":[],"class_list":["post-32235","post","type-post","status-publish","format-standard","has-post-thumbnail","hentry","category-vino","category-news"],"_links":{"self":[{"href":"https:\/\/enolife.com.ar\/es\/wp-json\/wp\/v2\/posts\/32235","targetHints":{"allow":["GET"]}}],"collection":[{"href":"https:\/\/enolife.com.ar\/es\/wp-json\/wp\/v2\/posts"}],"about":[{"href":"https:\/\/enolife.com.ar\/es\/wp-json\/wp\/v2\/types\/post"}],"author":[{"embeddable":true,"href":"https:\/\/enolife.com.ar\/es\/wp-json\/wp\/v2\/users\/3"}],"replies":[{"embeddable":true,"href":"https:\/\/enolife.com.ar\/es\/wp-json\/wp\/v2\/comments?post=32235"}],"version-history":[{"count":0,"href":"https:\/\/enolife.com.ar\/es\/wp-json\/wp\/v2\/posts\/32235\/revisions"}],"wp:featuredmedia":[{"embeddable":true,"href":"https:\/\/enolife.com.ar\/es\/wp-json\/wp\/v2\/media\/32281"}],"wp:attachment":[{"href":"https:\/\/enolife.com.ar\/es\/wp-json\/wp\/v2\/media?parent=32235"}],"wp:term":[{"taxonomy":"category","embeddable":true,"href":"https:\/\/enolife.com.ar\/es\/wp-json\/wp\/v2\/categories?post=32235"},{"taxonomy":"post_tag","embeddable":true,"href":"https:\/\/enolife.com.ar\/es\/wp-json\/wp\/v2\/tags?post=32235"}],"curies":[{"name":"wp","href":"https:\/\/api.w.org\/{rel}","templated":true}]}}