{"id":32162,"date":"2021-03-21T01:41:56","date_gmt":"2021-03-21T01:41:56","guid":{"rendered":"http:\/\/enolife.com.ar\/es\/?p=32162"},"modified":"2021-03-24T01:31:02","modified_gmt":"2021-03-24T01:31:02","slug":"vuelve-musica-clasica-por-los-caminos-del-vino-en-homenaje-a-piazzolla","status":"publish","type":"post","link":"https:\/\/enolife.com.ar\/es\/vuelve-musica-clasica-por-los-caminos-del-vino-en-homenaje-a-piazzolla\/","title":{"rendered":"Vuelve M\u00fasica Cl\u00e1sica por los Caminos del Vino en homenaje a Piazzolla"},"content":{"rendered":"\n<h4 class=\"wp-block-heading\"><em><strong>Tras un par\u00e9ntesis de un a\u00f1o, Mendoza ofrecer\u00e1 en Semana Santa una nueva edici\u00f3n de uno de los festivales m\u00e1s convocantes de su calendario cultural y tur\u00edstico. Con mayor\u00eda de recitales al aire libre, este a\u00f1o el cl\u00e1sico evento est\u00e1 dedicado al famoso y admirado compositor, a 100 a\u00f1os de su nacimiento. Uno de los grupos que tocar\u00e1n entre vi\u00f1edos y bodegas es Escalandrum, liderado por Daniel \u00abPipi\u00bb Piazzolla, nieto de Astor.<\/strong><\/em><\/h4>\n\n\n\n<div style=\"height:20px\" aria-hidden=\"true\" class=\"wp-block-spacer\"><\/div>\n\n\n<a href=\"https:\/\/www.irrigacion.gov.ar\/web\/\" aria-label=\"irrigaci\u00f3n-1700X500\"><img loading=\"lazy\" decoding=\"async\" src=\"https:\/\/enolife.com.ar\/es\/wp-content\/uploads\/2021\/02\/irrigacion-1700X500.gif\" alt=\"\"  width=\"1700\" height=\"500\"   \/><\/a>\n\n\n<div style=\"height:57px\" aria-hidden=\"true\" class=\"wp-block-spacer\"><\/div>\n\n\n\n<p>Con estrictos protocolos sanitarios, M\u00fasica Cl\u00e1sica por los Caminos del Vino se desarrollar\u00e1 del 28 de marzo al 4 de abril y contar\u00e1 con el apoyo del Fondo Vitivin\u00edcola, Bodegas de Argentina y la Fundaci\u00f3n Astor Piazzolla.<\/p>\n\n\n\n<p>Est\u00e1 edici\u00f3n ser\u00e1 en homenaje al m\u00fasico argentino reconocido mundialmente, a cien a\u00f1os de su nacimiento y formar\u00e1 parte de un ciclo de eventos nacionales e internacionales.<\/p>\n\n\n\n<p>Este a\u00f1o se ha programado la mayor\u00eda de los conciertos al aire libre, con cupo reducido y estrictos controles sanitarios. Este formato permite preservar el trabajo de los artistas mendocinos y argentinos participantes, a la vez que ofrecer una atractiva propuesta tur\u00edstica en Semana Santa, en la que la cultura har\u00e1 un gran aporte al bienestar de los mendocinos y mendocinas, en este contexto.<\/p>\n\n\n\n<p>Habr\u00e1 decenas de conciertos a cargo de m\u00fasicos locales, en espacios enotur\u00edsticos de toda la provincia y vendr\u00e1 a Mendoza, como invitado especial, al prestigioso sexteto Escalandrum, liderado por el nieto de Astor, Daniel \u00abPipi\u00bb Piazzolla. <\/p>\n\n\n\n<p>El Festival llegar\u00e1 a los 18 departamentos de Mendoza, en sitios emblem\u00e1ticos y con entrada gratuita. La propuesta para este a\u00f1o incluye, adem\u00e1s, 25 experiencias en bodegas, que incluir\u00e1n una interesante oferta gastron\u00f3mica.<\/p>\n\n\n\n<div style=\"height:20px\" aria-hidden=\"true\" class=\"wp-block-spacer\"><\/div>\n\n\n\n<p class=\"has-medium-font-size\"><strong>Propuestas destacadas<\/strong><\/p>\n\n\n\n<ul class=\"wp-block-list\"><li>Concierto en el emblem\u00e1tico Hotel de Villavicencio, en la Reserva Natural Villavicencio, en Las Heras, al norte de la Capital mendocina, el domingo 28, a las 15.30, a cargo de Brasstor.<\/li><li>Piazzolla Eterno, con la Orquesta Filarm\u00f3nica de Mendoza y artistas invitados, el mismo d\u00eda, a las 21, en el Teatro Independencia<\/li><li>Cl\u00ednica\/charla abierta, a cargo de Escalandrum, el s\u00e1bado 3, a las 11, tambi\u00e9n en el Teatro Independencia, la sala mayor de Mendoza.<\/li><li>Cierre, con Escalandrum, el grupo integrado por \u201cPipi\u201d Piazzolla, y con una Gala l\u00edrica, el domingo 4 a las 16.30, en Finca Decero.<\/li><\/ul>\n\n\n\n<p>Entre las&nbsp;\u00abExperiencias en bodegas\u00bb, mendocinos y turistas podr\u00e1n disfrutar de conciertos en todos los oasis vitivin\u00edcolas de la provincia, acompa\u00f1ados de diversas propuestas gastron\u00f3micas.<\/p>\n\n\n\n<p>Entre las medidas adoptadas por la pandemia en esta edici\u00f3n 2021 del Festival, los tickets para los conciertos gratuitos y las reservas para las experiencias pagas en bodegas, deben gestionarse \u00fanicamente a trav\u00e9s del sitio&nbsp;<a href=\"http:\/\/www.mendoza.gov.ar\/cultura\" target=\"_blank\" rel=\"noreferrer noopener\">www.mendoza.gov.ar\/cultura<\/a>, a partir del martes 23 de marzo.<\/p>\n\n\n\n<div style=\"height:20px\" aria-hidden=\"true\" class=\"wp-block-spacer\"><\/div>\n\n\n\n<p class=\"has-medium-font-size\"><strong>Un cl\u00e1sico vigente<\/strong><\/p>\n\n\n\n<p>Creado en abril de 2000, el Festival tiene como objetivo difundir la m\u00fasica cl\u00e1sica en un marco de bodegas y vi\u00f1edos, justo en plena \u00e9poca de cosecha.<\/p>\n\n\n\n<p>Organizado por el Gobierno de Mendoza, a lo largo de sus 21 a\u00f1os de trayectoria se ha constituido como uno de los mayores atractivos tur\u00edsticos y art\u00edsticos de la provincia.<\/p>\n\n\n\n<p>Este cl\u00e1sico del calendario cultural cuyano conjuga m\u00fasica, gastronom\u00eda y vino, en conciertos que involucran a destacados artistas locales, provinciales, nacionales e internacionales.<\/p>\n\n\n\n<p>Las presentaciones se realizan en bodegas, sitios patrimoniales y espacios naturales de los 18 departamentos de Mendoza y recorren miles de kil\u00f3metros de toda la provincia.<\/p>\n","protected":false},"excerpt":{"rendered":"<p>Tras un par\u00e9ntesis de un a\u00f1o, Mendoza ofrecer\u00e1 en Semana Santa una nueva edici\u00f3n de&hellip;<\/p>\n","protected":false},"author":3,"featured_media":32181,"comment_status":"open","ping_status":"open","sticky":false,"template":"","format":"standard","meta":{"footnotes":""},"categories":[34],"tags":[],"class_list":["post-32162","post","type-post","status-publish","format-standard","has-post-thumbnail","hentry","category-cultura1"],"_links":{"self":[{"href":"https:\/\/enolife.com.ar\/es\/wp-json\/wp\/v2\/posts\/32162","targetHints":{"allow":["GET"]}}],"collection":[{"href":"https:\/\/enolife.com.ar\/es\/wp-json\/wp\/v2\/posts"}],"about":[{"href":"https:\/\/enolife.com.ar\/es\/wp-json\/wp\/v2\/types\/post"}],"author":[{"embeddable":true,"href":"https:\/\/enolife.com.ar\/es\/wp-json\/wp\/v2\/users\/3"}],"replies":[{"embeddable":true,"href":"https:\/\/enolife.com.ar\/es\/wp-json\/wp\/v2\/comments?post=32162"}],"version-history":[{"count":0,"href":"https:\/\/enolife.com.ar\/es\/wp-json\/wp\/v2\/posts\/32162\/revisions"}],"wp:featuredmedia":[{"embeddable":true,"href":"https:\/\/enolife.com.ar\/es\/wp-json\/wp\/v2\/media\/32181"}],"wp:attachment":[{"href":"https:\/\/enolife.com.ar\/es\/wp-json\/wp\/v2\/media?parent=32162"}],"wp:term":[{"taxonomy":"category","embeddable":true,"href":"https:\/\/enolife.com.ar\/es\/wp-json\/wp\/v2\/categories?post=32162"},{"taxonomy":"post_tag","embeddable":true,"href":"https:\/\/enolife.com.ar\/es\/wp-json\/wp\/v2\/tags?post=32162"}],"curies":[{"name":"wp","href":"https:\/\/api.w.org\/{rel}","templated":true}]}}