{"id":32152,"date":"2021-03-21T00:50:40","date_gmt":"2021-03-21T00:50:40","guid":{"rendered":"http:\/\/enolife.com.ar\/es\/?p=32152"},"modified":"2021-03-23T19:38:30","modified_gmt":"2021-03-23T19:38:30","slug":"reabre-la-cava-de-arte-de-bodega-santa-julia-con-furlani-labiano-y-magis-artistas-plasticas","status":"publish","type":"post","link":"https:\/\/enolife.com.ar\/es\/reabre-la-cava-de-arte-de-bodega-santa-julia-con-furlani-labiano-y-magis-artistas-plasticas\/","title":{"rendered":"Reabre la Cava de Arte de Bodega Santa Julia con Furlani, Labiano y Magis, artistas pl\u00e1sticas"},"content":{"rendered":"\n<h4 class=\"wp-block-heading\"><em><strong>El espacio dedicado al arte de Bodega Santa Julia -en Maip\u00fa, Mendoza- vuelve a la actividad despu\u00e9s de un obligado par\u00e9ntesis por el covid. Con la tutela de la anfitriona Julia Zuccardi y la mirada est\u00e9tica de la curadora Pupi Ag\u00fcero, exponen sus dibujos, pinturas y esculturas las reconocidas creadoras mendocinas Marcela Furlani, Estela Labiano y Vivian Magis. La muestra est\u00e1 abierta para todo p\u00fablico, sin reserva previa, todos los d\u00edas de 9 a 18.<\/strong><\/em><\/h4>\n\n\n\n<div style=\"height:22px\" aria-hidden=\"true\" class=\"wp-block-spacer\"><\/div>\n\n\n<a href=\"https:\/\/sudafilt.com\/\" aria-label=\"SUDAFILT 1700X500 NOV25\"><img loading=\"lazy\" decoding=\"async\" src=\"https:\/\/enolife.com.ar\/es\/wp-content\/uploads\/2020\/07\/SUDAFILT-1700X500-NOV25.gif\" alt=\"\"  width=\"1700\" height=\"500\"   \/><\/a>\n\n\n<div style=\"height:67px\" aria-hidden=\"true\" class=\"wp-block-spacer\"><\/div>\n\n\n\n<p>En el marco de la celebraci\u00f3n por el D\u00eda de la Mujer, desde el pasado 8 de marzo, est\u00e1 reabierta la <strong>Cava de Arte de la Bodega Santa Julia<\/strong>, sobre la Ruta Provincial 33, km 7,5, Maip\u00fa, Mendoza.<\/p>\n\n\n\n<p>Luego de una larga espera, la Cava de Arte,que hace m\u00e1s de 15 a\u00f1os busca apoyar a artistas reconocidos y emergentes, retoma su agenda de exposiciones con la muestra <strong>\u00abVolver a Volver<\/strong>\u00ab, que presenta un interesante recorrido por los dibujos, pinturas y esculturas de las reconocidas <strong>Marcela Furlani, Estela Labiano y Vivian Magis<\/strong>.<\/p>\n\n\n\n<div style=\"height:20px\" aria-hidden=\"true\" class=\"wp-block-spacer\"><\/div>\n\n\n\n<figure class=\"wp-block-gallery aligncenter columns-2 is-cropped wp-block-gallery-1 is-layout-flex wp-block-gallery-is-layout-flex\"><ul class=\"blocks-gallery-grid\"><li class=\"blocks-gallery-item\"><figure><img loading=\"lazy\" decoding=\"async\" width=\"341\" height=\"512\" src=\"https:\/\/enolife.com.ar\/es\/wp-content\/uploads\/2021\/03\/s3z4indahkib94ebl20210317180000.jpg\" alt=\"\" data-id=\"32165\" data-link=\"https:\/\/enolife.com.ar\/es\/?attachment_id=32165\" class=\"wp-image-32165\" srcset=\"https:\/\/enolife.com.ar\/es\/wp-content\/uploads\/2021\/03\/s3z4indahkib94ebl20210317180000.jpg 341w, https:\/\/enolife.com.ar\/es\/wp-content\/uploads\/2021\/03\/s3z4indahkib94ebl20210317180000-200x300.jpg 200w\" sizes=\"auto, (max-width: 341px) 100vw, 341px\" \/><\/figure><\/li><li class=\"blocks-gallery-item\"><figure><img loading=\"lazy\" decoding=\"async\" width=\"268\" height=\"387\" src=\"https:\/\/enolife.com.ar\/es\/wp-content\/uploads\/2021\/03\/s34qcx63yzvmy96ue20210317180000.jpg\" alt=\"\" data-id=\"32166\" data-full-url=\"https:\/\/enolife.com.ar\/es\/wp-content\/uploads\/2021\/03\/s34qcx63yzvmy96ue20210317180000.jpg\" data-link=\"https:\/\/enolife.com.ar\/es\/?attachment_id=32166\" class=\"wp-image-32166\" srcset=\"https:\/\/enolife.com.ar\/es\/wp-content\/uploads\/2021\/03\/s34qcx63yzvmy96ue20210317180000.jpg 268w, https:\/\/enolife.com.ar\/es\/wp-content\/uploads\/2021\/03\/s34qcx63yzvmy96ue20210317180000-208x300.jpg 208w\" sizes=\"auto, (max-width: 268px) 100vw, 268px\" \/><\/figure><\/li><\/ul><\/figure>\n\n\n\n<div style=\"height:20px\" aria-hidden=\"true\" class=\"wp-block-spacer\"><\/div>\n\n\n\n<p>\u00abEs un privilegio para nosotros tener la posibilidad de celebrar a tres incre\u00edbles mujeres y artistas en nuestra cava y poder darle la oportunidad no s\u00f3lo a los vecinos de Mendoza, sino tambi\u00e9n a todos los turistas que nos visitan de observar y compartir esta gran muestra de arte\u00bb, expres\u00f3 <strong>Julia Zuccardi<\/strong>, encargada de Turismo y Casa del Visitante.<\/p>\n\n\n\n<div style=\"height:20px\" aria-hidden=\"true\" class=\"wp-block-spacer\"><\/div>\n\n\n\n<figure class=\"wp-block-gallery aligncenter columns-2 is-cropped wp-block-gallery-2 is-layout-flex wp-block-gallery-is-layout-flex\"><ul class=\"blocks-gallery-grid\"><li class=\"blocks-gallery-item\"><figure><img loading=\"lazy\" decoding=\"async\" width=\"322\" height=\"425\" src=\"https:\/\/enolife.com.ar\/es\/wp-content\/uploads\/2021\/03\/sa14wqodo8og8f8c220210317180000.jpg\" alt=\"\" data-id=\"32167\" data-link=\"https:\/\/enolife.com.ar\/es\/?attachment_id=32167\" class=\"wp-image-32167\" srcset=\"https:\/\/enolife.com.ar\/es\/wp-content\/uploads\/2021\/03\/sa14wqodo8og8f8c220210317180000.jpg 322w, https:\/\/enolife.com.ar\/es\/wp-content\/uploads\/2021\/03\/sa14wqodo8og8f8c220210317180000-227x300.jpg 227w\" sizes=\"auto, (max-width: 322px) 100vw, 322px\" \/><\/figure><\/li><li class=\"blocks-gallery-item\"><figure><img loading=\"lazy\" decoding=\"async\" width=\"281\" height=\"378\" src=\"https:\/\/enolife.com.ar\/es\/wp-content\/uploads\/2021\/03\/skwxuj02hl6rdpdm020210317180000.jpg\" alt=\"\" data-id=\"32168\" data-full-url=\"https:\/\/enolife.com.ar\/es\/wp-content\/uploads\/2021\/03\/skwxuj02hl6rdpdm020210317180000.jpg\" data-link=\"https:\/\/enolife.com.ar\/es\/?attachment_id=32168\" class=\"wp-image-32168\" srcset=\"https:\/\/enolife.com.ar\/es\/wp-content\/uploads\/2021\/03\/skwxuj02hl6rdpdm020210317180000.jpg 281w, https:\/\/enolife.com.ar\/es\/wp-content\/uploads\/2021\/03\/skwxuj02hl6rdpdm020210317180000-223x300.jpg 223w\" sizes=\"auto, (max-width: 281px) 100vw, 281px\" \/><\/figure><\/li><\/ul><\/figure>\n\n\n\n<div style=\"height:20px\" aria-hidden=\"true\" class=\"wp-block-spacer\"><\/div>\n\n\n\n<p>La muestra cuenta con la puesta en escena y asesoramiento de <strong>Pupi Aguero<\/strong>, experta en arte (en la foto principal, primera desde la izquierda, seguida por Vivian Magis, Estela Labiano, Julia Zuccardi y Marcela Furlani)<\/p>\n\n\n\n<div style=\"height:20px\" aria-hidden=\"true\" class=\"wp-block-spacer\"><\/div>\n\n\n\n<figure class=\"wp-block-gallery aligncenter columns-2 is-cropped wp-block-gallery-3 is-layout-flex wp-block-gallery-is-layout-flex\"><ul class=\"blocks-gallery-grid\"><li class=\"blocks-gallery-item\"><figure><img loading=\"lazy\" decoding=\"async\" width=\"316\" height=\"377\" src=\"https:\/\/enolife.com.ar\/es\/wp-content\/uploads\/2021\/03\/s4ub2hgegqmoxag1v20210317180000.jpg\" alt=\"\" data-id=\"32169\" data-link=\"https:\/\/enolife.com.ar\/es\/?attachment_id=32169\" class=\"wp-image-32169\" srcset=\"https:\/\/enolife.com.ar\/es\/wp-content\/uploads\/2021\/03\/s4ub2hgegqmoxag1v20210317180000.jpg 316w, https:\/\/enolife.com.ar\/es\/wp-content\/uploads\/2021\/03\/s4ub2hgegqmoxag1v20210317180000-251x300.jpg 251w\" sizes=\"auto, (max-width: 316px) 100vw, 316px\" \/><\/figure><\/li><li class=\"blocks-gallery-item\"><figure><img loading=\"lazy\" decoding=\"async\" width=\"200\" height=\"289\" src=\"https:\/\/enolife.com.ar\/es\/wp-content\/uploads\/2021\/03\/sgal6n0qrnztoqu0620210317180000.jpg\" alt=\"\" data-id=\"32170\" data-full-url=\"https:\/\/enolife.com.ar\/es\/wp-content\/uploads\/2021\/03\/sgal6n0qrnztoqu0620210317180000.jpg\" data-link=\"https:\/\/enolife.com.ar\/es\/?attachment_id=32170\" class=\"wp-image-32170\"\/><\/figure><\/li><\/ul><\/figure>\n\n\n\n<div style=\"height:20px\" aria-hidden=\"true\" class=\"wp-block-spacer\"><\/div>\n\n\n\n<p class=\"has-medium-font-size\"><strong>Tres mujeres, tres miradas del mundo<\/strong><\/p>\n\n\n\n<div style=\"height:20px\" aria-hidden=\"true\" class=\"wp-block-spacer\"><\/div>\n\n\n\n<div class=\"wp-block-image\"><figure class=\"alignleft size-large is-resized\"><img loading=\"lazy\" decoding=\"async\" src=\"https:\/\/enolife.com.ar\/es\/wp-content\/uploads\/2021\/03\/volver-a-volver.jpg\" alt=\"\" class=\"wp-image-32172\" width=\"329\" height=\"435\" srcset=\"https:\/\/enolife.com.ar\/es\/wp-content\/uploads\/2021\/03\/volver-a-volver.jpg 391w, https:\/\/enolife.com.ar\/es\/wp-content\/uploads\/2021\/03\/volver-a-volver-227x300.jpg 227w\" sizes=\"auto, (max-width: 329px) 100vw, 329px\" \/><\/figure><\/div>\n\n\n\n<p><strong>Vivian Magis<\/strong> es una artista consagrada de la ciudad de Mendoza, que se destaca por sus obras escult\u00f3ricas, realizadas fundamentalmente en cer\u00e1mica.<\/p>\n\n\n\n<p>Ha participado como jurado en numerosos concursos y tambi\u00e9n fue galardonada con importantes premios de orden provincial, nacional e internacional.<\/p>\n\n\n\n<p><strong>Estela Labiano<\/strong>, profesora en Artes Visuales, ha recorrido el mundo con su arte, caracterizado por el dibujo y la pintura en obras distinguidas por la expresividad del gesto en el trazo. Ha participado de Salones de muestra de Mendoza, San Juan, San Luis y Buenos Aires, por los cuales obtuvo premios e importantes distinciones en pa\u00edses como M\u00e9xico y Estados Unidos.<\/p>\n\n\n\n<p><strong>Marcela Furlani<\/strong> es una artista de amplia trayectoria art\u00edstica, que se divide entre la producci\u00f3n de obras y la gesti\u00f3n en el arte. Destaca entre sus t\u00e9cnicas el grabado y la exploraci\u00f3n con variados materiales en cada una de sus muestras.<\/p>\n\n\n\n<p>Gan\u00f3 el Primer Premio de Grabado en el Sal\u00f3n Regional Vendimia en 1997 y adem\u00e1s, obtuvo la Beca de Producci\u00f3n y Reflexi\u00f3n 2001 y la Beca \u00fanica en Cuyo para asistir a la XXV Bienal de San Pablo 2002.<\/p>\n\n\n\n<p>Con esta exposici\u00f3n queda inaugurado el inicio de un nuevo ciclo del arte mendocino, que puede visitarse todos los d\u00edas en el horario de 9 a 18 hs, de forma gratuita y sin necesidad de reserva previa.<\/p>\n","protected":false},"excerpt":{"rendered":"<p>El espacio dedicado al arte de Bodega Santa Julia -en Maip\u00fa, Mendoza- vuelve a la&hellip;<\/p>\n","protected":false},"author":3,"featured_media":32176,"comment_status":"open","ping_status":"open","sticky":false,"template":"","format":"standard","meta":{"footnotes":""},"categories":[34],"tags":[],"class_list":["post-32152","post","type-post","status-publish","format-standard","has-post-thumbnail","hentry","category-cultura1"],"_links":{"self":[{"href":"https:\/\/enolife.com.ar\/es\/wp-json\/wp\/v2\/posts\/32152","targetHints":{"allow":["GET"]}}],"collection":[{"href":"https:\/\/enolife.com.ar\/es\/wp-json\/wp\/v2\/posts"}],"about":[{"href":"https:\/\/enolife.com.ar\/es\/wp-json\/wp\/v2\/types\/post"}],"author":[{"embeddable":true,"href":"https:\/\/enolife.com.ar\/es\/wp-json\/wp\/v2\/users\/3"}],"replies":[{"embeddable":true,"href":"https:\/\/enolife.com.ar\/es\/wp-json\/wp\/v2\/comments?post=32152"}],"version-history":[{"count":0,"href":"https:\/\/enolife.com.ar\/es\/wp-json\/wp\/v2\/posts\/32152\/revisions"}],"wp:featuredmedia":[{"embeddable":true,"href":"https:\/\/enolife.com.ar\/es\/wp-json\/wp\/v2\/media\/32176"}],"wp:attachment":[{"href":"https:\/\/enolife.com.ar\/es\/wp-json\/wp\/v2\/media?parent=32152"}],"wp:term":[{"taxonomy":"category","embeddable":true,"href":"https:\/\/enolife.com.ar\/es\/wp-json\/wp\/v2\/categories?post=32152"},{"taxonomy":"post_tag","embeddable":true,"href":"https:\/\/enolife.com.ar\/es\/wp-json\/wp\/v2\/tags?post=32152"}],"curies":[{"name":"wp","href":"https:\/\/api.w.org\/{rel}","templated":true}]}}