{"id":3180,"date":"2019-09-17T20:50:56","date_gmt":"2019-09-17T20:50:56","guid":{"rendered":"http:\/\/enolife.com.ar\/es\/?p=3180"},"modified":"2019-09-23T15:22:50","modified_gmt":"2019-09-23T15:22:50","slug":"anabel-fernandez-sagasti-el-financiamiento-debe-ser-accesible-en-una-ventanilla-unica-y-federal","status":"publish","type":"post","link":"https:\/\/enolife.com.ar\/es\/anabel-fernandez-sagasti-el-financiamiento-debe-ser-accesible-en-una-ventanilla-unica-y-federal\/","title":{"rendered":"Anabel Fern\u00e1ndez Sagasti: \u201cEl financiamiento debe ser accesible, en una ventanilla \u00fanica y federal\u201d"},"content":{"rendered":"\n<h4 class=\"wp-block-heading\"><em><strong>Productores y dirigentes de la industria vitivin\u00edcola se reunieron hoy martes 17\/9 con la candidata peronista a la Gobernaci\u00f3n de Mendoza. Presentaron sus diagn\u00f3sticos y reclamos y escucharon los planes de acci\u00f3n que la postulante ha dise\u00f1ado para el sector.<\/strong><\/em><\/h4>\n\n\n\n<hr class=\"wp-block-separator\"\/>\n\n\n\n<h4 class=\"wp-block-heading\"><em><strong>Los reclamos m\u00e1s insistentes del sector fueron por la falta de financiamiento y la ca\u00edda de la rentabilidad, ante lo cual Fern\u00e1ndez Sagasti prometi\u00f3 que si es electa el 29\/9 pr\u00f3ximo decretar\u00e1 una \u201cemergencia financiera\u201d. Tambi\u00e9n dijo que conformar\u00e1 un Observatorio de Precios para elevar el valor del vino a $15 el litro.<\/strong><\/em><\/h4>\n\n\n\n<div style=\"height:27px\" aria-hidden=\"true\" class=\"wp-block-spacer\"><\/div>\n\n\n\n<p>En una nueva jornada de la ronda de encuentros entre representantes del sector vitivin\u00edcola mendocino y los candidatos a gobernadores, hoy martes 17\/9 fue el turno de la postulante por el Frente Eleg\u00ed Mendoza, Anabel Fern\u00e1ndez Sagasti, quien estuvo acompa\u00f1ada, entre otros asesores, por su jefe de campa\u00f1a, el ex gobernador Rodolfo \u201cRolo\u201d Gabrielli. Ayer, lunes 16\/9, se hab\u00eda llevado a cabo una reuni\u00f3n similar con el candidato Rodolfo \u201cRody\u201d Su\u00e1rez (UCR-Cambiemos).<\/p>\n\n\n\n<div style=\"height:20px\" aria-hidden=\"true\" class=\"wp-block-spacer\"><\/div>\n\n\n\n<p class=\"has-background has-pale-cyan-blue-background-color\">Del\nlado de los productores, estuvieron en la mesa de di\u00e1logo Eduardo C\u00f3rdoba, presidente\nde la Asociaci\u00f3n de Vi\u00f1ateros de Mendoza; Mat\u00edas Manzanares, gerente de la\nAsociaci\u00f3n de Vi\u00f1ateros de Mendoza; Walter Bressia, director general de Bodegas\nde Argentina; Carlos Crotta, presidente de Bodegas Crotta; Fernando Morales,\ngerente de la C\u00e1mara Argentina de Fabricantes y Exportadores de Jugo\nConcentrado de Uva; Jos\u00e9 Alberto Zuccardi, presidente de la Uni\u00f3n Vitivin\u00edcola\nArgentina; Carlos Fiochetta, gerente general de la Coviar; Juan Rodr\u00edguez,\ngerente general de Fecovita; Hilda Wilhelm de Vaieretti, presidenta de la\nFederaci\u00f3n de C\u00e1maras, vicepresidenta de la Coviar y titular de la Cooperativa\nMendoza Norte; Pablo Francisco, director de Bodega Alta Vista; Bernardo\nLanzilotta, titular de Bodega Lanzilotta; Eduardo Sancho, presidente de Acovi y\nNicol\u00e1s Vicchi, subgerente de Acovi.<\/p>\n\n\n\n<div style=\"height:20px\" aria-hidden=\"true\" class=\"wp-block-spacer\"><\/div>\n\n\n\n<div class=\"wp-block-image\"><figure class=\"aligncenter\"><img loading=\"lazy\" decoding=\"async\" width=\"1024\" height=\"682\" src=\"https:\/\/enolife.com.ar\/es\/wp-content\/uploads\/2019\/09\/image-32-1024x682.png\" alt=\"\" class=\"wp-image-3187\" srcset=\"https:\/\/enolife.com.ar\/es\/wp-content\/uploads\/2019\/09\/image-32-1024x682.png 1024w, https:\/\/enolife.com.ar\/es\/wp-content\/uploads\/2019\/09\/image-32-300x200.png 300w, https:\/\/enolife.com.ar\/es\/wp-content\/uploads\/2019\/09\/image-32-768x512.png 768w, https:\/\/enolife.com.ar\/es\/wp-content\/uploads\/2019\/09\/image-32-1170x780.png 1170w, https:\/\/enolife.com.ar\/es\/wp-content\/uploads\/2019\/09\/image-32-585x390.png 585w, https:\/\/enolife.com.ar\/es\/wp-content\/uploads\/2019\/09\/image-32.png 1280w\" sizes=\"auto, (max-width: 1024px) 100vw, 1024px\" \/><figcaption><em>Mesa de di\u00e1logo con referentes del sector vitivin\u00edcola<\/em><\/figcaption><\/figure><\/div>\n\n\n\n<div style=\"height:20px\" aria-hidden=\"true\" class=\"wp-block-spacer\"><\/div>\n\n\n\n<p>Ante\nlos planteos de la industria, la actual senadora nacional resalt\u00f3 que el \u201cobjetivo\ncentral de la pol\u00edtica vitivin\u00edcola debe ser recuperar la rentabilidad del sector\nprimario y elaborador, y para ello lo primero que hay que hacer es defender el\nprecio de la uva y el vino; para lograrlo se deben aplicar un conjunto de\nmedidas, una de ellas es poner en funcionamiento un Observatorio de Precios que\npermita fijar un valor de referencia en funci\u00f3n del costo de producci\u00f3n,\nvalorizando las calidades y los valores de cada tipo de vino\u201d.<\/p>\n\n\n\n<div style=\"height:20px\" aria-hidden=\"true\" class=\"wp-block-spacer\"><\/div>\n\n\n\n<p class=\"has-medium-font-size\"><strong>Medidas \u00abpara que los productores lleguen a la cosecha\u00bb<\/strong><\/p>\n\n\n\n<div style=\"height:20px\" aria-hidden=\"true\" class=\"wp-block-spacer\"><\/div>\n\n\n\n<p>En su resumen final de la reuni\u00f3n, ante la pregunta de Enolife, Fern\u00e1ndez Sagasti resumi\u00f3: \u201cEstuvimos hablando b\u00e1sicamente de toda la crisis que atraviesa el sector, que no escapa a la crisis nacional. Estuvimos haciendo un diagn\u00f3stico, y lo que nosotros entendemos es que hay una emergencia financiera de los productores y que el Estado tiene que salir fuertemente a tomar medidas que tiendan a que por lo menos los productores lleguen a la cosecha. Hay que poner al vino a un precio de 15 pesos el litro, porque el Fondo Antic\u00edclico y las medidas que ha anunciado el gobierno todav\u00eda no logran que el vino ni siquiera llegue a los 11 pesos, que ya es un precio bastante retrasado con respecto a las \u00faltimas devaluaciones\u201d. <\/p>\n\n\n\n<div style=\"height:20px\" aria-hidden=\"true\" class=\"wp-block-spacer\"><\/div>\n\n\n\n<div class=\"wp-block-image\"><figure class=\"aligncenter\"><img loading=\"lazy\" decoding=\"async\" width=\"1024\" height=\"682\" src=\"https:\/\/enolife.com.ar\/es\/wp-content\/uploads\/2019\/09\/image-33-1024x682.png\" alt=\"\" class=\"wp-image-3188\" srcset=\"https:\/\/enolife.com.ar\/es\/wp-content\/uploads\/2019\/09\/image-33-1024x682.png 1024w, https:\/\/enolife.com.ar\/es\/wp-content\/uploads\/2019\/09\/image-33-300x200.png 300w, https:\/\/enolife.com.ar\/es\/wp-content\/uploads\/2019\/09\/image-33-768x512.png 768w, https:\/\/enolife.com.ar\/es\/wp-content\/uploads\/2019\/09\/image-33-1170x780.png 1170w, https:\/\/enolife.com.ar\/es\/wp-content\/uploads\/2019\/09\/image-33-585x390.png 585w, https:\/\/enolife.com.ar\/es\/wp-content\/uploads\/2019\/09\/image-33.png 1280w\" sizes=\"auto, (max-width: 1024px) 100vw, 1024px\" \/><\/figure><\/div>\n\n\n\n<div style=\"height:20px\" aria-hidden=\"true\" class=\"wp-block-spacer\"><\/div>\n\n\n\n<p>\u201cTambi\u00e9n\nhablamos -agreg\u00f3 en su s\u00edntesis- sobre la falta de rentabilidad de los\nproductores, el precios bajo del vino, la poca accesibilidad al cr\u00e9dito, la\nimposibilidad de ganar nuevos mercados en el comercio exterior y las\nretenciones excesivas\u201d.<\/p>\n\n\n\n<div style=\"height:20px\" aria-hidden=\"true\" class=\"wp-block-spacer\"><\/div>\n\n\n\n<p class=\"has-medium-font-size\"><strong>Entrevista con Enolife:<\/strong><\/p>\n\n\n\n<div style=\"height:20px\" aria-hidden=\"true\" class=\"wp-block-spacer\"><\/div>\n\n\n\n<figure><iframe loading=\"lazy\" width=\"850\" height=\"315\" src=\"https:\/\/www.youtube.com\/embed\/8ASBXv29X5g\" allowfullscreen=\"\"><\/iframe><\/figure>\n\n\n\n<div style=\"height:20px\" aria-hidden=\"true\" class=\"wp-block-spacer\"><\/div>\n\n\n\n<p class=\"has-background has-medium-font-size has-very-light-gray-background-color\"><strong>\u00abPensamos en una agencia de financiamiento\u00bb<\/strong><\/p>\n\n\n\n<div style=\"height:20px\" aria-hidden=\"true\" class=\"wp-block-spacer\"><\/div>\n\n\n\n<p class=\"has-background has-very-light-gray-background-color\"><strong>Consultada por este diario sobre c\u00f3mo un futuro gobierno a su cargo ayudar\u00eda con financiamiento a los productores, Fern\u00e1ndez Sagasti descart\u00f3 la creaci\u00f3n de un banco provincial con ese fin:<\/strong> \u201cLo que nosotros pensamos es crear una agencia de financiamiento, para unificar all\u00ed todas las ventanillas de financiamiento productivo de la provincia sean \u00fanicas, en un solo lugar; tenemos muchas herramientas \u00fatiles, tenemos el Banco Naci\u00f3n, el Fondo para la Transformaci\u00f3n, el IDIT, el IDIM\u2026 Pero son herramientas que no llegan al productor, porque el productor no tiene tiempo para ir a cada ventanilla que hay en Mendoza para buscar cu\u00e1l es el mejor acceso al cr\u00e9dito, m\u00e1s todo el papeler\u00edo y la burocracia que hay. Entonces, lo que nosotros entendemos es que todo ese financiamiento tiene que ser una ventanilla \u00fanica y federal, es decir que tiene que estar en cada uno de los departamentos, cerca del productor, con herramientas mejoradas y desburocratizadas\u2026 &nbsp;El financiamiento tiene que ser simple y accesible. Y la verdad es que montar un banco es algo que tardar\u00eda mucho tiempo y necesita mucha burocracia, cuando lo que necesitamos ahora es algo urgente y r\u00e1pido. <\/p>\n\n\n\n<div style=\"height:20px\" aria-hidden=\"true\" class=\"wp-block-spacer\"><\/div>\n\n\n\n<p class=\"has-background has-medium-font-size has-light-green-cyan-background-color\"><strong>\u00abVamos a crear un fondo compensador el\u00e9ctrico\u00bb<\/strong><\/p>\n\n\n\n<div style=\"height:20px\" aria-hidden=\"true\" class=\"wp-block-spacer\"><\/div>\n\n\n\n<p class=\"has-background has-light-green-cyan-background-color\"><strong>Sobre otro tema cr\u00edtico para la industria como es el impacto de las altas tarifas en la producci\u00f3n, Fern\u00e1ndez Sagasti dijo a Enolife<\/strong>: \u201cA nivel nacional, pensamos desdolarizar no solamente las tarifas el\u00e9ctricas sino tambi\u00e9n el combustible, &nbsp;y a nivel provincial vamos a crear un fondo compensador el\u00e9ctrico para productores medianos y peque\u00f1os, para las pymes y para los comerciantes, que son los que m\u00e1s generan trabajo en la provincia. Nuestra obsesi\u00f3n es poner de pie la producci\u00f3n y empezar a generar trabajo. Por eso vamos a hacer un esfuerzo desde el Estado, el mismo esfuerzo que est\u00e1n haciendo los productores, para sostener la producci\u00f3n y que&nbsp; por supuesto para crear un piso para crecer\u201d.<\/p>\n\n\n\n<div style=\"height:20px\" aria-hidden=\"true\" class=\"wp-block-spacer\"><\/div>\n\n\n\n<p><strong>Nota con todos los medios presentes:<\/strong><\/p>\n\n\n\n<div style=\"height:20px\" aria-hidden=\"true\" class=\"wp-block-spacer\"><\/div>\n\n\n\n<figure><iframe loading=\"lazy\" width=\"850\" height=\"315\" src=\"https:\/\/www.youtube.com\/embed\/mPMgYaWRya8\" allowfullscreen=\"\"><\/iframe><\/figure>\n\n\n\n<div style=\"height:100px\" aria-hidden=\"true\" class=\"wp-block-spacer\"><\/div>\n","protected":false},"excerpt":{"rendered":"<p>Productores y dirigentes de la industria vitivin\u00edcola se reunieron hoy martes 17\/9 con la candidata&hellip;<\/p>\n","protected":false},"author":3,"featured_media":3191,"comment_status":"open","ping_status":"open","sticky":false,"template":"","format":"standard","meta":{"footnotes":""},"categories":[14],"tags":[],"class_list":["post-3180","post","type-post","status-publish","format-standard","has-post-thumbnail","hentry","category-news"],"_links":{"self":[{"href":"https:\/\/enolife.com.ar\/es\/wp-json\/wp\/v2\/posts\/3180","targetHints":{"allow":["GET"]}}],"collection":[{"href":"https:\/\/enolife.com.ar\/es\/wp-json\/wp\/v2\/posts"}],"about":[{"href":"https:\/\/enolife.com.ar\/es\/wp-json\/wp\/v2\/types\/post"}],"author":[{"embeddable":true,"href":"https:\/\/enolife.com.ar\/es\/wp-json\/wp\/v2\/users\/3"}],"replies":[{"embeddable":true,"href":"https:\/\/enolife.com.ar\/es\/wp-json\/wp\/v2\/comments?post=3180"}],"version-history":[{"count":0,"href":"https:\/\/enolife.com.ar\/es\/wp-json\/wp\/v2\/posts\/3180\/revisions"}],"wp:featuredmedia":[{"embeddable":true,"href":"https:\/\/enolife.com.ar\/es\/wp-json\/wp\/v2\/media\/3191"}],"wp:attachment":[{"href":"https:\/\/enolife.com.ar\/es\/wp-json\/wp\/v2\/media?parent=3180"}],"wp:term":[{"taxonomy":"category","embeddable":true,"href":"https:\/\/enolife.com.ar\/es\/wp-json\/wp\/v2\/categories?post=3180"},{"taxonomy":"post_tag","embeddable":true,"href":"https:\/\/enolife.com.ar\/es\/wp-json\/wp\/v2\/tags?post=3180"}],"curies":[{"name":"wp","href":"https:\/\/api.w.org\/{rel}","templated":true}]}}