{"id":31636,"date":"2021-03-10T15:33:55","date_gmt":"2021-03-10T15:33:55","guid":{"rendered":"http:\/\/enolife.com.ar\/es\/?p=31636"},"modified":"2021-03-12T03:42:52","modified_gmt":"2021-03-12T03:42:52","slug":"sergio-marinelli-toda-la-cadena-de-manejo-del-agua-debe-sintonizar-para-enfrentar-la-sequia","status":"publish","type":"post","link":"https:\/\/enolife.com.ar\/es\/sergio-marinelli-toda-la-cadena-de-manejo-del-agua-debe-sintonizar-para-enfrentar-la-sequia\/","title":{"rendered":"Sergio Marinelli: \u00abToda la cadena de manejo del agua debe sintonizar para enfrentar la sequ\u00eda\u00bb"},"content":{"rendered":"\n<h4 class=\"wp-block-heading\"><em><strong>En San Rafael, el pasado 5\/3, el titular de Irrigaci\u00f3n lanz\u00f3 el llamado \u00abPrograma de Fortalecimiento Institucional\u00bb con capacitaciones a inspectores de Cauce, tomeros y regantes en general. El plan es que todos los involucrados en el uso y control del agua, desde funcionarios a cient\u00edficos y productores, hagan el uso m\u00e1s eficiente posible del recurso, para as\u00ed ahorrar, a mediano plazo, un 20% del agua de riego mediante un mejor manejo.<\/strong><\/em><\/h4>\n\n\n\n<div style=\"height:20px\" aria-hidden=\"true\" class=\"wp-block-spacer\"><\/div>\n\n\n<a href=\"https:\/\/www.irrigacion.gov.ar\/web\/\" aria-label=\"irrigaci\u00f3n-1700X500\"><img loading=\"lazy\" decoding=\"async\" src=\"https:\/\/enolife.com.ar\/es\/wp-content\/uploads\/2021\/02\/irrigacion-1700X500.gif\" alt=\"\"  width=\"1700\" height=\"500\"   \/><\/a>\n\n\n<div style=\"height:73px\" aria-hidden=\"true\" class=\"wp-block-spacer\"><\/div>\n\n\n\n<p>\u00abTenemos que estar todos en la misma sinton\u00eda, toda la cadena de manejo del agua\u00bb. Con este concepto, <strong>Sergio Marinelli<\/strong>, superintendente del <strong>Departamento General de Irrigaci\u00f3n de Mendoza<\/strong>, sintetiz\u00f3 el esp\u00edritu del llamado \u00ab<strong>Programa de Fortalecimiento Institucional<\/strong>\u00ab, que el organismo lanz\u00f3 el pasado viernes 5\/3 en San Rafael, con capacitaciones para inspectores de cauce, tomeros, regantes y otros actores del riego en la cuenca del r\u00edo Diamante.<\/p>\n\n\n\n<div style=\"height:20px\" aria-hidden=\"true\" class=\"wp-block-spacer\"><\/div>\n\n\n\n<div class=\"wp-block-image\"><figure class=\"aligncenter size-large\"><img loading=\"lazy\" decoding=\"async\" width=\"808\" height=\"402\" src=\"https:\/\/enolife.com.ar\/es\/wp-content\/uploads\/2021\/03\/irrigacion-curso.jpeg\" alt=\"\" class=\"wp-image-31654\" srcset=\"https:\/\/enolife.com.ar\/es\/wp-content\/uploads\/2021\/03\/irrigacion-curso.jpeg 808w, https:\/\/enolife.com.ar\/es\/wp-content\/uploads\/2021\/03\/irrigacion-curso-300x149.jpeg 300w, https:\/\/enolife.com.ar\/es\/wp-content\/uploads\/2021\/03\/irrigacion-curso-768x382.jpeg 768w, https:\/\/enolife.com.ar\/es\/wp-content\/uploads\/2021\/03\/irrigacion-curso-585x291.jpeg 585w\" sizes=\"auto, (max-width: 808px) 100vw, 808px\" \/><figcaption><strong>Programa de Fortalecimiento Institucional: capacitaci\u00f3n en San Rafael<\/strong><\/figcaption><\/figure><\/div>\n\n\n\n<div style=\"height:20px\" aria-hidden=\"true\" class=\"wp-block-spacer\"><\/div>\n\n\n\n<p>\u00abLa eficiencia para un desarrollo sostenible y equitativo\u00bb es el leit motiv de la actual gesti\u00f3n de la entidad, y este programa de capacitaci\u00f3n va en l\u00ednea con ese objetivo central.<\/p>\n\n\n\n<p>\u00abLlevamos muchos a\u00f1os de escasez pronunciada y ahora atravesamos un proceso de sequ\u00eda. El cambio clim\u00e1tico nos lleva a suponer que la falta de agua se va a prolongar en el tiempo. Entonces, la pregunta es: \u00bfQu\u00e9 hacemos? Tenemos que ser m\u00e1s eficientes y para ello capacitarnos\u00bb, afirm\u00f3 Marinelli en el <strong>Centro de Congresos de San Rafael<\/strong>.<\/p>\n\n\n\n<p>La jornada de exposiciones comenz\u00f3 a las 9.30 y se extendi\u00f3 programa \u00ab<strong>Agua y Mujer<\/strong>\u00ab, que lideran <strong>Marit\u00e9 Badui<\/strong> y <strong>Marcela Andino<\/strong>, jefa de Gabinete y secretaria de Gesti\u00f3n Institucional de Irrigaci\u00f3n, respectivamente.<\/p>\n\n\n\n<p>A lo largo de la jornada, expertos en la materia abordaron distintos temas que forman parte del Programa de Fortalecimiento para <strong>138 Inspecciones de Cauce y 17 Asociaciones de Mendoza<\/strong>, para reforzar las capacidades y habilidades de quienes tienen voz y voto en la distribuci\u00f3n del agua de riego.<\/p>\n\n\n\n<div style=\"height:20px\" aria-hidden=\"true\" class=\"wp-block-spacer\"><\/div>\n\n\n\n<p class=\"has-text-color has-medium-font-size has-vivid-red-color\"><strong>Irrigaci\u00f3n y el INTA trabajan en conjunto para medir c\u00f3mo riegan las fincas y as\u00ed asesorar a los productores para ahorrar un 20% de agua.<\/strong><\/p>\n\n\n\n<div style=\"height:20px\" aria-hidden=\"true\" class=\"wp-block-spacer\"><\/div>\n\n\n\n<p>Marinelli explic\u00f3 el por qu\u00e9 del Programa e inform\u00f3 que este a\u00f1o \u00abel 40% del presupuesto de Irrigaci\u00f3n es para obras e inversiones\u00bb. Se\u00f1al\u00f3 que junto con el <strong>Instituto Nacional de Tecnolog\u00eda Agropecuaria (INTA)<\/strong> est\u00e1n trabajando desde la faceta tecnol\u00f3gica, para medir c\u00f3mo riegan las fincas y as\u00ed poder recomendar a los productores c\u00f3mo mejorar esa tarea en un 20%.<\/p>\n\n\n\n<p>El funcionario destac\u00f3 las ventajas de la tecnolog\u00eda a la hora de llevar informaci\u00f3n a los regantes y subray\u00f3 que la Subdelegaci\u00f3n de Aguas del R\u00edo Diamante implement\u00f3 el uso de una aplicaci\u00f3n para acceder a los turnos de riego.<\/p>\n\n\n\n<div style=\"height:20px\" aria-hidden=\"true\" class=\"wp-block-spacer\"><\/div>\n\n\n\n<blockquote class=\"wp-block-quote is-layout-flow wp-block-quote-is-layout-flow\"><p>Cada vez hay m\u00e1s mujeres que deben afrontar las tareas agr\u00edcolas y llevar una finca adelante. Los varones tenemos que aprender y ayudar a que esto suceda\u00bb.<\/p><cite>Sergio Marinelli, titular de Irrigaci\u00f3n<\/cite><\/blockquote>\n\n\n\n<div style=\"height:20px\" aria-hidden=\"true\" class=\"wp-block-spacer\"><\/div>\n\n\n\n<p>Tambi\u00e9n valor\u00f3 el programa \u00abAgua y Mujer\u00bb. \u00abUna parte importante de este Programa de Fortalecimiento es visibilizar la tarea de la mujer en la administraci\u00f3n del agua-destac\u00f3-; en nuestro organismo hay varias profesionales destacadas, por ejemplo en la Jefatura de Gabinete y en la Secretar\u00eda de Gesti\u00f3n Institucional. Marit\u00e9 Badui y Marcela Andino a su vez est\u00e1n acompa\u00f1adas por otras mujeres que trabajan mucho y muy bien. Por otra parte, advertimos que cada vez hay m\u00e1s mujeres que deben afrontar las tareas agr\u00edcolas o llevar una finca adelante.Y los varones tenemos que ayudar a que esto suceda, mientras las mujeres aportan su impronta, su inteligencia y capacidad\u00bb.<\/p>\n\n\n\n<div style=\"height:20px\" aria-hidden=\"true\" class=\"wp-block-spacer\"><\/div>\n\n\n\n<div class=\"wp-block-image\"><figure class=\"aligncenter size-large\"><img loading=\"lazy\" decoding=\"async\" width=\"1024\" height=\"683\" src=\"https:\/\/enolife.com.ar\/es\/wp-content\/uploads\/2021\/03\/tomera-1024x683.jpg\" alt=\"\" class=\"wp-image-31650\" srcset=\"https:\/\/enolife.com.ar\/es\/wp-content\/uploads\/2021\/03\/tomera-1024x683.jpg 1024w, https:\/\/enolife.com.ar\/es\/wp-content\/uploads\/2021\/03\/tomera-300x200.jpg 300w, https:\/\/enolife.com.ar\/es\/wp-content\/uploads\/2021\/03\/tomera-768x512.jpg 768w, https:\/\/enolife.com.ar\/es\/wp-content\/uploads\/2021\/03\/tomera-1170x780.jpg 1170w, https:\/\/enolife.com.ar\/es\/wp-content\/uploads\/2021\/03\/tomera-585x390.jpg 585w, https:\/\/enolife.com.ar\/es\/wp-content\/uploads\/2021\/03\/tomera.jpg 1200w\" sizes=\"auto, (max-width: 1024px) 100vw, 1024px\" \/><figcaption><strong>La tomera, una pieza clave del manejo del agua.<\/strong><\/figcaption><\/figure><\/div>\n\n\n\n<div style=\"height:20px\" aria-hidden=\"true\" class=\"wp-block-spacer\"><\/div>\n\n\n\n<p class=\"has-medium-font-size\"><strong>Eficiencia del gasto y gesti\u00f3n de la oferta y la demanda, temas claves<\/strong><\/p>\n\n\n\n<p>En la extensa jornada del viernes pasado, los profesionales de Irrigaci\u00f3n abordaron los siguientes temas ante un auditorio compenetrado que sigui\u00f3 con atenci\u00f3n las exposiciones:<\/p>\n\n\n\n<ul class=\"wp-block-list\"><li><strong>Gesti\u00f3n Institucional-Legal<\/strong>: Programa Agua y Mujer. Pol\u00edtica, planificaci\u00f3n, administraci\u00f3n y gesti\u00f3n del agua. Marco legal de la gesti\u00f3n h\u00eddrica de Mendoza. <\/li><li><strong>Gesti\u00f3n Ambiental<\/strong> del Recurso H\u00eddrico.<\/li><li><strong>Gesti\u00f3n Administrativa-Financiera-Contable<\/strong>: Auditor\u00edas de Distribuci\u00f3n (planificaci\u00f3n, desarrollo, conclusiones). Manejo de denuncias y reclamos. Auditor\u00eda y control contable: organizaci\u00f3n, facturaci\u00f3n, aspectos laborales, an\u00e1lisis de disponibilidades, manejo de inventarios y Obras por Administraci\u00f3n desde el punto de vista administrativo. Eficiencia T\u00e9cnica del Gasto: distribuci\u00f3n de boletos, descargo y pago de boletos, resultados esperados.<\/li><li><strong>Gesti\u00f3n de la oferta y de la demanda <\/strong>del recurso h\u00eddrico: Aforos en canales de riego (tipos de aforos). Distribuci\u00f3n: eficiencia en la toma, eficiencia en la conducci\u00f3n primaria, eficiencia en la distribuci\u00f3n; tipos de distribuci\u00f3n y cuenta de agua. <\/li><li><strong>Demanda y Eficiencia<\/strong>: eficiencia de los sistemas de riego; c\u00e1lculo de la demanda y flexibilizaci\u00f3n de la distribuci\u00f3n. Obras por Administraci\u00f3n desde el punto de vista t\u00e9cnico. Innovaciones en la organizaci\u00f3n, publicidad y control social de turnos.<\/li><\/ul>\n\n\n\n<div style=\"height:44px\" aria-hidden=\"true\" class=\"wp-block-spacer\"><\/div>\n","protected":false},"excerpt":{"rendered":"<p>En San Rafael, el pasado 5\/3, el titular de Irrigaci\u00f3n lanz\u00f3 el llamado \u00abPrograma de&hellip;<\/p>\n","protected":false},"author":3,"featured_media":31652,"comment_status":"open","ping_status":"open","sticky":false,"template":"","format":"standard","meta":{"footnotes":""},"categories":[14],"tags":[],"class_list":["post-31636","post","type-post","status-publish","format-standard","has-post-thumbnail","hentry","category-news"],"_links":{"self":[{"href":"https:\/\/enolife.com.ar\/es\/wp-json\/wp\/v2\/posts\/31636","targetHints":{"allow":["GET"]}}],"collection":[{"href":"https:\/\/enolife.com.ar\/es\/wp-json\/wp\/v2\/posts"}],"about":[{"href":"https:\/\/enolife.com.ar\/es\/wp-json\/wp\/v2\/types\/post"}],"author":[{"embeddable":true,"href":"https:\/\/enolife.com.ar\/es\/wp-json\/wp\/v2\/users\/3"}],"replies":[{"embeddable":true,"href":"https:\/\/enolife.com.ar\/es\/wp-json\/wp\/v2\/comments?post=31636"}],"version-history":[{"count":0,"href":"https:\/\/enolife.com.ar\/es\/wp-json\/wp\/v2\/posts\/31636\/revisions"}],"wp:featuredmedia":[{"embeddable":true,"href":"https:\/\/enolife.com.ar\/es\/wp-json\/wp\/v2\/media\/31652"}],"wp:attachment":[{"href":"https:\/\/enolife.com.ar\/es\/wp-json\/wp\/v2\/media?parent=31636"}],"wp:term":[{"taxonomy":"category","embeddable":true,"href":"https:\/\/enolife.com.ar\/es\/wp-json\/wp\/v2\/categories?post=31636"},{"taxonomy":"post_tag","embeddable":true,"href":"https:\/\/enolife.com.ar\/es\/wp-json\/wp\/v2\/tags?post=31636"}],"curies":[{"name":"wp","href":"https:\/\/api.w.org\/{rel}","templated":true}]}}