{"id":31399,"date":"2021-03-09T16:11:11","date_gmt":"2021-03-09T16:11:11","guid":{"rendered":"http:\/\/enolife.com.ar\/es\/?p=31399"},"modified":"2021-03-12T03:41:28","modified_gmt":"2021-03-12T03:41:28","slug":"joe-biden-acordo-con-la-ue-suspender-los-aranceles-castigo-de-trump-entre-eeuu-y-europa","status":"publish","type":"post","link":"https:\/\/enolife.com.ar\/es\/joe-biden-acordo-con-la-ue-suspender-los-aranceles-castigo-de-trump-entre-eeuu-y-europa\/","title":{"rendered":"Joe Biden acord\u00f3 con la UE suspender los aranceles \u00abcastigo\u00bb de Trump entre EEUU y Europa"},"content":{"rendered":"\n<h4 class=\"wp-block-heading\"><em><strong>La Uni\u00f3n Europea (UE) y el nuevo gobierno de Estados Unidos (EEUU) acordaron el 4 de marzo la suspensi\u00f3n de todos los aranceles de represalia sobre las exportaciones de la UE y de EEUU impuestos por los respectivos gobiernos a partir del conflicto comercial y geopol\u00edtico de las empresas de aviaci\u00f3n Airbus y Boeing, durante un per\u00edodo de 4 meses. En la pr\u00e1ctica, se reducen las tasas sobre un total conjunto de U$S 11.500 millones en valor de exportaci\u00f3n. Entre los productos afectados y ahora beneficiados, est\u00e1n los vinos de ambas partes.<\/strong><\/em> <\/h4>\n\n\n\n<div style=\"height:24px\" aria-hidden=\"true\" class=\"wp-block-spacer\"><\/div>\n\n\n\n\n\n<div style=\"height:65px\" aria-hidden=\"true\" class=\"wp-block-spacer\"><\/div>\n\n\n\n<p>La suspensi\u00f3n de estos aranceles \u00abcastigo\u00bb por encima de los aranceles normales pactados mediante tratados comerciales globales, permite a ambas partes centrarse en la resoluci\u00f3n de esta larga disputa. Supone un importante impulso para los exportadores de la <strong>UE<\/strong>, ya que el gobierno de <strong>Donald Trump<\/strong> hab\u00eda autorizado aumentar los aranceles de las exportaciones de la UE a EEUU sobre un total de <strong>7.500 millones de d\u00f3lares<\/strong>. Del mismo modo, se suspender\u00e1n los aranceles de la UE sobre unos <strong>4.000 millones de d\u00f3lares<\/strong> en las exportaciones de EEUU a la UE.<\/p>\n\n\n\n<div style=\"height:20px\" aria-hidden=\"true\" class=\"wp-block-spacer\"><\/div>\n\n\n\n<blockquote class=\"wp-block-quote is-layout-flow wp-block-quote-is-layout-flow\"><p>Gran Breta\u00f1a y Estados Unidos est\u00e1n llevando a cabo una suspensi\u00f3n arancelaria de cuatro meses para aliviar la presi\u00f3n sobre la industria y dar un paso audaz y conjunto hacia la resoluci\u00f3n de las disputas m\u00e1s antiguas en la Organizaci\u00f3n Mundial del Comercio\u00bb.<\/p><cite>Comunicado conjunto de EEUU y la UE<\/cite><\/blockquote>\n\n\n\n<div style=\"height:20px\" aria-hidden=\"true\" class=\"wp-block-spacer\"><\/div>\n\n\n\n<p>\u00abEsto dar\u00e1 tiempo para centrarse en la negociaci\u00f3n de una soluci\u00f3n equilibrada de la disputa, y comenzar a abordar seriamente los desaf\u00edos que plantean los nuevos participantes en el mercado de la aviaci\u00f3n civil procedentes de econom\u00edas no de mercado, como China\u00bb, anunci\u00f3 la presidenta de la Comisi\u00f3n Europea, <strong>\u00darsula von der Leyen<\/strong>.<\/p>\n\n\n\n<div style=\"height:20px\" aria-hidden=\"true\" class=\"wp-block-spacer\"><\/div>\n\n\n\n<div class=\"wp-block-image\"><figure class=\"aligncenter size-large\"><img loading=\"lazy\" decoding=\"async\" width=\"661\" height=\"377\" src=\"https:\/\/enolife.com.ar\/es\/wp-content\/uploads\/2021\/03\/ursula.jpg\" alt=\"\" class=\"wp-image-31536\" srcset=\"https:\/\/enolife.com.ar\/es\/wp-content\/uploads\/2021\/03\/ursula.jpg 661w, https:\/\/enolife.com.ar\/es\/wp-content\/uploads\/2021\/03\/ursula-300x171.jpg 300w, https:\/\/enolife.com.ar\/es\/wp-content\/uploads\/2021\/03\/ursula-585x334.jpg 585w\" sizes=\"auto, (max-width: 661px) 100vw, 661px\" \/><\/figure><\/div>\n\n\n\n<div style=\"height:20px\" aria-hidden=\"true\" class=\"wp-block-spacer\"><\/div>\n\n\n\n<p>Seg\u00fan la cita de la agencia AFP, Von der Leyen, presidenta de la Comisi\u00f3n Europea detall\u00f3: \u00abEl presidente <strong>Joe Biden<\/strong> y yo hemos acordado suspender todos nuestros aranceles impuestos en el contexto de la disputa <strong>Airbus-Boeing<\/strong>, tanto para productos aeron\u00e1uticos como no aeron\u00e1uticos, por un per\u00edodo inicial de cuatro meses\u00bb.  <\/p>\n\n\n\n<div style=\"height:20px\" aria-hidden=\"true\" class=\"wp-block-spacer\"><\/div>\n\n\n\n<h4 class=\"has-vivid-red-color has-text-color wp-block-heading\">Estos aranceles afectaban al vino&nbsp;y sus exportaciones y de hecho ha sido una de las preocupaciones de este sector desde que se pusieron en marcha las sobretasas de represalia.<\/h4>\n\n\n\n<div style=\"height:20px\" aria-hidden=\"true\" class=\"wp-block-spacer\"><\/div>\n\n\n\n<p>El vicepresidente eecutivo y comisario de Comercio de la Comisi\u00f3n Europea, <strong>Valdis<\/strong>&nbsp;<strong>Dombrovskis<\/strong>, declar\u00f3 al respecto:&nbsp;\u00abSe trata de un importante paso adelante. Marca un reinicio en nuestra relaci\u00f3n con nuestro socio m\u00e1s grande y econ\u00f3micamente m\u00e1s importante. La supresi\u00f3n de estos aranceles es un beneficio para ambas partes, en un momento en que la pandemia est\u00e1 perjudicando a nuestros trabajadores y nuestras econom\u00edas. Esta suspensi\u00f3n ayudar\u00e1 a restablecer la confianza y la seguridad, y por tanto nos dar\u00e1 el espacio necesario para llegar a una soluci\u00f3n negociada global y duradera. Una relaci\u00f3n comercial positiva entre la UE y los EEUU es importante no s\u00f3lo para las dos partes, sino para el comercio mundial en general\u00bb.<\/p>\n\n\n\n<p>Los&nbsp;aranceles adicionales de EEUU&nbsp;eran hasta el 4 de marzo del&nbsp;10% para los productos de la industria aeron\u00e1utica y del 25% para los productos agroalimentarios, y se ven\u00edan aplicado desde el 18 de octubre de 2019.&nbsp;Afectaban a importantes productos agroalimentarios, como el&nbsp;aceite de oliva envasado,&nbsp;vinos tranquilos envasados (con alcohol inferior a 14\u00ba),&nbsp;aceitunas&nbsp;verdes,&nbsp;quesos,&nbsp;c\u00edtricos,&nbsp;carne de cerdo y&nbsp;conservas de moluscos.<\/p>\n\n\n\n<div style=\"height:20px\" aria-hidden=\"true\" class=\"wp-block-spacer\"><\/div>\n\n\n\n<p class=\"has-medium-font-size\"><strong>Antecedentes de los aranceles entre Estados Unidos y la UE<\/strong><\/p>\n\n\n\n<p>En&nbsp;2018,&nbsp;un \u00d3rgano de Apelaci\u00f3n internacional determin\u00f3 que la UE y sus Estados miembros no hab\u00edan cumplido plenamente las resoluciones anteriores de la OMC con respecto a las&nbsp;subvenciones de la UE al fabricante de aviones Airbus.<\/p>\n\n\n\n<p>En marzo de 2019,&nbsp;ese \u00d3rgano de Apelaci\u00f3n confirm\u00f3 que Estados Unidos no hab\u00eda tomado las medidas adecuadas para cumplir con las normas de la OMC sobre las subvenciones al fabricante de aviones Boeing.<\/p>\n\n\n\n<div style=\"height:20px\" aria-hidden=\"true\" class=\"wp-block-spacer\"><\/div>\n\n\n\n<p class=\"has-background has-very-light-gray-background-color\"><strong>Guerra de sobretasas<\/strong><br><br>En&nbsp;octubre de 2019,&nbsp;la <strong>Organizaci\u00f3n Mundial del Comercio (OMC) <\/strong>autoriz\u00f3 a Estados Unidos a tomar contramedidas contra las exportaciones europeas&nbsp;por un valor de hasta <strong>7.500 millones de d\u00f3lares<\/strong>, y&nbsp;Estados Unidos impuso estos aranceles el 18 de octubre de 2019. Los Estados miembros de la UE afectados tomaron por su parte todas las medidas necesarias para garantizar el pleno cumplimiento. <br><br>En&nbsp;octubre de 2020,&nbsp;la OMC autoriz\u00f3 a la UE a tomar contramedidas similares sobre <strong>4.000 millones de d\u00f3lares<\/strong> de exportaciones estadounidenses a la UE contra las subvenciones ilegales de Estados Unidos al fabricante de aviones Boeing.<\/p>\n\n\n\n<div style=\"height:20px\" aria-hidden=\"true\" class=\"wp-block-spacer\"><\/div>\n\n\n\n<p>La UE buscaba un acuerdo con Estados Unidos que le permitiera evitar la imposici\u00f3n de estos aranceles. Dado que, en ese momento, Estados Unidos no estaba dispuesto a aceptar un acuerdo negociado que incluyera una eliminaci\u00f3n inmediata de los aranceles estadounidenses, la UE decidi\u00f3 el 9 de noviembre de 2020 imponer sus contramedidas.&nbsp;El 31 de diciembre de 2020, Estados Unidos cambi\u00f3 el per\u00edodo de referencia&nbsp;para el c\u00e1lculo de sus sanciones,&nbsp;con lo que aument\u00f3 sustancialmente la gama de productos de la UE sujetos a aranceles.<\/p>\n\n\n\n<p>Se inicia ahora un per\u00edodo de 4 meses en el que ambas partes deber\u00e1n negociar las futuras normas para la concesi\u00f3n de apoyo oficial a los fabricantes de aeronaves, en lo que podr\u00eda ser un embri\u00f3n del marco para el apoyo a la industria aeron\u00e1utica en el futuro.<\/p>\n\n\n\n<div style=\"height:20px\" aria-hidden=\"true\" class=\"wp-block-spacer\"><\/div>\n\n\n\n<p class=\"has-small-font-size\"><em><strong>Fuentes: Tecnovino y Reuters<\/strong><\/em><\/p>\n\n\n\n<div style=\"height:30px\" aria-hidden=\"true\" class=\"wp-block-spacer\"><\/div>\n","protected":false},"excerpt":{"rendered":"<p>La Uni\u00f3n Europea (UE) y el nuevo gobierno de Estados Unidos (EEUU) acordaron el 4&hellip;<\/p>\n","protected":false},"author":3,"featured_media":31535,"comment_status":"open","ping_status":"open","sticky":false,"template":"","format":"standard","meta":{"footnotes":""},"categories":[9],"tags":[],"class_list":["post-31399","post","type-post","status-publish","format-standard","has-post-thumbnail","hentry","category-negocios"],"_links":{"self":[{"href":"https:\/\/enolife.com.ar\/es\/wp-json\/wp\/v2\/posts\/31399","targetHints":{"allow":["GET"]}}],"collection":[{"href":"https:\/\/enolife.com.ar\/es\/wp-json\/wp\/v2\/posts"}],"about":[{"href":"https:\/\/enolife.com.ar\/es\/wp-json\/wp\/v2\/types\/post"}],"author":[{"embeddable":true,"href":"https:\/\/enolife.com.ar\/es\/wp-json\/wp\/v2\/users\/3"}],"replies":[{"embeddable":true,"href":"https:\/\/enolife.com.ar\/es\/wp-json\/wp\/v2\/comments?post=31399"}],"version-history":[{"count":0,"href":"https:\/\/enolife.com.ar\/es\/wp-json\/wp\/v2\/posts\/31399\/revisions"}],"wp:featuredmedia":[{"embeddable":true,"href":"https:\/\/enolife.com.ar\/es\/wp-json\/wp\/v2\/media\/31535"}],"wp:attachment":[{"href":"https:\/\/enolife.com.ar\/es\/wp-json\/wp\/v2\/media?parent=31399"}],"wp:term":[{"taxonomy":"category","embeddable":true,"href":"https:\/\/enolife.com.ar\/es\/wp-json\/wp\/v2\/categories?post=31399"},{"taxonomy":"post_tag","embeddable":true,"href":"https:\/\/enolife.com.ar\/es\/wp-json\/wp\/v2\/tags?post=31399"}],"curies":[{"name":"wp","href":"https:\/\/api.w.org\/{rel}","templated":true}]}}