{"id":31382,"date":"2021-03-12T03:00:47","date_gmt":"2021-03-12T03:00:47","guid":{"rendered":"http:\/\/enolife.com.ar\/es\/?p=31382"},"modified":"2021-03-13T14:17:19","modified_gmt":"2021-03-13T14:17:19","slug":"el-dia-que-peron-y-evita-asistieron-a-la-fiesta-de-la-vendimia-y-la-primera-dama-rechazo-la-corona","status":"publish","type":"post","link":"https:\/\/enolife.com.ar\/es\/el-dia-que-peron-y-evita-asistieron-a-la-fiesta-de-la-vendimia-y-la-primera-dama-rechazo-la-corona\/","title":{"rendered":"El d\u00eda que Per\u00f3n y Evita asistieron a la Fiesta de la Vendimia y la primera dama rechaz\u00f3 la corona"},"content":{"rendered":"\n<h4 class=\"wp-block-heading\"><em><strong>El 8 de abril de 1947, el matrimonio presidencial lleg\u00f3 en tren a la estaci\u00f3n Pac\u00edfico de Mendoza para participar de la tradicional celebraci\u00f3n. El 10 de abril, en la actual Rotonda de ingreso al Parque General San Mart\u00edn, junto a los Caballitos de Marly, presenciaron la Fiesta de la Vendimia, que en esa \u00e9poca se hac\u00eda m\u00e1s hacia el final de la cosecha. All\u00ed, las reinas departamentales le pidieron al presentador que coronara a Mar\u00eda Eva Duarte de Per\u00f3n como Reina de la Vendimia, honor que la \u00ababanderada de los humildes\u00bb declin\u00f3, diciendo que quer\u00eda ser \u00abs\u00f3lo una persona m\u00e1s que festeja la belleza mendocina\u00bb. Este episodio se entrelaza con la historia del empresario que promovi\u00f3 la creaci\u00f3n de la primera Unidad B\u00e1sica en Villa Atuel, San Rafael.<\/strong><\/em><\/h4>\n\n\n\n<div style=\"height:20px\" aria-hidden=\"true\" class=\"wp-block-spacer\"><\/div>\n\n\n\n\n\n<div style=\"height:57px\" aria-hidden=\"true\" class=\"wp-block-spacer\"><\/div>\n\n\n\n<p class=\"has-small-font-size\"><strong>Por Ignacio Cloppet<\/strong><br><em>(Abogado e historiador, miembro de la Academia Argentina de la Historia. Del libro \u00abPer\u00f3n \u00edntimo. Historias desconocidas\u00bb, Ed. Aret\u00e9, 2019<\/em>)<\/p>\n\n\n\n<div style=\"height:20px\" aria-hidden=\"true\" class=\"wp-block-spacer\"><\/div>\n\n\n\n<p>Transcurr\u00eda el a\u00f1o 1947, y&nbsp;el presidente <strong>Juan Domingo Per\u00f3n<\/strong> junto con <strong>Eva Duarte<\/strong> fueron invitados de honor para participar de la tradicional Fiesta de la Vendimia en la ciudad de Mendoza. Fue la primera y \u00fanica vez que lo hicieron.<\/p>\n\n\n\n<p>Es saludable recordar que el homenaje a la vendimia se remonta al siglo XVII, en los inicios de la producci\u00f3n industrial del vino en la provincia. La vendimia es ante todo un culto a la \u00abMadre Tierra\u00bb, donde la mujer es la protagonista. Por lo tanto, la figura religiosa central es la Virgen de la Carrodilla, \u00abPatrona de los Vi\u00f1edos\u00bb, quien precede los desfiles. Es la fiesta nacional m\u00e1s antigua en todo el pa\u00eds.<\/p>\n\n\n\n<div style=\"height:20px\" aria-hidden=\"true\" class=\"wp-block-spacer\"><\/div>\n\n\n\n<div class=\"wp-block-image\"><figure class=\"alignleft\"><img decoding=\"async\" src=\"https:\/\/1.bp.blogspot.com\/-j6FOUQ9AQdk\/VrgRH08C3OI\/AAAAAAAAVsw\/mcmzjX1-mD0\/s400\/20160208_004215.jpg\" alt=\"\"\/><figcaption><strong>Llegada de Per\u00f3n y Evita a Mendoza<\/strong><\/figcaption><\/figure><\/div>\n\n\n\n<p>Per\u00f3n y Evita, junto a una importante comitiva oficial, llegaron a Mendoza el 8 de abril de 1947, y tras bajar del tren, acompa\u00f1ados por el gobernador peronista, el sanrafaelino <strong>Faustino Picallo<\/strong> (1898\u20131971) fueron en un auto descapotable hasta la Casa de Gobierno. Luego&nbsp;en la Plaza Independencia, y ante una multitud que lo vivaba, Per\u00f3n anunci\u00f3: \u00abEstamos en la tarea de conquistar la independencia econ\u00f3mica que hace cien a\u00f1os esperamos\u00bb. <\/p>\n\n\n\n<p>Por la tarde, junto al secretario de Trabajo y Previsi\u00f3n, <strong>Jos\u00e9 Mar\u00eda Freire<\/strong>, inaugur\u00f3 el Hospital Regional para Ferroviarios, en la calle Paso de los Andes al 800 de la actual 5ta. Secci\u00f3n de Mendoza. <\/p>\n\n\n\n<div style=\"height:20px\" aria-hidden=\"true\" class=\"wp-block-spacer\"><\/div>\n\n\n\n<div class=\"wp-block-image\"><figure class=\"alignleft\"><img decoding=\"async\" src=\"https:\/\/4.bp.blogspot.com\/-otztzY6pxz8\/VrgRR_uASyI\/AAAAAAAAVs8\/GLm0Gx7qV94\/s400\/20160208_004256.jpg\" alt=\"\"\/><figcaption><strong>Reinas departamentales junto a Eva Per\u00f3n<\/strong><\/figcaption><\/figure><\/div>\n\n\n\n<p>Por la noche, se realiz\u00f3 una recepci\u00f3n en el Casino del Plaza Hotel (actual Hotel Hyatt) , donde las candidatas al cetro provincial le fueron presentadas al presidente Per\u00f3n y a su esposa. Las tres noches que pasaron en Mendoza se hospedaron en ese hotel de lujo, antiguo s\u00edmbolo de la ciudad, junto al Teatro Independencia, del cu\u00e1l hoy s\u00f3lo se conserva la fachada antigua reconstruida por los constructores del Hotel Hyatt.<\/p>\n\n\n\n<p>El segundo d\u00eda comenz\u00f3 con la inauguraci\u00f3n del m\u00e1stil del Cerro de la Gloria y continu\u00f3 con un almuerzo organizado por las \u00abfuerzas vivas\u00bb de la ciudad. <\/p>\n\n\n\n<p>La Fiesta de la Vendimia comenz\u00f3 formalmente a las 18 del 9 de abril, con la Bendici\u00f3n de los Frutos en el prado del Parque General San Mart\u00edn.&nbsp;Luego de presenciar el desfile del Carrusel por la Avenida de los Pl\u00e1tanos, Per\u00f3n golpe\u00f3 la reja y bebi\u00f3 el \u00abVino Nuevo\u00bb, tras recibir de manos de una ni\u00f1a vestida de cosechadora una copa de plata, obra del orfebre franc\u00e9s <strong>Gustave Keller<\/strong>, especialmente adquirida en Par\u00eds. <\/p>\n\n\n\n<div style=\"height:20px\" aria-hidden=\"true\" class=\"wp-block-spacer\"><\/div>\n\n\n\n<p class=\"has-background has-pale-cyan-blue-background-color\">A la noche del 9 de abril de 1947 se realiz\u00f3 el Baile de las Reinas en el entonces popular club de boxeo Babilonia, en el callej\u00f3n Pardo de la capital mendocina. Luego de esa velada, Per\u00f3n y Evita cenaron solos, en el desaparecido restaurante Torchio, ubicado en la calle Entre R\u00edos 64, entre San Mart\u00edn y San Juan de Mendoza.<\/p>\n\n\n\n<div style=\"height:20px\" aria-hidden=\"true\" class=\"wp-block-spacer\"><\/div>\n\n\n\n<p>En el tercer d\u00eda de su estad\u00eda -seg\u00fan cuenta la historiadora e investigadora mendocina Mariana Garz\u00f3n Rog\u00e9-,<strong>&nbsp;<\/strong>Per\u00f3n y su esposa presenciaron desde un palco sobre la calle Sarmiento una demostraci\u00f3n militar y de reservistas, y por la tarde concurrieron a una recepci\u00f3n que les ofreci\u00f3 el Regimiento de Infanter\u00eda de Monta\u00f1a 16 (RIM 16). <\/p>\n\n\n\n<p>Tambi\u00e9n hubo diferentes actividades relacionadas con la Campa\u00f1a de Ayuda Social impulsada por la primera dama. <\/p>\n\n\n\n<div style=\"height:20px\" aria-hidden=\"true\" class=\"wp-block-spacer\"><\/div>\n\n\n\n<h4 class=\"has-vivid-red-color has-text-color wp-block-heading\">Se eligi\u00f3 la figura del Tropero Pedro Sosa -uno de los colaboradores en materia log\u00edstica para gestar la campa\u00f1a del general San Mart\u00edn hacia Chile- como \u00abel primer descamisado mendocino\u00bb.<\/h4>\n\n\n\n<div style=\"height:20px\" aria-hidden=\"true\" class=\"wp-block-spacer\"><\/div>\n\n\n\n<p>El Acto Central para coronar a la reina de la Vendimia se desarroll\u00f3 en la Rotonda del Parque General San Mart\u00edn (junto al monumento \u00abCaballitos de Marly\u00bb), la noche del jueves 10 de abril de 1947, bajo la consigna:&nbsp;\u00abVendimia del Canto y El Trabajo\u00bb.<\/p>\n\n\n\n<p>Los organizadores del acto manifestaron que, por voluntad de las candidatas, el t\u00edtulo de Reina de la Vendimia se le otorgara a Eva Duarte de Per\u00f3n, como una distinci\u00f3n por ser la \u00abla abanderada de los humildes\u00bb. El maestro de ceremonias, <strong>Juan Jos\u00e9 Pi\u00f1eyro<\/strong>, lo anunci\u00f3 ante todo el p\u00fablico presente. La primera dama agradeci\u00f3 la gentileza, y manifest\u00f3 que hab\u00eda venido \u00abjustamente a admirar la belleza y simpat\u00eda de la mujer de esta tierra\u00bb.&nbsp;\u00abAs\u00ed que declino el honor que se me dispensa, pues deseo ser una de las tantas personas que festejen a la verdadera belleza mendocina\u00bb, argument\u00f3.<\/p>\n\n\n\n<div style=\"height:20px\" aria-hidden=\"true\" class=\"wp-block-spacer\"><\/div>\n\n\n\n<div class=\"wp-block-image\"><figure class=\"aligncenter size-large is-resized\"><img loading=\"lazy\" decoding=\"async\" src=\"https:\/\/enolife.com.ar\/es\/wp-content\/uploads\/2021\/03\/coronacion.jpg\" alt=\"\" class=\"wp-image-31759\" width=\"695\" height=\"336\" srcset=\"https:\/\/enolife.com.ar\/es\/wp-content\/uploads\/2021\/03\/coronacion.jpg 620w, https:\/\/enolife.com.ar\/es\/wp-content\/uploads\/2021\/03\/coronacion-300x145.jpg 300w, https:\/\/enolife.com.ar\/es\/wp-content\/uploads\/2021\/03\/coronacion-585x283.jpg 585w\" sizes=\"auto, (max-width: 695px) 100vw, 695px\" \/><figcaption><strong><em>La coronaci\u00f3n de la Reina de la Vendimia 1947<\/em><\/strong><\/figcaption><\/figure><\/div>\n\n\n\n<div style=\"height:20px\" aria-hidden=\"true\" class=\"wp-block-spacer\"><\/div>\n\n\n\n<p>Acto seguido, fue elegida la joven de 20 a\u00f1os <strong>N\u00e9lida Morsucci<\/strong> (1927\u20132019), oriunda de Tunuy\u00e1n, departamento que conquistaba su primer reinado de la historia. La reina fue coronada por la misma Eva Duarte de Per\u00f3n. A la ma\u00f1ana siguiente, viernes 11 de abril, el presidente y su esposa regresaron a Buenos Aires.<\/p>\n\n\n\n<div style=\"height:20px\" aria-hidden=\"true\" class=\"wp-block-spacer\"><\/div>\n\n\n\n<div class=\"wp-block-image\"><figure class=\"aligncenter size-large\"><img loading=\"lazy\" decoding=\"async\" width=\"800\" height=\"445\" src=\"https:\/\/enolife.com.ar\/es\/wp-content\/uploads\/2021\/03\/nelida.jpg\" alt=\"\" class=\"wp-image-31760\" srcset=\"https:\/\/enolife.com.ar\/es\/wp-content\/uploads\/2021\/03\/nelida.jpg 800w, https:\/\/enolife.com.ar\/es\/wp-content\/uploads\/2021\/03\/nelida-300x167.jpg 300w, https:\/\/enolife.com.ar\/es\/wp-content\/uploads\/2021\/03\/nelida-768x427.jpg 768w, https:\/\/enolife.com.ar\/es\/wp-content\/uploads\/2021\/03\/nelida-585x325.jpg 585w\" sizes=\"auto, (max-width: 800px) 100vw, 800px\" \/><figcaption><strong>N\u00e9lida Morsucci y Eva Duarte de Per\u00f3n<\/strong><\/figcaption><\/figure><\/div>\n\n\n\n<div style=\"height:20px\" aria-hidden=\"true\" class=\"wp-block-spacer\"><\/div>\n\n\n\n<p class=\"has-medium-font-size\"><strong>La historia desconocida, vinculada a la vitivinicultura<\/strong><\/p>\n\n\n\n<p>Esta historia ya conocida trae aparejada otras ignoradas, que tienen como punto de partida esa inolvidable visita de Per\u00f3n y Evita en abril de 1947, y se relaciona con figuras desconocidas, de segundo y tercer orden, de las que nada se sabe y que vale la pena revalorizar.<\/p>\n\n\n\n<p>Entre los asistentes a los diversos actos de los que participaron Per\u00f3n y Evita se encontraba el segundo hijo del vasco navarro Mart\u00edn Arbeloa y de  Baldomera Segura, Joaqu\u00edn Arbeloa (1916\u20131967), un militante del incipiente peronismo de Villa Atuel, San Rafael, casado con Adela Aguirre. <\/p>\n\n\n\n<p>Adem\u00e1s de Arbeloa, se hallaban otros miembros del partido peronista, entre ellos Mart\u00edn Orozco (1905-1984) y su esposa Belia Ortensia Cor\u00e1n. Ellos trabajaban en las Bodegas y Vi\u00f1edos Arizu S.A. (empresa fundada por los vascos navarros Balbino, Clemente, Sotero Miguel y Jacinto Arizu Labiano). En ese momento estaba al frente de la bodega Sotero Sime\u00f3n Arizu (1894\u20131955), hijo de Sotero Miguel Arizu y Balbina Villasante. Don Sotero fue un hombre noble y de mente amplia, que autoriz\u00f3 a sus empleados a participar en pol\u00edtica.<\/p>\n\n\n\n<p>De uno de esos actos en el que participaron activamente los peronistas de Villa Atuel, existe una singular fotograf\u00eda, muy pintoresca, de Juan Per\u00f3n y Eva Duarte.&nbsp;Esa imagen los muestra a Per\u00f3n y Evita tomando vino con un vaso sencillo, junto a otras personas que ignoro qui\u00e9nes pueden ser. Seg\u00fan parece, habr\u00e1 sido en una de las recepciones donde estuvieron las reinas de los departamentos mendocinos, y por lo que puede observarse es al aire libre.<\/p>\n\n\n\n<div style=\"height:20px\" aria-hidden=\"true\" class=\"wp-block-spacer\"><\/div>\n\n\n\n<div class=\"wp-block-image\"><figure class=\"aligncenter size-large\"><img loading=\"lazy\" decoding=\"async\" width=\"768\" height=\"432\" src=\"https:\/\/enolife.com.ar\/es\/wp-content\/uploads\/2021\/03\/peron-tomando-vino.jpg\" alt=\"\" class=\"wp-image-31761\" srcset=\"https:\/\/enolife.com.ar\/es\/wp-content\/uploads\/2021\/03\/peron-tomando-vino.jpg 768w, https:\/\/enolife.com.ar\/es\/wp-content\/uploads\/2021\/03\/peron-tomando-vino-300x169.jpg 300w, https:\/\/enolife.com.ar\/es\/wp-content\/uploads\/2021\/03\/peron-tomando-vino-585x329.jpg 585w\" sizes=\"auto, (max-width: 768px) 100vw, 768px\" \/><figcaption><strong>Per\u00f3n y Evita tomando vino con un vaso sencillo<\/strong><\/figcaption><\/figure><\/div>\n\n\n\n<div style=\"height:20px\" aria-hidden=\"true\" class=\"wp-block-spacer\"><\/div>\n\n\n\n<p>La imagen habr\u00eda sido tomada por Arbeloa u Orozco. En su reverso puede determinarse que el papel del revelado es Agfa Brovira y mide 13&#215;8 cm. La placa se conserv\u00f3 como un tesoro precioso y escondido. Gracias a la generosidad de quienes la heredaron y custodiaron, aqu\u00ed se reproduce. Lo que resulta curioso y por ello la novedad, es que compar\u00e1ndola con otras que se publicaron de esos tres d\u00edas, en esta se la puede ver a Evita con el mismo peinado, pero con un atuendo distinto, lo que la transforma en particularmente original y \u00fanica.<\/p>\n\n\n\n<div style=\"height:20px\" aria-hidden=\"true\" class=\"wp-block-spacer\"><\/div>\n\n\n\n<p class=\"has-medium-font-size\"><strong>La primera Unidad B\u00e1sica, gracias a la bodega Arizu<\/strong><\/p>\n\n\n\n<p>Despu\u00e9s de la Fiesta de la Vendimia de 1947, lleg\u00f3 a la casa de los Orozco do\u00f1a Celina Rodr\u00edguez de Mart\u00ednez Paiva -enviada por Eva Per\u00f3n- quien&nbsp;le encarg\u00f3 a do\u00f1a Belia Cor\u00e1n de Orozco que fuera la \u00abcensista\u00bb de toda la zona.&nbsp;Ella accedi\u00f3 al pedido y realiz\u00f3 el censo partidario. Se fund\u00f3 as\u00ed en dicha casa -propiedad de la Bodega Arizu-&nbsp;la primera \u00abUnidad B\u00e1sica\u00bb del Partido Justicialista de Villa Atuel.&nbsp;Sotero Arizu, adem\u00e1s, hab\u00eda hecho construir un sal\u00f3n, donde se reun\u00edan los peronistas del pueblo, como&nbsp;Adel \u00abZorro\u00bb Jaliff, Jos\u00e9 \u00abCacheiro\u00bb Ruiz, Edmundo Valdez&nbsp;y otros militantes.<\/p>\n\n\n\n<div style=\"height:20px\" aria-hidden=\"true\" class=\"wp-block-spacer\"><\/div>\n\n\n\n<h4 class=\"has-vivid-red-color has-text-color wp-block-heading\">La primera Unidad B\u00e1sica del Partido Justicialista en Villa Atuel se fund\u00f3 en  el hogar de los militantes Mart\u00edn Orozco y su esposa Belia Ortensia Cor\u00e1n. Ellos eran trabajadores de la Bodega Arizu y su casa pertenec\u00eda a la empresa, que la ced\u00eda para sus empleados.<\/h4>\n\n\n\n<div style=\"height:20px\" aria-hidden=\"true\" class=\"wp-block-spacer\"><\/div>\n\n\n\n<p>Joaqu\u00edn Arbeloa falleci\u00f3 en San Rafael, en un tr\u00e1gico accidente automovil\u00edstico, el domingo 21 de mayo de 1967. <\/p>\n\n\n\n<p>El que manejaba era el m\u00e9dico Ricardo Arnulphi, presidente del Club Atl\u00e9tico Villa Atuel. En el asiento delantero estaban Arbeloa (entrenador del equipo) con el agricultor Carlos Bast\u00edas, y en la parte posterior viajaban 3 jugadores del equipo. Se dirig\u00edan en un Ford Falcon rojo a gran velocidad, para jugar un partido contra el Club Deportivo Argentino de San Rafael. En la ruta frente a la Bodega \u00abLa Pichana\u00bb, a eso de las 15 horas, un Rastrojero roz\u00f3 el auto, lo que provoc\u00f3 que se incrustara de frente contra un \u00f3mnibus estacionado. <\/p>\n\n\n\n<p>Arnulphi y Arbeloa murieron en el acto, y los otros cuatro tripulantes sufrieron heridas graves. Una apostilla es que&nbsp;el equipo de Villa Atuel se solidariz\u00f3 con las v\u00edctimas del accidente y no se present\u00f3 a jugar. En cambio, los locales se pararon en la cancha, y con la asistencia del \u00e1rbitro, dieron el puntapi\u00e9 inicial, y por ese motivo ganaron los puntos. Esta actitud desleal cay\u00f3 muy mal en la comunidad.<\/p>\n\n\n\n<p>Sacar a colaci\u00f3n los nombres de&nbsp;<strong>Mart\u00edn Orozco<\/strong>, <strong>Joaqu\u00edn Arbeloa<\/strong>, <strong>Adel Jaliff, Belia Ortensia Cor\u00e1n, Adela Aguirre, Jos\u00e9 Ru\u00edz y Edmundo Valdez<\/strong>,&nbsp;es recordar a los pioneros del peronismo en Villa Atuel. Como ya he dicho, gracias al incondicional apoyo del empresario <strong>Sotero Sime\u00f3n Ariz<\/strong>u, quien facilit\u00f3 una de las propiedades de su ejemplar y emblem\u00e1tica Bodega Arizu, para que se fundara la primera Unidad B\u00e1sica del partido peronista en Villa Atuel.<\/p>\n\n\n\n<div style=\"height:39px\" aria-hidden=\"true\" class=\"wp-block-spacer\"><\/div>\n","protected":false},"excerpt":{"rendered":"<p>El 8 de abril de 1947, el matrimonio presidencial lleg\u00f3 en tren a la estaci\u00f3n&hellip;<\/p>\n","protected":false},"author":3,"featured_media":31758,"comment_status":"open","ping_status":"open","sticky":false,"template":"","format":"standard","meta":{"footnotes":""},"categories":[36],"tags":[],"class_list":["post-31382","post","type-post","status-publish","format-standard","has-post-thumbnail","hentry","category-el-pinguino"],"_links":{"self":[{"href":"https:\/\/enolife.com.ar\/es\/wp-json\/wp\/v2\/posts\/31382","targetHints":{"allow":["GET"]}}],"collection":[{"href":"https:\/\/enolife.com.ar\/es\/wp-json\/wp\/v2\/posts"}],"about":[{"href":"https:\/\/enolife.com.ar\/es\/wp-json\/wp\/v2\/types\/post"}],"author":[{"embeddable":true,"href":"https:\/\/enolife.com.ar\/es\/wp-json\/wp\/v2\/users\/3"}],"replies":[{"embeddable":true,"href":"https:\/\/enolife.com.ar\/es\/wp-json\/wp\/v2\/comments?post=31382"}],"version-history":[{"count":0,"href":"https:\/\/enolife.com.ar\/es\/wp-json\/wp\/v2\/posts\/31382\/revisions"}],"wp:featuredmedia":[{"embeddable":true,"href":"https:\/\/enolife.com.ar\/es\/wp-json\/wp\/v2\/media\/31758"}],"wp:attachment":[{"href":"https:\/\/enolife.com.ar\/es\/wp-json\/wp\/v2\/media?parent=31382"}],"wp:term":[{"taxonomy":"category","embeddable":true,"href":"https:\/\/enolife.com.ar\/es\/wp-json\/wp\/v2\/categories?post=31382"},{"taxonomy":"post_tag","embeddable":true,"href":"https:\/\/enolife.com.ar\/es\/wp-json\/wp\/v2\/tags?post=31382"}],"curies":[{"name":"wp","href":"https:\/\/api.w.org\/{rel}","templated":true}]}}