{"id":31371,"date":"2021-03-08T20:28:51","date_gmt":"2021-03-08T20:28:51","guid":{"rendered":"http:\/\/enolife.com.ar\/es\/?p=31371"},"modified":"2021-03-09T16:29:40","modified_gmt":"2021-03-09T16:29:40","slug":"eduardo-sancho-la-vitinicultura-avanza-con-el-nuevo-plan-pevi-2030","status":"publish","type":"post","link":"https:\/\/enolife.com.ar\/es\/eduardo-sancho-la-vitinicultura-avanza-con-el-nuevo-plan-pevi-2030\/","title":{"rendered":"Eduardo Sancho: \u00abLa vitinicultura avanza con el nuevo plan PEVI 2030\u00bb"},"content":{"rendered":"\n<h4 class=\"wp-block-heading\"><em><strong>El tradicional desayuno que a\u00f1o a a\u00f1o organiza la Corporaci\u00f3n Vitivin\u00edcola Argentina (Coviar), en este 2021 se traslad\u00f3 del Hotel Hyatt en la Capital mendocina al predio del INTA de Luj\u00e1n de Cuyo. En la oportunidad, el titular de la Coviar, Jos\u00e9 \u00abPepe\u00bb Zuccardi present\u00f3 el Plan Estrat\u00e9gico Vitivin\u00edcola Argentino hasta el 2030, que tiene entre sus objetivos exportar vino por U$S 1.000 millones a mediano plazo. Entre los presentes estuvieron el presidente de la Naci\u00f3n, Alberto Fern\u00e1ndez y los principales dirigentes de la vitivinicultura argentina, entre ellos el t\u00edtular de la Asociaci\u00f3n de Cooperativas Vitivin\u00edcolas de Argentina (Acovi), el ingeniero Eduardo Sancho. A continuaci\u00f3n, transcribimos sus opiniones sobre el lanzamiento, publicadas originalmente en la web  de Acovi.<\/strong><\/em><\/h4>\n\n\n\n<div style=\"height:52px\" aria-hidden=\"true\" class=\"wp-block-spacer\"><\/div>\n\n\n<a href=\"https:\/\/grupoaltasur.com\/\" aria-label=\"1700-500px\"><img loading=\"lazy\" decoding=\"async\" src=\"https:\/\/enolife.com.ar\/es\/wp-content\/uploads\/2021\/01\/1700-500px.jpg\" alt=\"\"  srcset=\"https:\/\/enolife.com.ar\/es\/wp-content\/uploads\/2021\/01\/1700-500px.jpg 1700w, https:\/\/enolife.com.ar\/es\/wp-content\/uploads\/2021\/01\/1700-500px-300x88.jpg 300w, https:\/\/enolife.com.ar\/es\/wp-content\/uploads\/2021\/01\/1700-500px-1024x301.jpg 1024w, https:\/\/enolife.com.ar\/es\/wp-content\/uploads\/2021\/01\/1700-500px-768x226.jpg 768w, https:\/\/enolife.com.ar\/es\/wp-content\/uploads\/2021\/01\/1700-500px-1536x452.jpg 1536w, https:\/\/enolife.com.ar\/es\/wp-content\/uploads\/2021\/01\/1700-500px-1170x344.jpg 1170w, https:\/\/enolife.com.ar\/es\/wp-content\/uploads\/2021\/01\/1700-500px-585x172.jpg 585w\" sizes=\"auto, (max-width: 1700px) 100vw, 1700px\" width=\"1700\" height=\"500\"   \/><\/a>\n\n\n<div style=\"height:68px\" aria-hidden=\"true\" class=\"wp-block-spacer\"><\/div>\n\n\n\n<p><strong>Eduardo Sancho<\/strong> remarc\u00f3 con respecto a la visita del presidente <strong>Alberto Fern\u00e1ndez<\/strong>: \u00abNos hubiese gustado que el presidente anunciara el tema de Proviar, baja en las retenciones y otros anuncios que esper\u00e1bamos y no se realizaron. Yo dir\u00eda que eso es lo oscuro, pero lo bueno es que se nos abre una agenda de trabajo con la Naci\u00f3n con todos los temas vitivin\u00edcolas. La llegada del presidente pone en agenda de la Naci\u00f3n a la vitinicultura\u201d.<\/p>\n\n\n\n<p>Asimismo, Sancho, tambi\u00e9n presidente de Fecovita, se refiri\u00f3 al nuevo plan estrat\u00e9gico <strong>PEVI 2030<\/strong>: \u00abLo positivo es que el nuevo plan est\u00e1 en pleno funcionamiento, ya est\u00e1 terminado. Creo que el anuncio de esto con el presidente y el gobernador, le da un marco bastante importante. Nos queda el gran trabajo de avanzar en ese plan estrat\u00e9gico y todos en conjunto tratar de que logremos los objetivos principalmente para los productores\u00bb.<\/p>\n\n\n\n<p>Por otro lado, Sancho habl\u00f3 sobre los anuncios del gobernador de Mendoza, <strong>Rodolfo \u00abRody\u00bb Su\u00e1rez<\/strong>. \u00abNos parece positivo lo del Fondo para la Transformaci\u00f3n, este fondo especial para productores. Hay que ver c\u00f3mo se arma, porque si algo nos est\u00e1 faltando para cumplir con el objetivo de los productores es el tema del financiamiento a largo plazo, por eso la Proviar es algo importante. Si podemos lograr desde Mendoza un fondo que empiece a permitir que los productores se puedan tecnificar, va ser un paso muy importante\u00bb.<\/p>\n\n\n\n<div style=\"height:20px\" aria-hidden=\"true\" class=\"wp-block-spacer\"><\/div>\n\n\n\n<blockquote class=\"wp-block-quote is-layout-flow wp-block-quote-is-layout-flow\"><p>La lobesia botrana es un punto central, hay que insistir por el financiamiento para combatirla. La Naci\u00f3n tiene que poner fondos, porque es el responsable de la lobesia en Mendoza\u00bb.<\/p><cite>Eduardo Sancho, presidente de Acovi y Fecovita<\/cite><\/blockquote>\n\n\n\n<div style=\"height:20px\" aria-hidden=\"true\" class=\"wp-block-spacer\"><\/div>\n\n\n\n<p>Tambi\u00e9n habl\u00f3 sobre el tema de la plaga <strong>lobesia botrana o pollilla de la vid<\/strong>: \u00abEs un punto central, hay que insistir. La Naci\u00f3n tiene que poner fondos, recordemos que el responsable de la lobesia en Mendoza es la Naci\u00f3n. Vamos a apoyar el pedido del gobernador con relaci\u00f3n a este tema\u00bb.<\/p>\n\n\n\n<p>Finalmente, enfatiz\u00f3 el trabajo que se viene desarrollando con el <strong>Banco de Vinos<\/strong> y el discurso realizado por el presidente de la Coviar, <strong>Jos\u00e9 Zuccardi<\/strong>: \u00abEl discurso del presidente de la Coviar ha sido totalmente consensuado con nosotros. Todo lo que dijo en el discurso est\u00e1 puesto en el Plan Vitivin\u00edcola\u00bb.<\/p>\n\n\n\n<div style=\"height:33px\" aria-hidden=\"true\" class=\"wp-block-spacer\"><\/div>\n","protected":false},"excerpt":{"rendered":"<p>El tradicional desayuno que a\u00f1o a a\u00f1o organiza la Corporaci\u00f3n Vitivin\u00edcola Argentina (Coviar), en este&hellip;<\/p>\n","protected":false},"author":3,"featured_media":31377,"comment_status":"open","ping_status":"open","sticky":false,"template":"","format":"standard","meta":{"footnotes":""},"categories":[12],"tags":[],"class_list":["post-31371","post","type-post","status-publish","format-standard","has-post-thumbnail","hentry","category-opinion"],"_links":{"self":[{"href":"https:\/\/enolife.com.ar\/es\/wp-json\/wp\/v2\/posts\/31371","targetHints":{"allow":["GET"]}}],"collection":[{"href":"https:\/\/enolife.com.ar\/es\/wp-json\/wp\/v2\/posts"}],"about":[{"href":"https:\/\/enolife.com.ar\/es\/wp-json\/wp\/v2\/types\/post"}],"author":[{"embeddable":true,"href":"https:\/\/enolife.com.ar\/es\/wp-json\/wp\/v2\/users\/3"}],"replies":[{"embeddable":true,"href":"https:\/\/enolife.com.ar\/es\/wp-json\/wp\/v2\/comments?post=31371"}],"version-history":[{"count":0,"href":"https:\/\/enolife.com.ar\/es\/wp-json\/wp\/v2\/posts\/31371\/revisions"}],"wp:featuredmedia":[{"embeddable":true,"href":"https:\/\/enolife.com.ar\/es\/wp-json\/wp\/v2\/media\/31377"}],"wp:attachment":[{"href":"https:\/\/enolife.com.ar\/es\/wp-json\/wp\/v2\/media?parent=31371"}],"wp:term":[{"taxonomy":"category","embeddable":true,"href":"https:\/\/enolife.com.ar\/es\/wp-json\/wp\/v2\/categories?post=31371"},{"taxonomy":"post_tag","embeddable":true,"href":"https:\/\/enolife.com.ar\/es\/wp-json\/wp\/v2\/tags?post=31371"}],"curies":[{"name":"wp","href":"https:\/\/api.w.org\/{rel}","templated":true}]}}