{"id":31332,"date":"2021-03-08T21:40:51","date_gmt":"2021-03-08T21:40:51","guid":{"rendered":"http:\/\/enolife.com.ar\/es\/?p=31332"},"modified":"2021-03-10T15:34:23","modified_gmt":"2021-03-10T15:34:23","slug":"fernandez-sagasti-tiene-un-proyecto-para-que-la-nacion-financie-3-anos-mas-el-combate-a-la-lobesia","status":"publish","type":"post","link":"https:\/\/enolife.com.ar\/es\/fernandez-sagasti-tiene-un-proyecto-para-que-la-nacion-financie-3-anos-mas-el-combate-a-la-lobesia\/","title":{"rendered":"Fern\u00e1ndez Sagasti tiene un proyecto para que la Naci\u00f3n financie 3 a\u00f1os m\u00e1s el combate a la lobesia"},"content":{"rendered":"\n<h4 class=\"wp-block-heading\"><em><strong>La senadora nacional por el peronismo mendocino y actual presidenta del PJ en la provincia, Anabel Fern\u00e1ndez Sagasti (en la foto principal, con el ministro de Agricultura de la Naci\u00f3n, Luis Basterra), present\u00f3 en el Senado de la Naci\u00f3n un proyecto de ley para prorrogar por los pr\u00f3ximos 3 a\u00f1os la anterior ley N\u00ba 27.227, que en diciembre de 2015 declaraba de inter\u00e9s del Estado argentino el combate a la plaga lobesia botrana (polilla de la vid) y asignaba fondos espec\u00edficos entre 2016 y 2019. Terminada su vigencia, la legisladora pide continuidad y una partida especial para tal fin.<\/strong><\/em><\/h4>\n\n\n\n<div style=\"height:20px\" aria-hidden=\"true\" class=\"wp-block-spacer\"><\/div>\n\n\n<a href=\"https:\/\/estanciamendoza.com.ar\/es\/\" aria-label=\"Copia de BEM &#8211; Banner adaptaciones diario digital_BEM &#8211; Banner Enolife &#8211; 1700&#215;500\"><img loading=\"lazy\" decoding=\"async\" src=\"https:\/\/enolife.com.ar\/es\/wp-content\/uploads\/2019\/07\/Copia-de-BEM-Banner-adaptaciones-diario-digital_BEM-Banner-Enolife-1700x500-1.jpg\" alt=\"\"  srcset=\"https:\/\/enolife.com.ar\/es\/wp-content\/uploads\/2019\/07\/Copia-de-BEM-Banner-adaptaciones-diario-digital_BEM-Banner-Enolife-1700x500-1.jpg 1700w, https:\/\/enolife.com.ar\/es\/wp-content\/uploads\/2019\/07\/Copia-de-BEM-Banner-adaptaciones-diario-digital_BEM-Banner-Enolife-1700x500-1-300x88.jpg 300w, https:\/\/enolife.com.ar\/es\/wp-content\/uploads\/2019\/07\/Copia-de-BEM-Banner-adaptaciones-diario-digital_BEM-Banner-Enolife-1700x500-1-1024x301.jpg 1024w, https:\/\/enolife.com.ar\/es\/wp-content\/uploads\/2019\/07\/Copia-de-BEM-Banner-adaptaciones-diario-digital_BEM-Banner-Enolife-1700x500-1-768x226.jpg 768w, https:\/\/enolife.com.ar\/es\/wp-content\/uploads\/2019\/07\/Copia-de-BEM-Banner-adaptaciones-diario-digital_BEM-Banner-Enolife-1700x500-1-1536x452.jpg 1536w, https:\/\/enolife.com.ar\/es\/wp-content\/uploads\/2019\/07\/Copia-de-BEM-Banner-adaptaciones-diario-digital_BEM-Banner-Enolife-1700x500-1-1170x344.jpg 1170w, https:\/\/enolife.com.ar\/es\/wp-content\/uploads\/2019\/07\/Copia-de-BEM-Banner-adaptaciones-diario-digital_BEM-Banner-Enolife-1700x500-1-585x172.jpg 585w\" sizes=\"auto, (max-width: 1700px) 100vw, 1700px\" width=\"1700\" height=\"500\"   \/><\/a>\n\n\n<div style=\"height:80px\" aria-hidden=\"true\" class=\"wp-block-spacer\"><\/div>\n\n\n\n<p>La senadora nacional mendocina Anabel Fern\u00e1ndez Sagasti pidi\u00f3 extender por 3 a\u00f1os los beneficios otorgados a los productores vitivin\u00edcolas mediante la ley N\u00b0 27.227.<\/p>\n\n\n\n<p>Este compromiso p\u00fablico-privado permiti\u00f3 cubrir cerca de 90.000 hect\u00e1reas durante 2020 en la provincia de Mendoza.<\/p>\n\n\n\n<p>De aprobarse el proyecto de ley y sancionarse la ley, tal como se prev\u00e9, el Poder Ejecutivo nacional dispondr\u00e1 la asignaci\u00f3n de una partida presupuestaria especial para cumplir con lo que estipula el Programa Nacional de Prevenci\u00f3n y Erradicaci\u00f3n de Lobesia Botrana.<\/p>\n\n\n\n<div style=\"height:20px\" aria-hidden=\"true\" class=\"wp-block-spacer\"><\/div>\n\n\n\n<p class=\"has-background has-pale-cyan-blue-background-color\"><strong>C\u00f3mo afecta la lobesia botrana a las vides<\/strong><br><br>Esta plaga produce da\u00f1os directos en los cultivos, provocando p\u00e9rdidas en los vol\u00famenes de producci\u00f3n y menor rendimiento por planta. Afecta, adem\u00e1s, la calidad de la fruta tanto para consumo en fresco como para vinificaci\u00f3n. <br>Asimismo, favorece el ataque de diversos hongos pat\u00f3genos que provocan la podredumbre del racimo. En uva para vinificar, los residuos que dejan estos hongos transmiten mal olor y sabor a los vinos (da\u00f1os indirectos). Adem\u00e1s, la uva de mesa con destino a exportaci\u00f3n debe dar cumplimiento con tratamientos cuarentenarios internacionalmente aceptados que elevan el costo de producci\u00f3n. Los efectos de dicha plaga ponen en riesgo la competitividad del sector generando una crisis en importantes econom\u00edas regionales.<\/p>\n\n\n\n<div style=\"height:20px\" aria-hidden=\"true\" class=\"wp-block-spacer\"><\/div>\n\n\n\n<p>Luego de una brusca reducci\u00f3n de aportes entre 2016 y 2019, todos en la industria coinciden en que es necesario continuar con el combate para evitar rebrotes. En este sentido, Fern\u00e1ndez Sagasti analiz\u00f3: \u00abEntendemos que este tipo de decisiones apunta a priorizar las econom\u00edas regionales, y en el caso de nuestra provincia la posibilidad de erradicar en el corto plazo la polilla de la vid\u00bb.<\/p>\n\n\n\n<p>En la Argentina 17.000 productores cultivan 220.000 hect\u00e1reas de vid, que generan 385.000 puestos de trabajo directos e indirectos. \u00abSon muchos argentinos y argentinas del interior profundo del pa\u00eds que viven de este sector y que se pueden ver afectados por las consecuencias de la plaga; por lo que resulta indispensable dar continuidad a las acciones realizadas\u00bb apunt\u00f3 la vicejefa del Bloque del Frente de Todos en los argumentos del proyecto.<\/p>\n\n\n\n<div style=\"height:46px\" aria-hidden=\"true\" class=\"wp-block-spacer\"><\/div>\n","protected":false},"excerpt":{"rendered":"<p>La senadora nacional por el peronismo mendocino y actual presidenta del PJ en la provincia,&hellip;<\/p>\n","protected":false},"author":3,"featured_media":31393,"comment_status":"open","ping_status":"open","sticky":false,"template":"","format":"standard","meta":{"footnotes":""},"categories":[14],"tags":[],"class_list":["post-31332","post","type-post","status-publish","format-standard","has-post-thumbnail","hentry","category-news"],"_links":{"self":[{"href":"https:\/\/enolife.com.ar\/es\/wp-json\/wp\/v2\/posts\/31332","targetHints":{"allow":["GET"]}}],"collection":[{"href":"https:\/\/enolife.com.ar\/es\/wp-json\/wp\/v2\/posts"}],"about":[{"href":"https:\/\/enolife.com.ar\/es\/wp-json\/wp\/v2\/types\/post"}],"author":[{"embeddable":true,"href":"https:\/\/enolife.com.ar\/es\/wp-json\/wp\/v2\/users\/3"}],"replies":[{"embeddable":true,"href":"https:\/\/enolife.com.ar\/es\/wp-json\/wp\/v2\/comments?post=31332"}],"version-history":[{"count":0,"href":"https:\/\/enolife.com.ar\/es\/wp-json\/wp\/v2\/posts\/31332\/revisions"}],"wp:featuredmedia":[{"embeddable":true,"href":"https:\/\/enolife.com.ar\/es\/wp-json\/wp\/v2\/media\/31393"}],"wp:attachment":[{"href":"https:\/\/enolife.com.ar\/es\/wp-json\/wp\/v2\/media?parent=31332"}],"wp:term":[{"taxonomy":"category","embeddable":true,"href":"https:\/\/enolife.com.ar\/es\/wp-json\/wp\/v2\/categories?post=31332"},{"taxonomy":"post_tag","embeddable":true,"href":"https:\/\/enolife.com.ar\/es\/wp-json\/wp\/v2\/tags?post=31332"}],"curies":[{"name":"wp","href":"https:\/\/api.w.org\/{rel}","templated":true}]}}