{"id":3132,"date":"2019-09-16T21:04:14","date_gmt":"2019-09-16T21:04:14","guid":{"rendered":"http:\/\/enolife.com.ar\/es\/?p=3132"},"modified":"2019-09-20T14:45:27","modified_gmt":"2019-09-20T14:45:27","slug":"rody-suarez-a-las-cooperativas-vitivinicolas-estamos-pensando-en-un-banco-para-apalancar","status":"publish","type":"post","link":"https:\/\/enolife.com.ar\/es\/rody-suarez-a-las-cooperativas-vitivinicolas-estamos-pensando-en-un-banco-para-apalancar\/","title":{"rendered":"Rody Su\u00e1rez a las cooperativas vitivin\u00edcolas: \u00abEstamos pensando en un banco para apalancar\u00bb"},"content":{"rendered":"\n<h4 class=\"wp-block-heading\"><em><strong>En la primera reuni\u00f3n de una ronda entre los productores agrupados en la Asociaci\u00f3n de Cooperativas Vitivin\u00edcolas Argentinas (Acovi) y los candidatos a la Gobernaci\u00f3n de Mendoza, los cooperativistas pidieron al postulante Rodolfo \u00abRody\u00bb Su\u00e1rez (UCR-Cambiemos) que si es elegido impulse un mayor financiamiento, m\u00e1s obras de infraestructura e inversiones en energ\u00eda hidr\u00e1ulica y el\u00e9ctrica. <\/strong><\/em><\/h4>\n\n\n\n<hr class=\"wp-block-separator\"\/>\n\n\n\n<h4 class=\"wp-block-heading\"><em><strong>Su\u00e1rez prometi\u00f3 que si gana favorecer\u00e1 el empleo en blanco y el desarrollo de industrias alternativas pero sin cambiar la matriz productiva. Para sorpresa de muchos, adelant\u00f3 que su equipo eval\u00faa la creaci\u00f3n de una nueva instituci\u00f3n financiera estatal para apoyar a la industria en general y a la vitivinicultura en particular. <\/strong><\/em><\/h4>\n\n\n\n<div style=\"height:31px\" aria-hidden=\"true\" class=\"wp-block-spacer\"><\/div>\n\n\n\n<p>Por iniciativa de la Asociaci\u00f3n de Cooperativas Vitivin\u00edcolas Argentinas (Acovi), ayer lunes 16 de setiembre continu\u00f3 una ronda de encuentros entre los dirigentes cooperativistas de esta industria y los candidatos a gobernador de los principales partidos. D\u00edas pasados se reunieron con el candidato Jos\u00e9 Luis Ram\u00f3n (Protectora) y ayer fue el turno de dialogar con Rodolfo \u00abRody\u00bb Su\u00e1rez, postulante por la alianza UCR-Cambiemos.<\/p>\n\n\n\n<p class=\"has-background has-very-light-gray-background-color\">Ma\u00f1ana martes 17 de setiembre, los dirigentes encabezados por Eduardo Sancho elevar\u00e1n sus reclamos y propuestas a la candidata peronista Anabel Fern\u00e1ndez Sagasti (Frente Eleg\u00ed Mendoza), en una reuni\u00f3n prevista para las 9.30 en el centro comercial Estaci\u00f3n Torre\u00f3n (Rawson 2.600, Luzuriaga, Maip\u00fa.).<\/p>\n\n\n\n<p>La cita entre los productores vitivin\u00edcolas y Rody Su\u00e1rez tuvo lugar en el Centro de Participaci\u00f3n Ciudadana (9 de Julio 1146 de la capital mendocina). Su\u00e1rez estuvo acompa\u00f1ado por Mario Abed -actual intendente de Jun\u00edn y candidato a vicegobernador-, Enrique Vaqui\u00e9 -dirigente radical de larga trayectoria en la funci\u00f3n p\u00fablica, como legislador nacional, ex titular de Finanzas de Mendoza y ex vicepresidente del Banco Naci\u00f3n- y Alfredo Aciar, jefe de Gabinete del Ministerio de Econom\u00eda de Mendoza.<\/p>\n\n\n\n<p>Por el lado de los dirigentes vitivin\u00edcolas, la comitiva estuvo presidida por Eduardo Sancho -titular de Acovi y de Fecovita, entre otros cargos cooperativistas-, Nicol\u00e1s Vicchi -sub gerente de Acovi- e Hilda Wilhelm de Vaieretti -presidenta de la Cooperativa Norte Mendocino y vicepresidenta de la Coviar. Junto a ellos se alinearon l\u00edderes de varias cooperativas de todas las regiones vitivin\u00edcolas de Mendoza.<\/p>\n\n\n\n<div style=\"height:20px\" aria-hidden=\"true\" class=\"wp-block-spacer\"><\/div>\n\n\n\n<div class=\"wp-block-image\"><figure class=\"aligncenter\"><img loading=\"lazy\" decoding=\"async\" width=\"1024\" height=\"576\" src=\"https:\/\/enolife.com.ar\/es\/wp-content\/uploads\/2019\/09\/image-28-1024x576.png\" alt=\"\" class=\"wp-image-3151\" srcset=\"https:\/\/enolife.com.ar\/es\/wp-content\/uploads\/2019\/09\/image-28-1024x576.png 1024w, https:\/\/enolife.com.ar\/es\/wp-content\/uploads\/2019\/09\/image-28-300x169.png 300w, https:\/\/enolife.com.ar\/es\/wp-content\/uploads\/2019\/09\/image-28-768x432.png 768w, https:\/\/enolife.com.ar\/es\/wp-content\/uploads\/2019\/09\/image-28-1170x658.png 1170w, https:\/\/enolife.com.ar\/es\/wp-content\/uploads\/2019\/09\/image-28-585x329.png 585w, https:\/\/enolife.com.ar\/es\/wp-content\/uploads\/2019\/09\/image-28.png 1885w\" sizes=\"auto, (max-width: 1024px) 100vw, 1024px\" \/><figcaption><em><strong>La mesa de di\u00e1logo<\/strong><\/em><\/figcaption><\/figure><\/div>\n\n\n\n<div style=\"height:20px\" aria-hidden=\"true\" class=\"wp-block-spacer\"><\/div>\n\n\n\n<p>Sancho entreg\u00f3 a Su\u00e1rez el informe \u00abSituaci\u00f3n del productor primario vitivin\u00edcola &#8211; Diagn\u00f3stico y aportes del cooperativismo &#8211; Agosto 2019\u00bb. En ese documento est\u00e1n detalladas todas las propuestas del sector, as\u00ed como an\u00e1lisis y estad\u00edsticas de la industria en la actual coyuntura.<\/p>\n\n\n\n<div style=\"height:20px\" aria-hidden=\"true\" class=\"wp-block-spacer\"><\/div>\n\n\n\n<p class=\"has-medium-font-size\"><strong>\u00abSi el productor no se tecnifica, se cae de la cadena\u00bb<\/strong><\/p>\n\n\n\n<div style=\"height:20px\" aria-hidden=\"true\" class=\"wp-block-spacer\"><\/div>\n\n\n\n<p>\u00abNos falta financiamiento para infraestructura\u00bb, fue el primer requerimiento a Su\u00e1rez por parte de Sancho, quien previamente sintetiz\u00f3 la misi\u00f3n y tareas de Acovi y Fecovita en beneficio de sus asociados.<\/p>\n\n\n\n<div style=\"height:20px\" aria-hidden=\"true\" class=\"wp-block-spacer\"><\/div>\n\n\n\n<figure><iframe loading=\"lazy\" width=\"850\" height=\"315\" src=\"https:\/\/www.youtube.com\/embed\/LyUKBCnwm7M\" allowfullscreen=\"\"><\/iframe><\/figure>\n\n\n\n<div style=\"height:20px\" aria-hidden=\"true\" class=\"wp-block-spacer\"><\/div>\n\n\n\n<p>\u00abEl productor, si no se tecnifica, se va a caer de la cadena\u00bb, advirti\u00f3 luego Sancho. Y solicit\u00f3 que el Estado intervenga m\u00e1s para regular la puesta en marcha del Fondo Antic\u00edclico, \u00abcon el que -dijo- estamos muy de acuerdo\u00bb.<\/p>\n\n\n\n<p>Por otro lado, Sancho manifest\u00f3 al candidato radical que \u00abes fundamental una mayor inversi\u00f3n en el sector h\u00eddrico; todos sabemos que el cambio clim\u00e1tico viene para quedarse y la sequ\u00eda va a ser un factor cada vez peor, y entre el 90 y el 95 por ciento de nuestros productores asociados tiene riego superficial, o sea que ah\u00ed hace falta riego por goteo y construir embalses\u00bb. <\/p>\n\n\n\n<div style=\"height:20px\" aria-hidden=\"true\" class=\"wp-block-spacer\"><\/div>\n\n\n\n<p class=\"has-medium-font-size\"><strong>\u00abGenerar riquezas cuidar el agua nos permitir\u00e1 inversi\u00f3n a futuro\u00bb<\/strong><\/p>\n\n\n\n<div style=\"height:20px\" aria-hidden=\"true\" class=\"wp-block-spacer\"><\/div>\n\n\n\n<p>Tras los requerimientos de Sancho, a los que aportaron sus inquietudes varios otros de los dirigentes cooperativistas, Su\u00e1rez reconoci\u00f3 las carencias del sector y la necesidad de aporte estatal para impulsar la industria: \u00abTodos estamos de acuerdo en que debe haber m\u00e1s desarrollo e inversi\u00f3n, pero ahora hay que ver c\u00f3mo lo hacemos&#8230; Estamos pensando en un banco para apalancar, estamos pensando en que la provincia tambi\u00e9n tiene que generar riquezas de otras actividades productivas para poder utilizar el agua, un recurso escaso. Y esto es lo que nos va a permitir inversi\u00f3n a futuro\u00bb. <\/p>\n\n\n\n<div style=\"height:20px\" aria-hidden=\"true\" class=\"wp-block-spacer\"><\/div>\n\n\n\n<figure><iframe loading=\"lazy\" width=\"850\" height=\"315\" src=\"https:\/\/www.youtube.com\/embed\/xHH6gD1GT6Y\" allowfullscreen=\"\"><\/iframe><\/figure>\n\n\n\n<div style=\"height:20px\" aria-hidden=\"true\" class=\"wp-block-spacer\"><\/div>\n\n\n\n<p>Finalmente, Su\u00e1rez se comprometi\u00f3 a mantener canales de di\u00e1logo permanentes con el sector vitivin\u00edcola, a la vez que destac\u00f3 que su equipo est\u00e1 conformado con funcionarios de experiencia y capacidad, as\u00ed como \u00abgente del sector, que comprende las necesidades del campo, como es el candidato a vicegobernador Mario Abed, tambi\u00e9n productor de vino\u00bb.<\/p>\n\n\n\n<div style=\"height:20px\" aria-hidden=\"true\" class=\"wp-block-spacer\"><\/div>\n","protected":false},"excerpt":{"rendered":"<p>En la primera reuni\u00f3n de una ronda entre los productores agrupados en la Asociaci\u00f3n de&hellip;<\/p>\n","protected":false},"author":3,"featured_media":3150,"comment_status":"open","ping_status":"open","sticky":false,"template":"","format":"standard","meta":{"footnotes":""},"categories":[14],"tags":[],"class_list":["post-3132","post","type-post","status-publish","format-standard","has-post-thumbnail","hentry","category-news"],"_links":{"self":[{"href":"https:\/\/enolife.com.ar\/es\/wp-json\/wp\/v2\/posts\/3132","targetHints":{"allow":["GET"]}}],"collection":[{"href":"https:\/\/enolife.com.ar\/es\/wp-json\/wp\/v2\/posts"}],"about":[{"href":"https:\/\/enolife.com.ar\/es\/wp-json\/wp\/v2\/types\/post"}],"author":[{"embeddable":true,"href":"https:\/\/enolife.com.ar\/es\/wp-json\/wp\/v2\/users\/3"}],"replies":[{"embeddable":true,"href":"https:\/\/enolife.com.ar\/es\/wp-json\/wp\/v2\/comments?post=3132"}],"version-history":[{"count":0,"href":"https:\/\/enolife.com.ar\/es\/wp-json\/wp\/v2\/posts\/3132\/revisions"}],"wp:featuredmedia":[{"embeddable":true,"href":"https:\/\/enolife.com.ar\/es\/wp-json\/wp\/v2\/media\/3150"}],"wp:attachment":[{"href":"https:\/\/enolife.com.ar\/es\/wp-json\/wp\/v2\/media?parent=3132"}],"wp:term":[{"taxonomy":"category","embeddable":true,"href":"https:\/\/enolife.com.ar\/es\/wp-json\/wp\/v2\/categories?post=3132"},{"taxonomy":"post_tag","embeddable":true,"href":"https:\/\/enolife.com.ar\/es\/wp-json\/wp\/v2\/tags?post=3132"}],"curies":[{"name":"wp","href":"https:\/\/api.w.org\/{rel}","templated":true}]}}