{"id":31285,"date":"2021-03-07T15:14:52","date_gmt":"2021-03-07T15:14:52","guid":{"rendered":"http:\/\/enolife.com.ar\/es\/?p=31285"},"modified":"2021-03-09T15:46:08","modified_gmt":"2021-03-09T15:46:08","slug":"vino-patron-unificacion-de-tramites-con-senasa-y-capacitacion-de-diplomaticos-acuerdos-en-marcha","status":"publish","type":"post","link":"https:\/\/enolife.com.ar\/es\/vino-patron-unificacion-de-tramites-con-senasa-y-capacitacion-de-diplomaticos-acuerdos-en-marcha\/","title":{"rendered":"Vino Patr\u00f3n, unificaci\u00f3n de tr\u00e1mites con Senasa y capacitaci\u00f3n de diplom\u00e1ticos, acuerdos en marcha"},"content":{"rendered":"\n<h4 class=\"wp-block-heading\"><em><strong>Durante el Desayuno de la Coviar, concretado ayer en el INTA Luj\u00e1n de Cuyo con la presencia del presidente Alberto Fern\u00e1ndez, el INV, representado por su titular Mart\u00edn Hinojosa, cerr\u00f3 pactos con el INTI, el Senasa y la Coviar para avanzar en tres herramientas de vital importancia para la vitivinicultura nacional.<\/strong><\/em> <\/h4>\n\n\n\n<div style=\"height:20px\" aria-hidden=\"true\" class=\"wp-block-spacer\"><\/div>\n\n\n\n\n\n<div style=\"height:54px\" aria-hidden=\"true\" class=\"wp-block-spacer\"><\/div>\n\n\n\n<p>En el <strong>Desayuno de la Coviar<\/strong>, que tuvo lugar en las instalaciones del INTA de Luj\u00e1n de Cuyo, <strong>Mart\u00edn Hinojosa<\/strong>, en representaci\u00f3n del INV, rubric\u00f3 acuerdos de colaboraci\u00f3n y trabajo en conjunto con el Instituto Nacional de Tecnolog\u00eda Industrial (<strong>INTI<\/strong>), el Servicio Nacional de Sanidad y Calidad Agroalimentaria (<strong>Senasa<\/strong>) y la Corporaci\u00f3n Vitvin\u00edcola Argentina (<strong>Coviar<\/strong>).<\/p>\n\n\n\n<p>Este a\u00f1o, en una edici\u00f3n acotada, con 250 invitados, estuvieron presentes el presidente de la Naci\u00f3n, <strong>Alberto Fern\u00e1ndez<\/strong>; el gobernador de Mendoza, <strong>Rodolfo Su\u00e1rez<\/strong>; el vicegobernador de Mendoza, <strong>Mario Abed<\/strong>, el ministro de Agricultura, Ganader\u00eda y Pesca de la Naci\u00f3n, <strong>Luis Basterra<\/strong>; el vicepresidente del INV, <strong>Hugo Carmona<\/strong>; ex gobernadores, ministros, intendentes, entre otras autoridades nacionales y provinciales. <\/p>\n\n\n\n<p>Durante su transcurso, el presidente de la Coviar, <strong>Jos\u00e9 \u00abPepe\u00bb Zuccardi<\/strong>, resumi\u00f3 lo hecho en la \u00faltima d\u00e9cada con el Plan Estrat\u00e9gico Vitivin\u00edcola argentino 2020 (<strong>PEVI 2020<\/strong>) y adelant\u00f3 los contenidos del <strong>PEVI 2030<\/strong>, que apunta entre otros objetivos a hacer crecer las exportaciones anuales de vino argentino hasta los<strong> U$S 1.000 millones<\/strong> a mediano plazo.<\/p>\n\n\n\n<div style=\"height:31px\" aria-hidden=\"true\" class=\"wp-block-spacer\"><\/div>\n\n\n\n<div class=\"wp-block-image\"><figure class=\"aligncenter size-large\"><img loading=\"lazy\" decoding=\"async\" width=\"1024\" height=\"440\" src=\"https:\/\/enolife.com.ar\/es\/wp-content\/uploads\/2021\/03\/INV-Firma-de-convenio-con-Coviar-1-1024x440.jpeg\" alt=\"\" class=\"wp-image-31313\" srcset=\"https:\/\/enolife.com.ar\/es\/wp-content\/uploads\/2021\/03\/INV-Firma-de-convenio-con-Coviar-1-1024x440.jpeg 1024w, https:\/\/enolife.com.ar\/es\/wp-content\/uploads\/2021\/03\/INV-Firma-de-convenio-con-Coviar-1-300x129.jpeg 300w, https:\/\/enolife.com.ar\/es\/wp-content\/uploads\/2021\/03\/INV-Firma-de-convenio-con-Coviar-1-768x330.jpeg 768w, https:\/\/enolife.com.ar\/es\/wp-content\/uploads\/2021\/03\/INV-Firma-de-convenio-con-Coviar-1-1170x503.jpeg 1170w, https:\/\/enolife.com.ar\/es\/wp-content\/uploads\/2021\/03\/INV-Firma-de-convenio-con-Coviar-1-585x251.jpeg 585w, https:\/\/enolife.com.ar\/es\/wp-content\/uploads\/2021\/03\/INV-Firma-de-convenio-con-Coviar-1.jpeg 1280w\" sizes=\"auto, (max-width: 1024px) 100vw, 1024px\" \/><figcaption><strong>Jos\u00e9 Zuccardi y Mart\u00edn Hinojosa <\/strong><\/figcaption><\/figure><\/div>\n\n\n\n<div style=\"height:20px\" aria-hidden=\"true\" class=\"wp-block-spacer\"><\/div>\n\n\n\n<p class=\"has-medium-font-size\"><strong>Para mejorar el an\u00e1lisis y control de la calidad del vino<\/strong><\/p>\n\n\n\n<p>Con respecto al convenio con que Mart\u00edn Hinojosa rubric\u00f3 con el INTI, para el aseguramiento de la calidad y la trazabilidad metrol\u00f3gica en las mediciones de vino, el presidente del INV manifest\u00f3: \u00abEl acuerdo que firmamos con el presidente del INTI, Rub\u00e9n Geneyro, por el vino patr\u00f3n, se refiere a la creaci\u00f3n de una herramienta muy importante para las bodegas porque contribuye a la calibraci\u00f3n de sus laboratorios. Es un trabajo que hemos realizado con el INTI durante todo el 2020 y que hemos culminado ahora con la firma\u00bb.<\/p>\n\n\n\n<p>Cabe destacar que el material certificado para el sector fue dise\u00f1ado meses atr\u00e1s por especialistas del INV y del INTI, y que constituye un patr\u00f3n clave para el an\u00e1lisis y control de calidad del vino. Es uno de los primeros del mundo, \u00fanico en la regi\u00f3n y una llave para el comercio internacional.<\/p>\n\n\n\n<div style=\"height:20px\" aria-hidden=\"true\" class=\"wp-block-spacer\"><\/div>\n\n\n\n<blockquote class=\"wp-block-quote is-layout-flow wp-block-quote-is-layout-flow\"><p>El Vino Patr\u00f3n constituye una unidad de medida para el an\u00e1lisis y control de la calidad del vino. Esta herramienta es una de las primeras del mundo en su tipo y puede resultar una llave para el comercio internacional del vino argentino\u00bb.<\/p><cite>Mart\u00edn Hinojosa, presidente del INV<\/cite><\/blockquote>\n\n\n\n<div style=\"height:20px\" aria-hidden=\"true\" class=\"wp-block-spacer\"><\/div>\n\n\n\n<p>Al referirse al acuerdo de mutua colaboraci\u00f3n con el Senasa, Hinojosa estim\u00f3: \u00abAcordamos la unificaci\u00f3n de documentaci\u00f3n para la vitivinicultura. Este es un pedido de simplificaci\u00f3n de documentaci\u00f3n durante la cosecha, que viene realizando el sector desde hace un tiempo. Por este motivo, no comunicamos r\u00e1pidamente con el presidente de Senasa y unificamos criterios para aliviar la carga administrativa de los productores.\u00bb Este convenio se firm\u00f3 por instrucci\u00f3n del Ministerio de Agricultura, Ganader\u00eda y Pesca de la Naci\u00f3n. Tambi\u00e9n fue rubricado por el Ministro Luis Basterra y el presidente del Senasa, Carlos Alberto Paz.<\/p>\n\n\n\n<p>Por \u00faltimo, Mart\u00edn Hinojosa se refiri\u00f3 al acuerdo firmado con la Coviar, representada por Jos\u00e9 Zuccardi: \u00abNos permite<strong> <\/strong>capacitar en temas vitivin\u00edcolas a los diplom\u00e1ticos del Ministerio de Relaciones Exteriores, Comercio Internacional y Culto.<strong> <\/strong>Esto incluye a los agregados agr\u00edcolas, comerciales y diplom\u00e1ticos argentinos de las representaciones nacionales en el exterior. Adem\u00e1s, esta acci\u00f3n se extiende a todos los organismos estatales\u00bb.<\/p>\n\n\n\n<div style=\"height:31px\" aria-hidden=\"true\" class=\"wp-block-spacer\"><\/div>\n\n\n\n<p><\/p>\n","protected":false},"excerpt":{"rendered":"<p>Durante el Desayuno de la Coviar, concretado ayer en el INTA Luj\u00e1n de Cuyo con&hellip;<\/p>\n","protected":false},"author":3,"featured_media":31312,"comment_status":"open","ping_status":"open","sticky":false,"template":"","format":"standard","meta":{"footnotes":""},"categories":[14],"tags":[],"class_list":["post-31285","post","type-post","status-publish","format-standard","has-post-thumbnail","hentry","category-news"],"_links":{"self":[{"href":"https:\/\/enolife.com.ar\/es\/wp-json\/wp\/v2\/posts\/31285","targetHints":{"allow":["GET"]}}],"collection":[{"href":"https:\/\/enolife.com.ar\/es\/wp-json\/wp\/v2\/posts"}],"about":[{"href":"https:\/\/enolife.com.ar\/es\/wp-json\/wp\/v2\/types\/post"}],"author":[{"embeddable":true,"href":"https:\/\/enolife.com.ar\/es\/wp-json\/wp\/v2\/users\/3"}],"replies":[{"embeddable":true,"href":"https:\/\/enolife.com.ar\/es\/wp-json\/wp\/v2\/comments?post=31285"}],"version-history":[{"count":0,"href":"https:\/\/enolife.com.ar\/es\/wp-json\/wp\/v2\/posts\/31285\/revisions"}],"wp:featuredmedia":[{"embeddable":true,"href":"https:\/\/enolife.com.ar\/es\/wp-json\/wp\/v2\/media\/31312"}],"wp:attachment":[{"href":"https:\/\/enolife.com.ar\/es\/wp-json\/wp\/v2\/media?parent=31285"}],"wp:term":[{"taxonomy":"category","embeddable":true,"href":"https:\/\/enolife.com.ar\/es\/wp-json\/wp\/v2\/categories?post=31285"},{"taxonomy":"post_tag","embeddable":true,"href":"https:\/\/enolife.com.ar\/es\/wp-json\/wp\/v2\/tags?post=31285"}],"curies":[{"name":"wp","href":"https:\/\/api.w.org\/{rel}","templated":true}]}}