{"id":31121,"date":"2021-03-05T21:28:23","date_gmt":"2021-03-05T21:28:23","guid":{"rendered":"http:\/\/enolife.com.ar\/es\/?p=31121"},"modified":"2021-03-07T13:29:24","modified_gmt":"2021-03-07T13:29:24","slug":"trabajadores-vitivinicolas-se-autoconvocan-al-desayuno-de-la-coviar-y-al-almuerzo-de-bodegas","status":"publish","type":"post","link":"https:\/\/enolife.com.ar\/es\/trabajadores-vitivinicolas-se-autoconvocan-al-desayuno-de-la-coviar-y-al-almuerzo-de-bodegas\/","title":{"rendered":"Trabajadores vitivin\u00edcolas se autoconvocan al Desayuno de la Coviar y al Almuerzo de Bodegas"},"content":{"rendered":"\n<h4 class=\"wp-block-heading\"><em><strong>El 1\/2, coincidiendo con su D\u00eda, los Trabajadores Vitivin\u00edcolas Autoconvocados realizaron una marcha desde el Nudo Vial de Mendoza hasta la Casa de Gobierno de Mendoza. Fue en reclamo de un \u00absalario digno inicial igual a la canasta b\u00e1sica familiar, aplicaci\u00f3n de la cl\u00e1usula gatillo -bono o premio por producci\u00f3n cada fin de a\u00f1o -, actualizaci\u00f3n del convenio laboral de bodegas y vi\u00f1as y mejoras en las condiciones laborales\u00bb. Si bien desde Foeva, el gremio que los representa, iniciaron la actividad paritaria tomando en cuenta estos pedidos, ma\u00f1ana 6\/3 los trabajadores se volver\u00e1n a reunir en las puertas del INTA EEA Mendoza, en Luj\u00e1n de Cuyo, mientras se celebre el Desayuno de la Coviar al que asistir\u00e1 el presidente de la Naci\u00f3n. Y m\u00e1s tarde ir\u00e1n a la Bodega Trivento -Ruta 60 y Pescara, Maip\u00fa, durante el tradicional Agasajo de Bodegas de Argentina.<\/strong><\/em><strong><em> <\/em><\/strong><\/h4>\n\n\n\n<div style=\"height:71px\" aria-hidden=\"true\" class=\"wp-block-spacer\"><\/div>\n\n\n\n<p>Como todos los a\u00f1os, el primer s\u00e1bado de marzo se celebra en Mendoza la Fiesta de la Vendimia, para homenajear al fruto de la tierra y a quienes cosechan la uva y elaboran el vino. Pero no todo es una fiesta, tambi\u00e9n es el momento de los grandes debates sobre pol\u00edticas vitivin\u00edcolas, los precios de la uva y el vino y los salarios de los trabajadores. Esos son los temas que se ponen sobre la mesa, y que, de no resolverse, intensifican las grietas que pudieran existir. <\/p>\n\n\n\n<p>Los trabajadores vitivin\u00edcolas est\u00e1n en el momento culminante de su tarea anual, y su principal preocupaci\u00f3n es c\u00f3mo llenar m\u00e1s tachos en menos tiempo. Con esa sensaci\u00f3n es que un grupo de ellos se unieron en lo que llamaron <strong>\u00abTrabajadores Vitivin\u00edcolas Autoconvocados\u00bb <\/strong>y se est\u00e1n organizando para reunirse a las <strong>8.30 hs de ma\u00f1ana 6\/3 en el INTA<\/strong> <strong>EEA Mendoza<\/strong> (Luj\u00e1n de Cuyo) donde se llevar\u00e1 a cabo el desayuno de la Coviar y m\u00e1s tarde en <strong>Bodega Trivento<\/strong>, en Maip\u00fa, en ocasi\u00f3n del Agasajo de Bodegas de Argentina.<\/p>\n\n\n\n<p>En sus redes sociales pueden leerse posteos como \u00abEsta vez vamos todos a desayunar con la Coviar! Llevamos nuestra dignidad, nuestras manos curtidas y un reclamo ensordecedor hist\u00f3rico que termina con el silencio corrupto y explotador de los de siempre\u00bb o \u00abTrabajadores vitivin\u00edcolas!! Ma\u00f1ana nos manifestamos!! Llevamos las banderas, las pancartas!! Sueldo digno para las familias vitivin\u00edcolas\u00bb y \u00abAtenci\u00f3n trabajadores vitivin\u00edcolas!!! Las c\u00e1maras empresariales, pol\u00edticos y dirigentes de la vitivinicultura estar\u00e1n en el INTA en Luj\u00e1n de cuyo!!\u00bb. A esos posteos se suma el siguiente afiche:<\/p>\n\n\n\n<div style=\"height:20px\" aria-hidden=\"true\" class=\"wp-block-spacer\"><\/div>\n\n\n\n<div class=\"wp-block-image\"><figure class=\"aligncenter is-resized\"><img loading=\"lazy\" decoding=\"async\" src=\"https:\/\/scontent.fmdz2-1.fna.fbcdn.net\/v\/t1.0-9\/156960118_10219193998420925_4801626661560597818_o.jpg?_nc_cat=100&amp;ccb=1-3&amp;_nc_sid=8bfeb9&amp;_nc_ohc=BeJruO3TepUAX8z6N4a&amp;_nc_ht=scontent.fmdz2-1.fna&amp;oh=f48a0011e5d871fafb5d033bf90c86b4&amp;oe=6069238C\" alt=\"Puede ser una imagen de texto que dice &quot;\u0d91\u0db8\u0da7\u0dbd TRABAJADORES VITIVIN\u00cdCOLAS AUTOCONVOCADOS CONVOCATORIA MASIVA S\u00e1bado 6\/3 otra oportunidad de ser escuchados compa\u00f1eros. 8:30 am a 10 hs en el INTA calle San Martin 3853 de Luj\u00e1n de Cuyo d\u00f3nde se realizar\u00e1 el desayuno de la Coviar despu\u00e9s concentracion en Bodega Trivento 10:30 hs a 12 hs en Ruta 60y Jer\u00f3nimo Ruiz Justo en Russell Maip\u00fa d\u00f3nde se producir\u00e1 el almuerzo de Bodegas Argentinas.&quot;\" width=\"411\" height=\"582\"\/><\/figure><\/div>\n\n\n\n<p>El objetivo de los trabajadores vitivin\u00edcolas es igualar su sueldo con el valor de la canasta b\u00e1sica de los alimentos.<\/p>\n\n\n\n<div style=\"height:76px\" aria-hidden=\"true\" class=\"wp-block-spacer\"><\/div>\n","protected":false},"excerpt":{"rendered":"<p>El 1\/2, coincidiendo con su D\u00eda, los Trabajadores Vitivin\u00edcolas Autoconvocados realizaron una marcha desde el&hellip;<\/p>\n","protected":false},"author":3,"featured_media":31157,"comment_status":"open","ping_status":"open","sticky":false,"template":"","format":"standard","meta":{"footnotes":""},"categories":[14],"tags":[],"class_list":["post-31121","post","type-post","status-publish","format-standard","has-post-thumbnail","hentry","category-news"],"_links":{"self":[{"href":"https:\/\/enolife.com.ar\/es\/wp-json\/wp\/v2\/posts\/31121","targetHints":{"allow":["GET"]}}],"collection":[{"href":"https:\/\/enolife.com.ar\/es\/wp-json\/wp\/v2\/posts"}],"about":[{"href":"https:\/\/enolife.com.ar\/es\/wp-json\/wp\/v2\/types\/post"}],"author":[{"embeddable":true,"href":"https:\/\/enolife.com.ar\/es\/wp-json\/wp\/v2\/users\/3"}],"replies":[{"embeddable":true,"href":"https:\/\/enolife.com.ar\/es\/wp-json\/wp\/v2\/comments?post=31121"}],"version-history":[{"count":0,"href":"https:\/\/enolife.com.ar\/es\/wp-json\/wp\/v2\/posts\/31121\/revisions"}],"wp:featuredmedia":[{"embeddable":true,"href":"https:\/\/enolife.com.ar\/es\/wp-json\/wp\/v2\/media\/31157"}],"wp:attachment":[{"href":"https:\/\/enolife.com.ar\/es\/wp-json\/wp\/v2\/media?parent=31121"}],"wp:term":[{"taxonomy":"category","embeddable":true,"href":"https:\/\/enolife.com.ar\/es\/wp-json\/wp\/v2\/categories?post=31121"},{"taxonomy":"post_tag","embeddable":true,"href":"https:\/\/enolife.com.ar\/es\/wp-json\/wp\/v2\/tags?post=31121"}],"curies":[{"name":"wp","href":"https:\/\/api.w.org\/{rel}","templated":true}]}}