{"id":31096,"date":"2021-03-05T19:11:25","date_gmt":"2021-03-05T19:11:25","guid":{"rendered":"http:\/\/enolife.com.ar\/es\/?p=31096"},"modified":"2021-03-06T18:13:52","modified_gmt":"2021-03-06T18:13:52","slug":"la-coviar-le-pedira-al-presidente-bajar-retenciones-conectividad-rural-y-financiacion-para-riego","status":"publish","type":"post","link":"https:\/\/enolife.com.ar\/es\/la-coviar-le-pedira-al-presidente-bajar-retenciones-conectividad-rural-y-financiacion-para-riego\/","title":{"rendered":"La Coviar le pedir\u00e1 al presidente bajar retenciones, conectividad rural y financiaci\u00f3n para riego"},"content":{"rendered":"\n<h4 class=\"wp-block-heading\"><em><strong>Ma\u00f1ana desde las 9, en el INTA Luj\u00e1n de Cuyo, la Corporaci\u00f3n Vitivin\u00edcola Argentina ofrecer\u00e1 su tradicional Desayuno, aunque esta vez s\u00f3lo para 250 invitados en lugar de los 1.000 del a\u00f1o pasado en el hotel Hyatt. Por las restricciones del coronavirus, el resto de los actores del sector lo veremos por streaming v\u00eda internet. All\u00ed, su titular Jos\u00e9 \u00abPepe\u00bb Zuccardi expondr\u00e1 ante dirigentes vitivin\u00edcolas, empresarios, gobernadores y el presidente argentino Alberto Fern\u00e1ndez -cuya presencia est\u00e1 casi confirmada- el Plan Estrat\u00e9gico (PEVI 2030) de la vititinicultura \u00aboficial\u00bb hasta el a\u00f1o 2030.<\/strong><\/em> <\/h4>\n\n\n\n<hr class=\"wp-block-separator\"\/>\n\n\n\n<h4 class=\"wp-block-heading\"><em><strong>Seg\u00fan revel\u00f3 Sergio Villanueva -gerente general de la Uni\u00f3n Vitivin\u00edcola Argentina e integrante de la Coviar- en una entrevista radial realizada por el conductor de Nihuil Ricardo Montacuto, las entidades vitivin\u00edcolas reunidas en la Coviar solicitar\u00e1n a Alberto Fern\u00e1ndez una serie de medidas para \u00abrecomponer el sector primario\u00bb, que \u00abviene perdiendo rentabilidad desde hace 3 a\u00f1os\u00bb. A continuaci\u00f3n, transcribimos la charla completa.<\/strong><\/em><\/h4>\n\n\n\n<div style=\"height:49px\" aria-hidden=\"true\" class=\"wp-block-spacer\"><\/div>\n\n\n<a href=\"https:\/\/estanciamendoza.com.ar\/es\/\" aria-label=\"Copia de BEM &#8211; Banner adaptaciones diario digital_BEM &#8211; Banner Enolife &#8211; 1700&#215;500\"><img loading=\"lazy\" decoding=\"async\" src=\"https:\/\/enolife.com.ar\/es\/wp-content\/uploads\/2019\/07\/Copia-de-BEM-Banner-adaptaciones-diario-digital_BEM-Banner-Enolife-1700x500-1.jpg\" alt=\"\"  srcset=\"https:\/\/enolife.com.ar\/es\/wp-content\/uploads\/2019\/07\/Copia-de-BEM-Banner-adaptaciones-diario-digital_BEM-Banner-Enolife-1700x500-1.jpg 1700w, https:\/\/enolife.com.ar\/es\/wp-content\/uploads\/2019\/07\/Copia-de-BEM-Banner-adaptaciones-diario-digital_BEM-Banner-Enolife-1700x500-1-300x88.jpg 300w, https:\/\/enolife.com.ar\/es\/wp-content\/uploads\/2019\/07\/Copia-de-BEM-Banner-adaptaciones-diario-digital_BEM-Banner-Enolife-1700x500-1-1024x301.jpg 1024w, https:\/\/enolife.com.ar\/es\/wp-content\/uploads\/2019\/07\/Copia-de-BEM-Banner-adaptaciones-diario-digital_BEM-Banner-Enolife-1700x500-1-768x226.jpg 768w, https:\/\/enolife.com.ar\/es\/wp-content\/uploads\/2019\/07\/Copia-de-BEM-Banner-adaptaciones-diario-digital_BEM-Banner-Enolife-1700x500-1-1536x452.jpg 1536w, https:\/\/enolife.com.ar\/es\/wp-content\/uploads\/2019\/07\/Copia-de-BEM-Banner-adaptaciones-diario-digital_BEM-Banner-Enolife-1700x500-1-1170x344.jpg 1170w, https:\/\/enolife.com.ar\/es\/wp-content\/uploads\/2019\/07\/Copia-de-BEM-Banner-adaptaciones-diario-digital_BEM-Banner-Enolife-1700x500-1-585x172.jpg 585w\" sizes=\"auto, (max-width: 1700px) 100vw, 1700px\" width=\"1700\" height=\"500\"   \/><\/a>\n\n\n<div style=\"height:56px\" aria-hidden=\"true\" class=\"wp-block-spacer\"><\/div>\n\n\n\n<p>En su primera respuesta ante la requisitoria period\u00edstica, <strong>Sergio Villanueva<\/strong> detall\u00f3 cu\u00e1les ser\u00e1n sus pedidos -\u00abno reclamos\u00bb, se preocup\u00f3 por marcar- al presidente de la Naci\u00f3n, cuya presencia en el Desayuno est\u00e1 confirmada en un 90% a esta hora 15 del viernes 5\/3.<\/p>\n\n\n\n<p>\u00abLas medidas que tienen mayor impacto tienen que ver con la exportaci\u00f3n y las retenciones -comenz\u00f3 Villanueva. Si bien la vitivinicultura se benefici\u00f3 con un aumento en los reintegros por exportaci\u00f3n, luego, cuando se bajaron las retenciones a las econom\u00edas regionales, nosotros quedamos &#8216;enganchados&#8217;, y ese va a ser uno de los planteos&#8230;. Antes, la retenci\u00f3n era de 3 pesos por d\u00f3lar exportado, y ahora pas\u00f3 a ser del 4,5% sobre el valor de exportaci\u00f3n. Era algo que nosotros ve\u00edamos venir, porque el peso se fue devaluando, el d\u00f3lar se movi\u00f3, pero en la pr\u00e1ctica es un mayor aporte de la vitivinicultura. Nosotros quer\u00edamos que nos equipararan al resto de los productos de la econom\u00eda regional, porque Mendoza tiene varios productos a los que se les bajaron las retenciones a cero\u00bb.<\/p>\n\n\n\n<div style=\"height:20px\" aria-hidden=\"true\" class=\"wp-block-spacer\"><\/div>\n\n\n\n<blockquote class=\"wp-block-quote is-layout-flow wp-block-quote-is-layout-flow\"><p>Venimos teniendo cosechas cada a\u00f1o m\u00e1s bajas, y este a\u00f1o ser\u00e1n 19 millones de quintales&#8230; Esto es una limitaci\u00f3n al crecimiento, porque falta materia prima&#8230; Y asociado a esto, est\u00e1 el problema del riego, que tenemos que eficientizar intrafinca\u00bb.<\/p><cite>Sergio Villanueva, gerente de la Uni\u00f3n Vitivin\u00edcola Argentina<\/cite><\/blockquote>\n\n\n\n<div style=\"height:20px\" aria-hidden=\"true\" class=\"wp-block-spacer\"><\/div>\n\n\n\n<p>\u00abOtro tema que nosotros consideramos muy importante -continu\u00f3 el dirigente vitivin\u00edcola-, es el sector primario. Ha habido 2 o 3 a\u00f1os o m\u00e1s de muy bajos precios para el sector primario, y el sector primario necesita infraestructura, necesitamos recomponer, venimos bajando en las cosechas, ten\u00edamos 24 millones de quintales, luego 22, luego 20 y este a\u00f1o ser\u00e1n 19 millones de quintales. En este punto, este tipo de cosechas son una limitaci\u00f3n al crecimiento, porque falta materia prima. Y asociado a esto est\u00e1 el tema riego, que es un problema de todo el Oeste argentino. En San Juan, el tema del agua es m\u00e1s grave que ac\u00e1, as\u00ed que frente a la escasez necesitamos eficientar el uso del agua &#8216;intrafinca'\u00bb.<\/p>\n\n\n\n<div style=\"height:20px\" aria-hidden=\"true\" class=\"wp-block-spacer\"><\/div>\n\n\n\n<p class=\"has-medium-font-size\"><strong>En busca de financiaci\u00f3n del BID<\/strong><\/p>\n\n\n\n<p>Al respecto, Villanueva record\u00f3 que siguen trabajando junto con la Naci\u00f3n y diversas entidades crediticias para obtener financiamiento para mejorar el riego: \u00abEstamos trabajando con la misma postura que tuvimos antes con el tema <strong>Proviar<\/strong>, o sea con el objetivo de conseguir aportes no reintegrables del <strong>Banco Interamericano de Desarrollo (BID)<\/strong>, pero eso implica que la Naci\u00f3n debe priorizar esta gesti\u00f3n, que el <strong>Ministerio de Econom\u00eda de la Naci\u00f3n<\/strong> le d\u00e9 el okey al tr\u00e1mite&#8230; El inconveniente es que se tratar\u00eda de un endeudamiento que debe asumir la Naci\u00f3n en un momento bastante complicado por la negociaci\u00f3n con el <strong>Fondo Monetario Internacional<\/strong>, pero me parece que ese es un tema central porque, repito, hace al crecimiento del sector. El plan estrat\u00e9gico muestra que si nosotros no tenemos un sector que vuelva a recomponer productividad, eficiencia y, sobre todo, rentabilidad, vamos a tener una limitaci\u00f3n al crecimiento del sector.<\/p>\n\n\n\n<div style=\"height:20px\" aria-hidden=\"true\" class=\"wp-block-spacer\"><\/div>\n\n\n\n<div class=\"wp-block-image\"><figure class=\"aligncenter is-resized\"><img loading=\"lazy\" decoding=\"async\" src=\"https:\/\/mendoza.puntoapunto.com.ar\/wp-content\/uploads\/2020\/01\/villanueva.jpg\" alt=\"Sergio Villanueva: \u201cA la gente le sigue gustando tomar vino siempre y  cuando los precios sean accesibles&quot; - PuntoaPunto\" width=\"571\" height=\"380\"\/><figcaption><strong>Sergio Villanueva (Foto gentileza Punto a Punto)<\/strong><\/figcaption><\/figure><\/div>\n\n\n\n<div style=\"height:20px\" aria-hidden=\"true\" class=\"wp-block-spacer\"><\/div>\n\n\n\n<p class=\"has-medium-font-size\"><strong>Mala comunicaci\u00f3n<\/strong><\/p>\n\n\n\n<p>Otro de los requerimientos que Villanueva remarc\u00f3 como muy importante a la hora de trabajar con la Naci\u00f3n, es el de las malas comunicaciones electr\u00f3nicas, el\u00e9ctricas y telef\u00f3nicas en el \u00e1mbito rural de Mendoza. As\u00ed lo expres\u00f3: \u00abMendoza est\u00e1 entre las provincias argentinas peor rankeadas en cuanto a conectividad, estamos mal, y nosotros necesitamos que el <strong>Enacom<\/strong> nos ayude a recomponer toda una estructura a trav\u00e9s de las cooperativas el\u00e9ctricas, las cooperativas vitivin\u00edcolas. Sin buena conectividad no hay enoturismo, si un turista en las bodegas no se puede conectar, estamos en problemas&#8230; Y ni te digo los j\u00f3venes rurales, si no tienen conectividad tienden a irse del campo\u00bb.<\/p>\n\n\n\n<div style=\"height:20px\" aria-hidden=\"true\" class=\"wp-block-spacer\"><\/div>\n\n\n\n<p class=\"has-medium-font-size\"><strong>Tirantez con Bodegas de Argentina<\/strong> <\/p>\n\n\n\n<p>Ante la pregunta de Ricardo Montacuto sobre la relaci\u00f3n entre la Coviar y la C\u00e1mara que nuclea a las grandes bodegas exportadoras de Argentina -\u00ab\u00bfC\u00f3mo est\u00e1 la discusi\u00f3n con Bodegas de Argentina despu\u00e9s de las peleas sobre c\u00f3mo se utiliza el dinero?, dispar\u00f3 el conductor de \u00abTe digo lo que pienso\u00bb- Villanueva se\u00f1al\u00f3 excepciones, peg\u00f3 dur\u00f3 y finalmente llam\u00f3 a la concordia.<\/p>\n\n\n\n<p>\u00abMir\u00e1, nosotros venimos trabajando por a\u00f1os con dirigentes de Bodegas de Argentina, yo pongo como ejemplo siempre a Walter Bressia, que tambi\u00e9n ha sido vicepresidente de la Coviar, y con \u00e9l trabajamos muy bien&#8230; Cuando la vitivinicultura ha sido m\u00e1s eficiente en sus logros ha sido cuando est\u00e1bamos todos en la misma mesa&#8230; Con Bressia hicimos muchas cosas juntos, incluida la pelea junto a los gobiernos provinciales por el impuesto al vino, y hoy la \u00fanica bebida que no tiene impuestos internos en Argentina es el vino\u00bb.<\/p>\n\n\n\n<div style=\"height:24px\" aria-hidden=\"true\" class=\"wp-block-spacer\"><\/div>\n\n\n\n<p class=\"has-medium-font-size\"><strong>\u00abLa cuesti\u00f3n es que metamos goles para nuestra gente\u00bb<\/strong> <\/p>\n\n\n\n<p>\u00abPor otro lado -diferenci\u00f3 Villanueva- tenemos una pelea casi l\u00f3gica con gente que viene de otras actividades, con CEOs que no entienden bien a Mendoza&#8230; Con dirigentes anteriores de Bodegas como Mart\u00edn Ramos ten\u00edamos una relaci\u00f3n de mucho laburo, porque Mart\u00edn conoc\u00eda bien a Mendoza. Pero si lleg\u00e1s a Mendoza con el 011 en el celular ya es un problema, porque sos una persona que no vive ac\u00e1, que no transita por ac\u00e1, que no quiere dar la cara ac\u00e1&#8230; Es una visi\u00f3n distinta, y puede pasar, pero en general el productor, incluso los empresarios chicos, quieren que los entes gremiales tengan al frente bodegueros y no a tipos que un d\u00eda est\u00e1n vendiendo insecticidas y al otro d\u00eda vendiendo pan casero&#8230;<\/p>\n\n\n\n<p>Ante la \u00faltima pregunta de Montacuto, Villanueva record\u00f3 una situaci\u00f3n que marca el por qu\u00e9 de las rispideces actuales entre la Coviar y entidades cooperativistas con Bodegas de Argentina.<\/p>\n\n\n\n<div style=\"height:20px\" aria-hidden=\"true\" class=\"wp-block-spacer\"><\/div>\n\n\n\n<p class=\"has-background has-cyan-bluish-gray-background-color\"><strong>&#8211;<em>\u00a1Pero qu\u00e9 duro sos! \u00bfPor qu\u00e9 no puede venir gente de otros negocios al vino?<\/em>, pregunt\u00f3 Montacuto.<br> <br>&#8211;<em>Atendeme<\/em> -respondi\u00f3 Villanueva-, <em>cuando nosotros planteamos la ley de jugos naturales, nos enfrentamos al lobby cocacolero, y es terrible, preguntale a Bazterra, preguntale a Sergio Massa, fueron terribles las presiones que hicieron para que no pudi\u00e9ramos meter jugo de uva en sus bebidas&#8230; Y esa gente est\u00e1 ahora en la industria vitivin\u00edcola&#8230;<\/em><\/strong><\/p>\n\n\n\n<div style=\"height:20px\" aria-hidden=\"true\" class=\"wp-block-spacer\"><\/div>\n\n\n\n<p>\u00abPara terminar- cerr\u00f3 Villanueva-, esto no se trata de un tema gremial, de estar de un lado o de otro&#8230; La cuesti\u00f3n es que metamos goles para nuestra gente\u00bb.<\/p>\n\n\n\n<div style=\"height:45px\" aria-hidden=\"true\" class=\"wp-block-spacer\"><\/div>\n\n\n\n<p>&#8211; <\/p>\n","protected":false},"excerpt":{"rendered":"<p>Ma\u00f1ana desde las 9, en el INTA Luj\u00e1n de Cuyo, la Corporaci\u00f3n Vitivin\u00edcola Argentina ofrecer\u00e1&hellip;<\/p>\n","protected":false},"author":3,"featured_media":31141,"comment_status":"open","ping_status":"open","sticky":false,"template":"","format":"standard","meta":{"footnotes":""},"categories":[14],"tags":[],"class_list":["post-31096","post","type-post","status-publish","format-standard","has-post-thumbnail","hentry","category-news"],"_links":{"self":[{"href":"https:\/\/enolife.com.ar\/es\/wp-json\/wp\/v2\/posts\/31096","targetHints":{"allow":["GET"]}}],"collection":[{"href":"https:\/\/enolife.com.ar\/es\/wp-json\/wp\/v2\/posts"}],"about":[{"href":"https:\/\/enolife.com.ar\/es\/wp-json\/wp\/v2\/types\/post"}],"author":[{"embeddable":true,"href":"https:\/\/enolife.com.ar\/es\/wp-json\/wp\/v2\/users\/3"}],"replies":[{"embeddable":true,"href":"https:\/\/enolife.com.ar\/es\/wp-json\/wp\/v2\/comments?post=31096"}],"version-history":[{"count":0,"href":"https:\/\/enolife.com.ar\/es\/wp-json\/wp\/v2\/posts\/31096\/revisions"}],"wp:featuredmedia":[{"embeddable":true,"href":"https:\/\/enolife.com.ar\/es\/wp-json\/wp\/v2\/media\/31141"}],"wp:attachment":[{"href":"https:\/\/enolife.com.ar\/es\/wp-json\/wp\/v2\/media?parent=31096"}],"wp:term":[{"taxonomy":"category","embeddable":true,"href":"https:\/\/enolife.com.ar\/es\/wp-json\/wp\/v2\/categories?post=31096"},{"taxonomy":"post_tag","embeddable":true,"href":"https:\/\/enolife.com.ar\/es\/wp-json\/wp\/v2\/tags?post=31096"}],"curies":[{"name":"wp","href":"https:\/\/api.w.org\/{rel}","templated":true}]}}