{"id":3070,"date":"2019-09-16T05:09:11","date_gmt":"2019-09-16T05:09:11","guid":{"rendered":"http:\/\/enolife.com.ar\/es\/?p=3070"},"modified":"2019-09-18T14:09:01","modified_gmt":"2019-09-18T14:09:01","slug":"arranca-la-edicion-primavera-de-la-clasica-peatonal-del-vino","status":"publish","type":"post","link":"https:\/\/enolife.com.ar\/es\/arranca-la-edicion-primavera-de-la-clasica-peatonal-del-vino\/","title":{"rendered":"Arranca la edici\u00f3n Primavera de la cl\u00e1sica Peatonal del Vino"},"content":{"rendered":"\n<h4 class=\"wp-block-heading\" id=\"llega-la-edicion-primavera-de-la-unica-peatonal-del-vino-de-la-republica-argentina.-recargada-renovada-y-con-toda-la-frescura-primaveral-la-muni-de-capital-te-espera-el-20-21-y-22-de-septiembre-en-el-parque-civico.-el-dj-internacional-john-digweed-sera-el-encargado-del-gran-cierre-del-evento.\"><em><strong>Del 20 al 22 de setiembre tendr\u00e1 lugar, por primera vez en primavera, el tradicional paseo paseo donde mendocinos y turistas pueden disfrutar del vino, la gastronom\u00eda, arte, m\u00fasica, juegos y premios. Ser\u00e1 en el Parque C\u00edvico, con organizaci\u00f3n de la  Municipalidad de la Ciudad de Mendoza<\/strong><\/em>. El cierre del evento estar\u00e1 a cargo del DJ internacional John Digweed.<\/h4>\n\n\n\n<div style=\"height:20px\" aria-hidden=\"true\" class=\"wp-block-spacer\"><\/div>\n\n\n\n<p>Llega una edici\u00f3n especial del multiespacio enol\u00f3gico, cultural y recreativo al aire libre de la Capital Internacional del Vino, donde la anfitriona es nuestra bebida emblema. Habr\u00e1 diversas etiquetas de vinos, gastronom\u00eda, m\u00fasica, artistas urbanos, plaza de ni\u00f1os, juegos, shows y muchas sorpresas pensadas para que todos los asistentes alcen sus copas y celebren la llegada de la estaci\u00f3n que trae energ\u00eda y diversi\u00f3n.<\/p>\n\n\n\n<p>El intendente de la Ciudad de Mendoza, Rodolfo Su\u00e1rez, manifest\u00f3 al respecto: \u201cLa Peatonal del Vino es un espacio de encuentro que ofrecemos para que vecinos y turistas se acerquen y conozcan m\u00e1s sobre nuestra bebida nacional. El vino es parte de los mendocinos y mucha gente de todas partes del mundo llega a Mendoza para conocer su historia y degustar diferentes varietales. Este espacio es el lugar indicado para que lo hagan\u201d.<\/p>\n\n\n\n<p>Un dato importante es que los d\u00edas<strong> 20 y 21 de setiembre el evento arrancar\u00e1 a las 19 horas<\/strong>; en tanto,&nbsp;<strong>el d\u00eda 22, comenzar\u00e1 a las 17 horas<\/strong>. Los tres d\u00edas, el Parque C\u00edvico ser\u00e1 ambientado para recibir a amantes del vino, la gastronom\u00eda, la m\u00fasica, artistas locales, nacionales e internacionales, espect\u00e1culos en vivo y sorpresas.<\/p>\n\n\n\n<p>La Peatonal del Vino surgi\u00f3 como una propuesta fuera del calendario tur\u00edstico y de Vendimia, a partir de un enfoque novedoso: en una ciudad que recibe a turistas de todo el pa\u00eds y del mundo, la cultura que se genera en torno a la bebida nacional debe tener a los propios vecinos de la Capital Internacional del Vino como los anfitriones encargados de difundirla. Por este motivo, desde su primera edici\u00f3n -abril de 2013-, se recrea reuniendo a los vecinos con los realizadores de vinos mendocinos en un escenario p\u00fablico diferente de la Ciudad de Mendoza con acceso gratuito. En sus ediciones sucesivas, este evento creci\u00f3 en el n\u00famero de participantes y se constituy\u00f3 en una referencia del vino en Mendoza.<\/p>\n\n\n\n<p>Renovada, la edici\u00f3n Primavera de este evento se destacar\u00e1 por la selecci\u00f3n exclusiva de vinos de alto nivel, por los artistas, los puestos de comida, el ritmo y la ambientaci\u00f3n para reunir a gente de toda la provincia y el mundo.<\/p>\n\n\n\n<p class=\"has-medium-font-size\"><strong>Agenda de m\u00fasica<\/strong><\/p>\n\n\n\n<p class=\"has-background has-vivid-green-cyan-background-color\"><strong>Viernes 20 de setiembre, 19 horas<\/strong><\/p>\n\n\n\n<ul class=\"wp-block-list\"><li>19 a 20 hs.: Palomma<\/li><li>20 a 21 hs.: Blex &amp; The Afro<\/li><li>21 a 22 hs.: Villa Diamante + Wen<\/li><li>22 a 23 hs.: Virginia Da Cunha<\/li><li>23 a 0 hs.: Guerrero Guerrero<\/li><\/ul>\n\n\n\n<ul class=\"wp-block-gallery columns-2 is-cropped wp-block-gallery-1 is-layout-flex wp-block-gallery-is-layout-flex\"><li class=\"blocks-gallery-item\"><figure><img loading=\"lazy\" decoding=\"async\" width=\"450\" height=\"800\" src=\"https:\/\/enolife.com.ar\/es\/wp-content\/uploads\/2019\/09\/20-PALOMMA-HISTORIAS.jpg\" alt=\"\" data-id=\"3081\" data-link=\"https:\/\/enolife.com.ar\/es\/?attachment_id=3081\" class=\"wp-image-3081\" srcset=\"https:\/\/enolife.com.ar\/es\/wp-content\/uploads\/2019\/09\/20-PALOMMA-HISTORIAS.jpg 450w, https:\/\/enolife.com.ar\/es\/wp-content\/uploads\/2019\/09\/20-PALOMMA-HISTORIAS-169x300.jpg 169w\" sizes=\"auto, (max-width: 450px) 100vw, 450px\" \/><\/figure><\/li><li class=\"blocks-gallery-item\"><figure><img loading=\"lazy\" decoding=\"async\" width=\"450\" height=\"800\" src=\"https:\/\/enolife.com.ar\/es\/wp-content\/uploads\/2019\/09\/20-BLEX-THE-AFRO-HISTORIAS.jpg\" alt=\"\" data-id=\"3082\" data-link=\"https:\/\/enolife.com.ar\/es\/?attachment_id=3082\" class=\"wp-image-3082\" srcset=\"https:\/\/enolife.com.ar\/es\/wp-content\/uploads\/2019\/09\/20-BLEX-THE-AFRO-HISTORIAS.jpg 450w, https:\/\/enolife.com.ar\/es\/wp-content\/uploads\/2019\/09\/20-BLEX-THE-AFRO-HISTORIAS-169x300.jpg 169w\" sizes=\"auto, (max-width: 450px) 100vw, 450px\" \/><\/figure><\/li><\/ul>\n\n\n\n<ul class=\"wp-block-gallery columns-3 is-cropped wp-block-gallery-2 is-layout-flex wp-block-gallery-is-layout-flex\"><li class=\"blocks-gallery-item\"><figure><img loading=\"lazy\" decoding=\"async\" width=\"450\" height=\"800\" src=\"https:\/\/enolife.com.ar\/es\/wp-content\/uploads\/2019\/09\/20VILLA-DIAMANTE-WEN-HISTORIAS-1.jpg\" alt=\"\" data-id=\"3085\" data-link=\"https:\/\/enolife.com.ar\/es\/?attachment_id=3085\" class=\"wp-image-3085\" srcset=\"https:\/\/enolife.com.ar\/es\/wp-content\/uploads\/2019\/09\/20VILLA-DIAMANTE-WEN-HISTORIAS-1.jpg 450w, https:\/\/enolife.com.ar\/es\/wp-content\/uploads\/2019\/09\/20VILLA-DIAMANTE-WEN-HISTORIAS-1-169x300.jpg 169w\" sizes=\"auto, (max-width: 450px) 100vw, 450px\" \/><\/figure><\/li><li class=\"blocks-gallery-item\"><figure><img loading=\"lazy\" decoding=\"async\" width=\"450\" height=\"800\" src=\"https:\/\/enolife.com.ar\/es\/wp-content\/uploads\/2019\/09\/20-VIRGINIA-DA-CUNHA-HISTORIAS-1.jpg\" alt=\"\" data-id=\"3086\" data-link=\"https:\/\/enolife.com.ar\/es\/?attachment_id=3086\" class=\"wp-image-3086\" srcset=\"https:\/\/enolife.com.ar\/es\/wp-content\/uploads\/2019\/09\/20-VIRGINIA-DA-CUNHA-HISTORIAS-1.jpg 450w, https:\/\/enolife.com.ar\/es\/wp-content\/uploads\/2019\/09\/20-VIRGINIA-DA-CUNHA-HISTORIAS-1-169x300.jpg 169w\" sizes=\"auto, (max-width: 450px) 100vw, 450px\" \/><\/figure><\/li><li class=\"blocks-gallery-item\"><figure><img loading=\"lazy\" decoding=\"async\" width=\"450\" height=\"800\" src=\"https:\/\/enolife.com.ar\/es\/wp-content\/uploads\/2019\/09\/20-GUERRERO-GUERRERO-HISTORIAS.jpg\" alt=\"\" data-id=\"3087\" data-link=\"https:\/\/enolife.com.ar\/es\/?attachment_id=3087\" class=\"wp-image-3087\" srcset=\"https:\/\/enolife.com.ar\/es\/wp-content\/uploads\/2019\/09\/20-GUERRERO-GUERRERO-HISTORIAS.jpg 450w, https:\/\/enolife.com.ar\/es\/wp-content\/uploads\/2019\/09\/20-GUERRERO-GUERRERO-HISTORIAS-169x300.jpg 169w\" sizes=\"auto, (max-width: 450px) 100vw, 450px\" \/><\/figure><\/li><\/ul>\n\n\n\n<p class=\"has-background has-vivid-green-cyan-background-color\"><strong>S\u00e1bado de 21 setiembre, 19 horas<\/strong><\/p>\n\n\n\n<ul class=\"wp-block-list\"><li>19 a 20 hs.: Braulio<\/li><li>20 a 21 hs.: Guadalupe Garc\u00eda Valls<\/li><li>21 a 22 hs.: Kaleema (live)<\/li><li>22 a 23 hs.: Lel\u00e9 (Cande Tinelli)<\/li><li>23 a 0: hs.: Big Bruno<\/li><\/ul>\n\n\n\n<ul class=\"wp-block-gallery columns-3 is-cropped wp-block-gallery-3 is-layout-flex wp-block-gallery-is-layout-flex\"><li class=\"blocks-gallery-item\"><figure><img loading=\"lazy\" decoding=\"async\" width=\"450\" height=\"800\" src=\"https:\/\/enolife.com.ar\/es\/wp-content\/uploads\/2019\/09\/21-BRAULIO-HISTORIAS.jpg\" alt=\"\" data-id=\"3096\" data-link=\"https:\/\/enolife.com.ar\/es\/?attachment_id=3096\" class=\"wp-image-3096\" srcset=\"https:\/\/enolife.com.ar\/es\/wp-content\/uploads\/2019\/09\/21-BRAULIO-HISTORIAS.jpg 450w, https:\/\/enolife.com.ar\/es\/wp-content\/uploads\/2019\/09\/21-BRAULIO-HISTORIAS-169x300.jpg 169w\" sizes=\"auto, (max-width: 450px) 100vw, 450px\" \/><\/figure><\/li><li class=\"blocks-gallery-item\"><figure><img loading=\"lazy\" decoding=\"async\" width=\"450\" height=\"800\" src=\"https:\/\/enolife.com.ar\/es\/wp-content\/uploads\/2019\/09\/21-GUADALUPE-GARCI\u0301A-VALLS-HISTORIAS-1.jpg\" alt=\"\" data-id=\"3097\" data-link=\"https:\/\/enolife.com.ar\/es\/?attachment_id=3097\" class=\"wp-image-3097\" srcset=\"https:\/\/enolife.com.ar\/es\/wp-content\/uploads\/2019\/09\/21-GUADALUPE-GARCI\u0301A-VALLS-HISTORIAS-1.jpg 450w, https:\/\/enolife.com.ar\/es\/wp-content\/uploads\/2019\/09\/21-GUADALUPE-GARCI\u0301A-VALLS-HISTORIAS-1-169x300.jpg 169w\" sizes=\"auto, (max-width: 450px) 100vw, 450px\" \/><\/figure><\/li><li class=\"blocks-gallery-item\"><figure><img loading=\"lazy\" decoding=\"async\" width=\"450\" height=\"800\" src=\"https:\/\/enolife.com.ar\/es\/wp-content\/uploads\/2019\/09\/21-KALEEMA-Live-HISTORIAS-2.jpg\" alt=\"\" data-id=\"3098\" data-link=\"https:\/\/enolife.com.ar\/es\/?attachment_id=3098\" class=\"wp-image-3098\" srcset=\"https:\/\/enolife.com.ar\/es\/wp-content\/uploads\/2019\/09\/21-KALEEMA-Live-HISTORIAS-2.jpg 450w, https:\/\/enolife.com.ar\/es\/wp-content\/uploads\/2019\/09\/21-KALEEMA-Live-HISTORIAS-2-169x300.jpg 169w\" sizes=\"auto, (max-width: 450px) 100vw, 450px\" \/><\/figure><\/li><\/ul>\n\n\n\n<ul class=\"wp-block-gallery columns-2 is-cropped wp-block-gallery-4 is-layout-flex wp-block-gallery-is-layout-flex\"><li class=\"blocks-gallery-item\"><figure><img loading=\"lazy\" decoding=\"async\" width=\"450\" height=\"800\" src=\"https:\/\/enolife.com.ar\/es\/wp-content\/uploads\/2019\/09\/21-LELE\u0301-HISTORIAS-2.jpg\" alt=\"\" data-id=\"3093\" data-link=\"https:\/\/enolife.com.ar\/es\/?attachment_id=3093\" class=\"wp-image-3093\" srcset=\"https:\/\/enolife.com.ar\/es\/wp-content\/uploads\/2019\/09\/21-LELE\u0301-HISTORIAS-2.jpg 450w, https:\/\/enolife.com.ar\/es\/wp-content\/uploads\/2019\/09\/21-LELE\u0301-HISTORIAS-2-169x300.jpg 169w\" sizes=\"auto, (max-width: 450px) 100vw, 450px\" \/><\/figure><\/li><li class=\"blocks-gallery-item\"><figure><img loading=\"lazy\" decoding=\"async\" width=\"450\" height=\"800\" src=\"https:\/\/enolife.com.ar\/es\/wp-content\/uploads\/2019\/09\/21-BIG-HISTORIAS.jpg\" alt=\"\" data-id=\"3099\" data-link=\"https:\/\/enolife.com.ar\/es\/?attachment_id=3099\" class=\"wp-image-3099\" srcset=\"https:\/\/enolife.com.ar\/es\/wp-content\/uploads\/2019\/09\/21-BIG-HISTORIAS.jpg 450w, https:\/\/enolife.com.ar\/es\/wp-content\/uploads\/2019\/09\/21-BIG-HISTORIAS-169x300.jpg 169w\" sizes=\"auto, (max-width: 450px) 100vw, 450px\" \/><\/figure><\/li><\/ul>\n\n\n\n<p class=\"has-background has-vivid-green-cyan-background-color\"><strong>Domingo 22 de setiembre, 17 horas<\/strong><\/p>\n\n\n\n<ul class=\"wp-block-list\"><li>17 a 18 hs.: Flor Parra<\/li><li>18 a 23 hs.: John Digweed<\/li><\/ul>\n\n\n\n<ul class=\"wp-block-gallery columns-2 is-cropped wp-block-gallery-5 is-layout-flex wp-block-gallery-is-layout-flex\"><li class=\"blocks-gallery-item\"><figure><img loading=\"lazy\" decoding=\"async\" width=\"450\" height=\"800\" src=\"https:\/\/enolife.com.ar\/es\/wp-content\/uploads\/2019\/09\/22-FLOR-PARRA-HISTORIAS-1.jpg\" alt=\"\" data-id=\"3094\" data-link=\"https:\/\/enolife.com.ar\/es\/?attachment_id=3094\" class=\"wp-image-3094\" srcset=\"https:\/\/enolife.com.ar\/es\/wp-content\/uploads\/2019\/09\/22-FLOR-PARRA-HISTORIAS-1.jpg 450w, https:\/\/enolife.com.ar\/es\/wp-content\/uploads\/2019\/09\/22-FLOR-PARRA-HISTORIAS-1-169x300.jpg 169w\" sizes=\"auto, (max-width: 450px) 100vw, 450px\" \/><\/figure><\/li><li class=\"blocks-gallery-item\"><figure><img loading=\"lazy\" decoding=\"async\" width=\"540\" height=\"960\" src=\"https:\/\/enolife.com.ar\/es\/wp-content\/uploads\/2019\/09\/dj.jpg\" alt=\"\" data-id=\"3095\" data-link=\"https:\/\/enolife.com.ar\/es\/?attachment_id=3095\" class=\"wp-image-3095\" srcset=\"https:\/\/enolife.com.ar\/es\/wp-content\/uploads\/2019\/09\/dj.jpg 540w, https:\/\/enolife.com.ar\/es\/wp-content\/uploads\/2019\/09\/dj-169x300.jpg 169w\" sizes=\"auto, (max-width: 540px) 100vw, 540px\" \/><\/figure><\/li><\/ul>\n\n\n\n<div style=\"height:20px\" aria-hidden=\"true\" class=\"wp-block-spacer\"><\/div>\n\n\n\n<p class=\"has-medium-font-size\"><strong>Cuponeras para degustaci\u00f3n<\/strong><\/p>\n\n\n\n<div style=\"height:20px\" aria-hidden=\"true\" class=\"wp-block-spacer\"><\/div>\n\n\n\n<p><strong>El ingreso al evento es gratuito, pero para poder degustar las etiquetas de vinos habr\u00e1 que comprar una cuponera. A partir del viernes&nbsp;<a href=\"https:\/\/ciudaddemendoza.gob.ar\/peatonal-del-vino-2019\/\">6 de setiembre empezar\u00e1 la venta anticipada on line&nbsp;(hac\u00e9 clic aqu\u00ed)<\/a>&nbsp;<\/strong><\/p>\n\n\n\n<div style=\"height:20px\" aria-hidden=\"true\" class=\"wp-block-spacer\"><\/div>\n\n\n\n<p class=\"has-background has-very-light-gray-background-color\"><strong>Para acceder a la degustaci\u00f3n de vinos:<\/strong><br><br><strong>Cuponera anticipada, a $250<\/strong>. Si realizaste tu compra online, deber\u00e1s presentar el comprobante en el canje de copas en la Peatonal del Vino.<br><br><strong>Compra en el lugar, a $300.<\/strong><br><br><strong>Compra con Ciudad Universitaria, hay un beneficio de 2\u00d71 en la cuponera general ($300).<\/strong> Cupo limitado. Pr\u00f3ximamente, podr\u00e1s conocer las fechas para retirarla.<\/p>\n\n\n\n<p>Pod\u00e9s compartir los momentos vividos durante esos tres d\u00edas en tus redes con el hashtag <strong>#PeatonalDelVino<\/strong><\/p>\n\n\n\n<div style=\"height:63px\" aria-hidden=\"true\" class=\"wp-block-spacer\"><\/div>\n","protected":false},"excerpt":{"rendered":"<p>Del 20 al 22 de setiembre tendr\u00e1 lugar, por primera vez en primavera, el tradicional&hellip;<\/p>\n","protected":false},"author":3,"featured_media":3075,"comment_status":"open","ping_status":"open","sticky":false,"template":"","format":"standard","meta":{"footnotes":""},"categories":[11],"tags":[],"class_list":["post-3070","post","type-post","status-publish","format-standard","has-post-thumbnail","hentry","category-enoturismo"],"_links":{"self":[{"href":"https:\/\/enolife.com.ar\/es\/wp-json\/wp\/v2\/posts\/3070","targetHints":{"allow":["GET"]}}],"collection":[{"href":"https:\/\/enolife.com.ar\/es\/wp-json\/wp\/v2\/posts"}],"about":[{"href":"https:\/\/enolife.com.ar\/es\/wp-json\/wp\/v2\/types\/post"}],"author":[{"embeddable":true,"href":"https:\/\/enolife.com.ar\/es\/wp-json\/wp\/v2\/users\/3"}],"replies":[{"embeddable":true,"href":"https:\/\/enolife.com.ar\/es\/wp-json\/wp\/v2\/comments?post=3070"}],"version-history":[{"count":0,"href":"https:\/\/enolife.com.ar\/es\/wp-json\/wp\/v2\/posts\/3070\/revisions"}],"wp:featuredmedia":[{"embeddable":true,"href":"https:\/\/enolife.com.ar\/es\/wp-json\/wp\/v2\/media\/3075"}],"wp:attachment":[{"href":"https:\/\/enolife.com.ar\/es\/wp-json\/wp\/v2\/media?parent=3070"}],"wp:term":[{"taxonomy":"category","embeddable":true,"href":"https:\/\/enolife.com.ar\/es\/wp-json\/wp\/v2\/categories?post=3070"},{"taxonomy":"post_tag","embeddable":true,"href":"https:\/\/enolife.com.ar\/es\/wp-json\/wp\/v2\/tags?post=3070"}],"curies":[{"name":"wp","href":"https:\/\/api.w.org\/{rel}","templated":true}]}}