{"id":30374,"date":"2021-02-26T19:56:35","date_gmt":"2021-02-26T19:56:35","guid":{"rendered":"http:\/\/enolife.com.ar\/es\/?p=30374"},"modified":"2021-02-28T16:08:03","modified_gmt":"2021-02-28T16:08:03","slug":"mendoza-sortea-1-000-kits-de-vino-y-regionales-entre-quienes-conviertan-su-casa-en-punto-vendimia","status":"publish","type":"post","link":"https:\/\/enolife.com.ar\/es\/mendoza-sortea-1-000-kits-de-vino-y-regionales-entre-quienes-conviertan-su-casa-en-punto-vendimia\/","title":{"rendered":"Mendoza sortea 1.000 kits de vino y regionales entre quienes conviertan su casa en Punto Vendimia"},"content":{"rendered":"\n<h4 class=\"wp-block-heading\"><em><strong>El pr\u00f3ximo 6 de marzo, nuestra provincia, de una manera at\u00edpica pero innovadora, celebrar\u00e1 la Fiesta de la Vendimia. Para poder disfrutar de la pel\u00edcula \u00abHistorias de Vendimia\u00bb, el gobierno invita a sumarse a la campa\u00f1a \u00abConvert\u00ed tu casa en un Punto Vendimia\u00bb.  Se trata de celebrar en familia en nuestros hogares y con la posibilidad de ganar un kit provisto con vino Los Helechos Malbec de Fecovita y exquisiteces regionales, provistos por los 18 municipios de la provincia. Para participar hay tiempo hasta el domingo 28\/2 ingresando a la web www.vendimia.mendoza.gov.ar<\/strong><\/em><\/h4>\n\n\n\n<div style=\"height:54px\" aria-hidden=\"true\" class=\"wp-block-spacer\"><\/div>\n\n\n<a href=\"https:\/\/estanciamendoza.com.ar\/es\/\" aria-label=\"Copia de BEM &#8211; Banner adaptaciones diario digital_BEM &#8211; Banner Enolife &#8211; 1700&#215;500\"><img loading=\"lazy\" decoding=\"async\" src=\"https:\/\/enolife.com.ar\/es\/wp-content\/uploads\/2019\/07\/Copia-de-BEM-Banner-adaptaciones-diario-digital_BEM-Banner-Enolife-1700x500-1.jpg\" alt=\"\"  srcset=\"https:\/\/enolife.com.ar\/es\/wp-content\/uploads\/2019\/07\/Copia-de-BEM-Banner-adaptaciones-diario-digital_BEM-Banner-Enolife-1700x500-1.jpg 1700w, https:\/\/enolife.com.ar\/es\/wp-content\/uploads\/2019\/07\/Copia-de-BEM-Banner-adaptaciones-diario-digital_BEM-Banner-Enolife-1700x500-1-300x88.jpg 300w, https:\/\/enolife.com.ar\/es\/wp-content\/uploads\/2019\/07\/Copia-de-BEM-Banner-adaptaciones-diario-digital_BEM-Banner-Enolife-1700x500-1-1024x301.jpg 1024w, https:\/\/enolife.com.ar\/es\/wp-content\/uploads\/2019\/07\/Copia-de-BEM-Banner-adaptaciones-diario-digital_BEM-Banner-Enolife-1700x500-1-768x226.jpg 768w, https:\/\/enolife.com.ar\/es\/wp-content\/uploads\/2019\/07\/Copia-de-BEM-Banner-adaptaciones-diario-digital_BEM-Banner-Enolife-1700x500-1-1536x452.jpg 1536w, https:\/\/enolife.com.ar\/es\/wp-content\/uploads\/2019\/07\/Copia-de-BEM-Banner-adaptaciones-diario-digital_BEM-Banner-Enolife-1700x500-1-1170x344.jpg 1170w, https:\/\/enolife.com.ar\/es\/wp-content\/uploads\/2019\/07\/Copia-de-BEM-Banner-adaptaciones-diario-digital_BEM-Banner-Enolife-1700x500-1-585x172.jpg 585w\" sizes=\"auto, (max-width: 1700px) 100vw, 1700px\" width=\"1700\" height=\"500\"   \/><\/a>\n\n\n<div style=\"height:55px\" aria-hidden=\"true\" class=\"wp-block-spacer\"><\/div>\n\n\n\n<p>El gobierno de Mendoza propone disfrutar de nuestra Fiesta m\u00e1xima desde casa y ganar uno de los 1.000 kits con productos regionales y el vino oficial.<\/p>\n\n\n\n<p>Quienes deseen participar, deben ingresar al sitio web&nbsp;<a rel=\"noreferrer noopener\" href=\"http:\/\/www.vendimia.mendoza.gov.ar\/\" target=\"_blank\">www.vendimia.mendoza.gov.ar<\/a>, hacer clic en&nbsp;Vendimia&nbsp;y&nbsp;Sorteo Punto Vendimia, y completar el formulario de la campa\u00f1a. Tienen tiempo hasta el domingo 28\/2, a las 20 hs.<\/p>\n\n\n\n<p>El sorteo se realizar\u00e1 el lunes 1 de marzo por la ma\u00f1ana y los premios se entregar\u00e1n desde el martes al jueves.<\/p>\n\n\n\n<div style=\"height:20px\" aria-hidden=\"true\" class=\"wp-block-spacer\"><\/div>\n\n\n\n<div class=\"wp-block-image\"><figure class=\"aligncenter size-large is-resized\"><img loading=\"lazy\" decoding=\"async\" src=\"https:\/\/enolife.com.ar\/es\/wp-content\/uploads\/2021\/02\/punto-v-3.jpg\" alt=\"\" class=\"wp-image-30388\" width=\"584\" height=\"370\" srcset=\"https:\/\/enolife.com.ar\/es\/wp-content\/uploads\/2021\/02\/punto-v-3.jpg 700w, https:\/\/enolife.com.ar\/es\/wp-content\/uploads\/2021\/02\/punto-v-3-300x191.jpg 300w, https:\/\/enolife.com.ar\/es\/wp-content\/uploads\/2021\/02\/punto-v-3-585x372.jpg 585w\" sizes=\"auto, (max-width: 584px) 100vw, 584px\" \/><figcaption><strong>Mayra Tous y Mar\u00eda Eugenia Serrani, Reina y Virreina de la Vendimia<\/strong>.<\/figcaption><\/figure><\/div>\n\n\n\n<div style=\"height:20px\" aria-hidden=\"true\" class=\"wp-block-spacer\"><\/div>\n\n\n\n<p>Respecto a la campa\u00f1a, la ministra de Cultura y Turismo, <strong>Mariana Juri<\/strong>, coment\u00f3: \u00abEl gobernador <strong>Rodolfo Su\u00e1rez<\/strong> nos pidi\u00f3 que aseguremos las condiciones para que todos los mendocinos disfruten de la Fiesta de la Vendimia, por eso los invitamos a convertir su casa en un Punto Vendimia y hacerlo en familia\u00bb.<\/p>\n\n\n\n<p>Los mendocinos tendr\u00e1n la posibilidad de ser anfitriones en sus hogares de esta celebraci\u00f3n que promete ser hist\u00f3rica, transformando sus hogares en \u00abPuntos Vendimia\u00bb. Para promocionar esta acci\u00f3n, la ministra Juri, junto al director del Fondo Vitivin\u00edcola, <strong>Sergio Villanueva<\/strong>, present\u00f3 el vino oficial de la Vendimia 2021, que ser\u00e1 Los Helechos Malbec Reserva de la Cooperativa Fecovita.<\/p>\n\n\n\n<p>Al respecto, Villanueva destac\u00f3: \u00abEsta es una muy buena idea desarrollada por el Ministerio de Cultura y Turismo junto al Fondo Vitivin\u00edcola, para no perder el origen de que Vendimia es la fiesta del vino y esto es una manera de que la gente deguste un buen vino y una forma de llevar la vitivinicultura a las casas\u00bb.<\/p>\n\n\n\n<div style=\"height:20px\" aria-hidden=\"true\" class=\"wp-block-spacer\"><\/div>\n\n\n\n<div class=\"wp-block-image\"><figure class=\"aligncenter size-large is-resized\"><img loading=\"lazy\" decoding=\"async\" src=\"https:\/\/enolife.com.ar\/es\/wp-content\/uploads\/2021\/02\/punto-v4.jpg\" alt=\"\" class=\"wp-image-30387\" width=\"577\" height=\"360\" srcset=\"https:\/\/enolife.com.ar\/es\/wp-content\/uploads\/2021\/02\/punto-v4.jpg 700w, https:\/\/enolife.com.ar\/es\/wp-content\/uploads\/2021\/02\/punto-v4-300x187.jpg 300w, https:\/\/enolife.com.ar\/es\/wp-content\/uploads\/2021\/02\/punto-v4-585x364.jpg 585w\" sizes=\"auto, (max-width: 577px) 100vw, 577px\" \/><figcaption><strong>Funcionarios de gobierno, entidades vitivin\u00edcolas y la Reina y Virreina de la Vendimia<\/strong>.<\/figcaption><\/figure><\/div>\n\n\n\n<div style=\"height:20px\" aria-hidden=\"true\" class=\"wp-block-spacer\"><\/div>\n\n\n\n<p>El vino <strong>Malbec Reserva de Bodega Los Helechos <\/strong>es una partida especial seleccionada para esta Fiesta. Expresa el trabajo de hombres y mujeres, la generosidad de la naturaleza y la fuerza de la actividad vitivin\u00edcola que apuesta a la proyecci\u00f3n de Mendoza y del pa\u00eds.<\/p>\n\n\n\n<p>Proveniente de Vista Flores, Valle de Uco, su elaboraci\u00f3n comienza con un dedicado trabajo en las fincas y una selecci\u00f3n manual de racimos. Es un vino que muestra el potencial arom\u00e1tico de su zona; fresco, intenso y con una buena complejidad. Se destacan aromas a frutos negros, delicadas notas florales; coco y vainilla provenientes de la crianza en barrica. Adem\u00e1s, su tiempo de maduraci\u00f3n de 6 meses en botella lo convierte en un vino con final persistente y redondo.<\/p>\n\n\n\n<div style=\"height:20px\" aria-hidden=\"true\" class=\"wp-block-spacer\"><\/div>\n\n\n\n<p class=\"has-medium-font-size\"><strong>Regalos desde cada rinc\u00f3n de Mendoza<\/strong><\/p>\n\n\n\n<p>Adem\u00e1s del vino oficial, todos los municipios de la provincia participan de esta acci\u00f3n, aportando diversos productos regionales que se sumar\u00e1n al Kit Vendimia que recibir\u00e1n los ganadores del sorteo.<\/p>\n\n\n\n<p>Estos kits ser\u00e1n variados para que todos los mendocinos encuentren productos de distintas \u00e1reas productivas de la provincia.<\/p>\n\n\n\n<div style=\"height:20px\" aria-hidden=\"true\" class=\"wp-block-spacer\"><\/div>\n\n\n\n<p class=\"has-medium-font-size\"><strong>C\u00f3mo convertir tu casa en un Punto Vendimia<\/strong><\/p>\n\n\n\n<ul class=\"wp-block-list\"><li>\u00bfQui\u00e9nes pueden participar? Mayores de 18 a\u00f1os, residentes en Mendoza.<\/li><li>\u00bfC\u00f3mo participar? Ingresando<strong>&nbsp;<a rel=\"noreferrer noopener\" href=\"https:\/\/vendimia.mendoza.gov.ar\/sorteo-punto-vendimia\/\" target=\"_blank\">aqu\u00ed<\/a>.<\/strong><\/li><li>\u00bfHasta cu\u00e1ndo ten\u00e9s tiempo? Hasta el domingo 28\/02 a las 20.<\/li><li>\u00bfCu\u00e1ndo ser\u00e1 el sorteo? El lunes 1 a las 9.<\/li><li>\u00bfC\u00f3mo te vas a enterar si saliste sorteado? La lista de ganadores se publicar\u00e1 en&nbsp;<a rel=\"noreferrer noopener\" href=\"http:\/\/www.vendimia.mendoza.gov.ar\/\" target=\"_blank\"><strong>www.vendimia.mendoza.gov.ar<\/strong><\/a>&nbsp;y en las redes del Ministerio de Cultura y Turismo.<\/li><li>\u00bfCu\u00e1ndo podr\u00e1s retirar tu premio en caso de salir sorteado? Del 2 al 4 de marzo.<\/li><\/ul>\n\n\n\n<div style=\"height:28px\" aria-hidden=\"true\" class=\"wp-block-spacer\"><\/div>\n\n\n\n<p class=\"has-small-font-size\"><em><strong>Fuente: Gobierno de Mendoza<\/strong><\/em><\/p>\n","protected":false},"excerpt":{"rendered":"<p>El pr\u00f3ximo 6 de marzo, nuestra provincia, de una manera at\u00edpica pero innovadora, celebrar\u00e1 la&hellip;<\/p>\n","protected":false},"author":3,"featured_media":30591,"comment_status":"open","ping_status":"open","sticky":false,"template":"","format":"standard","meta":{"footnotes":""},"categories":[14],"tags":[],"class_list":["post-30374","post","type-post","status-publish","format-standard","has-post-thumbnail","hentry","category-news"],"_links":{"self":[{"href":"https:\/\/enolife.com.ar\/es\/wp-json\/wp\/v2\/posts\/30374","targetHints":{"allow":["GET"]}}],"collection":[{"href":"https:\/\/enolife.com.ar\/es\/wp-json\/wp\/v2\/posts"}],"about":[{"href":"https:\/\/enolife.com.ar\/es\/wp-json\/wp\/v2\/types\/post"}],"author":[{"embeddable":true,"href":"https:\/\/enolife.com.ar\/es\/wp-json\/wp\/v2\/users\/3"}],"replies":[{"embeddable":true,"href":"https:\/\/enolife.com.ar\/es\/wp-json\/wp\/v2\/comments?post=30374"}],"version-history":[{"count":0,"href":"https:\/\/enolife.com.ar\/es\/wp-json\/wp\/v2\/posts\/30374\/revisions"}],"wp:featuredmedia":[{"embeddable":true,"href":"https:\/\/enolife.com.ar\/es\/wp-json\/wp\/v2\/media\/30591"}],"wp:attachment":[{"href":"https:\/\/enolife.com.ar\/es\/wp-json\/wp\/v2\/media?parent=30374"}],"wp:term":[{"taxonomy":"category","embeddable":true,"href":"https:\/\/enolife.com.ar\/es\/wp-json\/wp\/v2\/categories?post=30374"},{"taxonomy":"post_tag","embeddable":true,"href":"https:\/\/enolife.com.ar\/es\/wp-json\/wp\/v2\/tags?post=30374"}],"curies":[{"name":"wp","href":"https:\/\/api.w.org\/{rel}","templated":true}]}}