{"id":30369,"date":"2021-02-25T14:13:42","date_gmt":"2021-02-25T14:13:42","guid":{"rendered":"http:\/\/enolife.com.ar\/es\/?p=30369"},"modified":"2021-02-27T02:08:47","modified_gmt":"2021-02-27T02:08:47","slug":"la-fiesta-de-la-cosecha-se-muda-del-aeropuerto-al-independencia-con-pedro-aznar-como-estrella","status":"publish","type":"post","link":"https:\/\/enolife.com.ar\/es\/la-fiesta-de-la-cosecha-se-muda-del-aeropuerto-al-independencia-con-pedro-aznar-como-estrella\/","title":{"rendered":"La Fiesta de la Cosecha se muda del Aeropuerto al Independencia, con Pedro Aznar como estrella"},"content":{"rendered":"\n<h4 class=\"wp-block-heading\"><em><strong>El talentoso multiinstrumentista, cantante y compositor -ex Ser\u00fa Gir\u00e1n, Spinetta Jade y Pat Metheny Group, entre otras grandes bandas-, vuelve a la Fiesta de la Cosecha luego de su memorable actuaci\u00f3n en la edici\u00f3n 2015, cuando deslumbr\u00f3 en el Aeropuerto de Mendoza. As\u00ed, afirma su conexi\u00f3n con el vino, ya marcada por su alianza con Marcelo Pelleritti para producir el vino \u00abAbremundos\u00bb y su condici\u00f3n de en\u00f3logo y sommelier. Este a\u00f1o, por las restricciones de la pandemia, ser\u00e1 en el Teatro Mayor de Mendoza el 4 de marzo, acompa\u00f1ado por la Orquesta Filarm\u00f3nica y reconocidos m\u00fasicos locales como el d\u00fao Orozco-Barrientos, Javier Montalto y Gabriela Fern\u00e1ndez entre otros.<\/strong><\/em><\/h4>\n\n\n\n<div style=\"height:34px\" aria-hidden=\"true\" class=\"wp-block-spacer\"><\/div>\n\n\n\n\n\n<div style=\"height:70px\" aria-hidden=\"true\" class=\"wp-block-spacer\"><\/div>\n\n\n\n<p>En un a\u00f1o singular, en el marco de una edici\u00f3n especial de la Vendimia, la Fiesta de la Cosecha celebra sus primeros 20 a\u00f1os con un formato diferente: esta vez la cita ser\u00e1 el&nbsp;<strong>jueves 4 de marzo, a las 22, en el Teatro Independencia.&nbsp;<\/strong><\/p>\n\n\n\n<p>Con la organizaci\u00f3n del <strong>Fondo Vitivin\u00edcola<\/strong>, en coproducci\u00f3n art\u00edstica con el <strong>Ministerio de Cultura y Turismo de Mendoza<\/strong>, la <strong>Municipalidad de Las Heras<\/strong> y el acompa\u00f1amiento de <strong>Estancia Mendoza<\/strong>, la Fiesta propone un concierto en homenaje al vino, a las vi\u00f1as y a las mujeres y hombres que cada a\u00f1o cosechan los racimos maduros.<\/p>\n\n\n\n<p>La&nbsp;<strong>Orquesta Filarm\u00f3nica<\/strong>, con la direcci\u00f3n de <strong>C\u00e9sar Lara<\/strong>,&nbsp;<strong>Pedro Aznar<\/strong>&nbsp;como invitado especial, y los mendocinos&nbsp;<strong>Orozco Barrientos<\/strong>,&nbsp;<strong>Javier Montalto<\/strong>,&nbsp;<strong>Fran Figueroa<\/strong>, &nbsp;<strong>Gabriela Fern\u00e1ndez<\/strong>&nbsp;y&nbsp;<strong>Sebasti\u00e1n Alcaraz<\/strong>&nbsp;en los vientos, dar\u00e1n vida a un repertorio emotivo y potente, signo de identidad de esta Fiesta.<\/p>\n\n\n\n<div style=\"height:20px\" aria-hidden=\"true\" class=\"wp-block-spacer\"><\/div>\n\n\n\n<p class=\"has-medium-font-size\"><strong>Entradas: en el Independencia por sorteo y en la Enoteca por canje de alimentos<\/strong><\/p>\n\n\n\n<p>Las entradas para el <strong>Teatro Independencia<\/strong> se sortear\u00e1n en las redes sociales de Fiesta de la Cosecha. <\/p>\n\n\n\n<p>Para quienes deseen asistir a la transmisi\u00f3n simult\u00e1nea del concierto,&nbsp;<strong>La Enoteca<\/strong>&nbsp;ser\u00e1 el punto de encuentro. All\u00ed, adem\u00e1s, habr\u00e1 degustaciones y propuestas gastron\u00f3micas. Los canjes funcionar\u00e1n del siguiente modo:<\/p>\n\n\n\n<ul class=\"wp-block-list\"><li><strong>Evento en La Enoteca, transmisi\u00f3n simult\u00e1nea:&nbsp;<\/strong>Las entradas estar\u00e1n disponibles para el canje en La Enoteca (Peltier 611, Ciudad) desde&nbsp;<strong>lunes el 1 de marzo, de &nbsp;9 a 17,&nbsp;<\/strong>exclusivamente con la entrega de las donaciones de alimentos no perecederos, elementos de higiene y\/o \u00fatiles escolares destinados a la asociaci\u00f3n civil Kair\u00f3s,&nbsp; que trabaja por el desarrollo integral de ni\u00f1os, ni\u00f1as y adolescentes en Maip\u00fa. Toda la informaci\u00f3n estar\u00e1 disponible en las redes sociales de la Fiesta de la Cosecha. Cupo m\u00e1ximo de 250 personas.<br><\/li><li><strong>Fiesta de la Cosecha en casa:<\/strong>&nbsp;El d\u00eda&nbsp;<strong>2 de marzo, de 9 a 17<\/strong>, en La Enoteca se canjear\u00e1 una botella de vino por una bolsa solidaria (ver m\u00e1s abajo). Quienes opten por disfrutar la Fiesta de la Cosecha desde casa tendr\u00e1n beneficios extra que se comunicar\u00e1n por las redes sociales de La Enoteca y la Fiesta de la Cosecha.<\/li><\/ul>\n\n\n\n<div style=\"height:20px\" aria-hidden=\"true\" class=\"wp-block-spacer\"><\/div>\n\n\n\n<p class=\"has-medium-font-size\"><strong>Una selecci\u00f3n de m\u00fasicos<\/strong><\/p>\n\n\n\n<p>El concierto contar\u00e1 con una grilla de artistas de distintas procedencias, todos unidos en un repertorio variado y seleccionado para la ocasi\u00f3n. La&nbsp;<strong>Orquesta Filarm\u00f3nica de Mendoza<\/strong>, en un formato reducido para cumplir con el protocolo sanitario y con la direcci\u00f3n del maestro venezolano C\u00e9sar Lara, ya afincado en Mendoza, ser\u00e1 protagonista de la primera parte del concierto.<\/p>\n\n\n\n<div style=\"height:20px\" aria-hidden=\"true\" class=\"wp-block-spacer\"><\/div>\n\n\n\n<div class=\"wp-block-image\"><figure class=\"aligncenter size-large\"><img loading=\"lazy\" decoding=\"async\" width=\"737\" height=\"339\" src=\"https:\/\/enolife.com.ar\/es\/wp-content\/uploads\/2021\/02\/1911969_1555170478055256_4036538798538803950_n.jpg\" alt=\"\" class=\"wp-image-30415\" srcset=\"https:\/\/enolife.com.ar\/es\/wp-content\/uploads\/2021\/02\/1911969_1555170478055256_4036538798538803950_n.jpg 737w, https:\/\/enolife.com.ar\/es\/wp-content\/uploads\/2021\/02\/1911969_1555170478055256_4036538798538803950_n-300x138.jpg 300w, https:\/\/enolife.com.ar\/es\/wp-content\/uploads\/2021\/02\/1911969_1555170478055256_4036538798538803950_n-585x269.jpg 585w\" sizes=\"auto, (max-width: 737px) 100vw, 737px\" \/><figcaption><strong>Orquesta Filarm\u00f3nica de Mendoza<\/strong><\/figcaption><\/figure><\/div>\n\n\n\n<div style=\"height:20px\" aria-hidden=\"true\" class=\"wp-block-spacer\"><\/div>\n\n\n\n<p>Luego, como ya es habitual en la Fiesta de la Cosecha, la m\u00fasica cuyana pasar\u00e1 al frente con el&nbsp;<strong>d\u00fao Orozco-Barrientos<\/strong>, due\u00f1os de un carisma que el p\u00fablico aplaude y con la potencia de su forma de ser cuyanos de pura cepa. Junto a Til\u00edn Orozco y Fernando Barrientos se sumar\u00e1 en este bloque&nbsp;<strong>Gabriel \u00abCoc\u00f3\u00bb Orozco<\/strong>, proveniente de la original\u00edsima banda de rock y pop \u00abUsted Se\u00f1\u00e1lemelo\u00bb.<\/p>\n\n\n\n<div style=\"height:20px\" aria-hidden=\"true\" class=\"wp-block-spacer\"><\/div>\n\n\n\n<div class=\"wp-block-image\"><figure class=\"aligncenter size-large is-resized\"><img loading=\"lazy\" decoding=\"async\" src=\"https:\/\/enolife.com.ar\/es\/wp-content\/uploads\/2021\/02\/orozco-barrientos-07.jpg\" alt=\"Taller de Orozco-Barrientos, por el D\u00eda del M\u00fasico - Diario Alfil\" class=\"wp-image-30413\" width=\"733\" height=\"393\" srcset=\"https:\/\/enolife.com.ar\/es\/wp-content\/uploads\/2021\/02\/orozco-barrientos-07.jpg 559w, https:\/\/enolife.com.ar\/es\/wp-content\/uploads\/2021\/02\/orozco-barrientos-07-300x161.jpg 300w\" sizes=\"auto, (max-width: 733px) 100vw, 733px\" \/><figcaption><strong>Orozco Barrientos<\/strong><\/figcaption><\/figure><\/div>\n\n\n\n<div style=\"height:20px\" aria-hidden=\"true\" class=\"wp-block-spacer\"><\/div>\n\n\n\n<p>La tercera parte del concierto revivir\u00e1 grandes momentos musicales de la Fiesta de la Cosecha, con nuevas interpretaciones. Ser\u00e1 el turno de&nbsp;<strong>Javier \u00abPulpo\u00bb Montalto<\/strong>,&nbsp;<strong>Fran Figueroa<\/strong>&nbsp;(vocalista de \u00abSpaguetti Western\u00bb) y la voz de ra\u00edz folcl\u00f3rica de&nbsp;<strong>Gabriela Fern\u00e1ndez<\/strong>. Esta apuesta al talento local se completa con un tr\u00edo de arregladores y compositores:&nbsp;<strong>Polo Mart\u00ed, Joaqu\u00edn Guevara y Juan Emilio Cucchiarelli<\/strong>.<\/p>\n\n\n\n<div style=\"height:20px\" aria-hidden=\"true\" class=\"wp-block-spacer\"><\/div>\n\n\n\n<div class=\"wp-block-image\"><figure class=\"aligncenter size-large\"><img loading=\"lazy\" decoding=\"async\" width=\"800\" height=\"450\" src=\"https:\/\/enolife.com.ar\/es\/wp-content\/uploads\/2021\/02\/MJTDGZTDHBSDAY3FHAYTIYJRMY.jpg\" alt=\"\" class=\"wp-image-30416\" srcset=\"https:\/\/enolife.com.ar\/es\/wp-content\/uploads\/2021\/02\/MJTDGZTDHBSDAY3FHAYTIYJRMY.jpg 800w, https:\/\/enolife.com.ar\/es\/wp-content\/uploads\/2021\/02\/MJTDGZTDHBSDAY3FHAYTIYJRMY-300x169.jpg 300w, https:\/\/enolife.com.ar\/es\/wp-content\/uploads\/2021\/02\/MJTDGZTDHBSDAY3FHAYTIYJRMY-768x432.jpg 768w, https:\/\/enolife.com.ar\/es\/wp-content\/uploads\/2021\/02\/MJTDGZTDHBSDAY3FHAYTIYJRMY-585x329.jpg 585w\" sizes=\"auto, (max-width: 800px) 100vw, 800px\" \/><figcaption><strong>Gabriela Fern\u00e1ndez<\/strong><\/figcaption><\/figure><\/div>\n\n\n\n<div style=\"height:20px\" aria-hidden=\"true\" class=\"wp-block-spacer\"><\/div>\n\n\n\n<p>Para el final<strong>, Pedro Aznar<\/strong>,&nbsp;en formato sinf\u00f3nico, volver\u00e1 al escenario de la Fiesta de la Cosecha. Luego de su recordada actuaci\u00f3n de 2015, Aznar regresa para reafirmar el v\u00ednculo que lo une al vino, otra de sus grandes pasiones. Vale recordar que el artista form\u00f3 parte del concierto en el CCK \u00abLas Voces del Vino\u00bb, organizado por el Fondo y la Corporaci\u00f3n Vitivin\u00edcola en noviembre de 2019 a prop\u00f3sito de la celebraci\u00f3n del d\u00eda de la Bebida Nacional.&nbsp;<a href=\"https:\/\/elvinonosune.us15.list-manage.com\/track\/click?u=893404577f149ca331e36a99b&amp;id=0e8bcbae18&amp;e=c8feb6be5f\" target=\"_blank\" rel=\"noreferrer noopener\">Aqu\u00ed<\/a>&nbsp;uno de los momentos sublimes de su actuaci\u00f3n.<\/p>\n\n\n\n<div style=\"height:44px\" aria-hidden=\"true\" class=\"wp-block-spacer\"><\/div>\n\n\n\n<p><strong>Pedro Aznar en La Fiesta de la Cosecha 2015<\/strong><\/p>\n\n\n\n<div style=\"height:20px\" aria-hidden=\"true\" class=\"wp-block-spacer\"><\/div>\n\n\n\n<figure class=\"wp-block-embed-youtube wp-block-embed is-type-video is-provider-youtube wp-embed-aspect-16-9 wp-has-aspect-ratio\"><div class=\"wp-block-embed__wrapper\">\n<iframe loading=\"lazy\" title=\"Pedro Aznar - La pome\u00f1a (Fiesta de la Cosecha 2015)\" width=\"1170\" height=\"658\" src=\"https:\/\/www.youtube.com\/embed\/3I0GK-b2qt0?feature=oembed\" frameborder=\"0\" allow=\"accelerometer; autoplay; clipboard-write; encrypted-media; gyroscope; picture-in-picture\" allowfullscreen><\/iframe>\n<\/div><\/figure>\n\n\n\n<div style=\"height:35px\" aria-hidden=\"true\" class=\"wp-block-spacer\"><\/div>\n\n\n\n<p class=\"has-medium-font-size\"><strong>Una platea especial en streaming en La Enoteca<\/strong><\/p>\n\n\n\n<p>La Fiesta de la Cosecha podr\u00e1 verse por streaming en La Enoteca, donde adem\u00e1s del concierto los asistentes podr\u00e1n disfrutar de degustaciones y comidas de <em>foodtrucks<\/em>, todo bajo un protocolo de cuidados (uso de tapabocas, distanciamiento e higiene de manos) y con un cupo de 250 personas.<\/p>\n\n\n\n<p>El concierto tambi\u00e9n se transmitir\u00e1 en vivo a trav\u00e9s del canal de Youtube \u00abEl Vino Nos Une\u00bb.<\/p>\n\n\n\n<p>El \u00fanico punto de canje de entradas para asistir a la transmisi\u00f3n simult\u00e1nea del concierto ser\u00e1 La Enoteca (Peltier 611, Ciudad) y comienza el lunes&nbsp;<strong>1 de marzo, de 9 a 17<\/strong>. Los asistentes podr\u00e1n obtener una invitaci\u00f3n canjeable por tres opciones de bolsas solidarias:<\/p>\n\n\n\n<ul class=\"wp-block-list\"><li><strong>Bolsa 1 \u2013 Alimentos<\/strong>: deber\u00e1 contener como m\u00ednimo 1 kilo de harina, 1 kilo de az\u00facar, 1 caja de leche en polvo de 800 gr;<\/li><li><strong>Bolsa 2 \u2013 Limpieza e Higiene<\/strong>: deber\u00e1 contener como m\u00ednimo 1 litro de lavandina, 1 alcohol el gel de 400 cc, 1 paquete papel higi\u00e9nico x 4 unidades;<\/li><li><strong>Bolsa 3 &#8211; Escolar<\/strong>: deber\u00e1 contener como m\u00ednimo 1 cuaderno de 100 hojas tama\u00f1o A4, 1 l\u00e1piz, 1 goma, 1 lapicera.<\/li><\/ul>\n\n\n\n<p>Todas las donaciones se destinar\u00e1n a la asociaci\u00f3n civil <strong>Kair\u00f3s<\/strong>, dedicada al desarrollo integral de ni\u00f1os, ni\u00f1as y adolescentes con apoyo socioeducativo, talleres culturales y socio recreativos, propuestas de econom\u00eda social, capacitaci\u00f3n y promoci\u00f3n de la equidad de g\u00e9nero, entre sus ejes de trabajo. Esta asociaci\u00f3n se desempe\u00f1a en el departamento de Maip\u00fa y puede ser contactada a trav\u00e9s de Facebook\/Kairoses.<br><br><strong>M\u00e1s informaci\u00f3n en:<\/strong><br>Facebook\/ Fiesta de la Cosecha<br>Instagram @fiestadelacosecha<br>www.fiestadelacosecha.com.ar<\/p>\n\n\n\n<div style=\"height:35px\" aria-hidden=\"true\" class=\"wp-block-spacer\"><\/div>\n\n\n\n<p class=\"has-small-font-size\"><em><strong>Fuente: Fondo Vitivin\u00edcola Mendoza<\/strong><\/em><\/p>\n","protected":false},"excerpt":{"rendered":"<p>El talentoso multiinstrumentista, cantante y compositor -ex Ser\u00fa Gir\u00e1n, Spinetta Jade y Pat Metheny Group,&hellip;<\/p>\n","protected":false},"author":3,"featured_media":30410,"comment_status":"open","ping_status":"open","sticky":false,"template":"","format":"standard","meta":{"footnotes":""},"categories":[47],"tags":[],"class_list":["post-30369","post","type-post","status-publish","format-standard","has-post-thumbnail","hentry","category-agenda"],"_links":{"self":[{"href":"https:\/\/enolife.com.ar\/es\/wp-json\/wp\/v2\/posts\/30369","targetHints":{"allow":["GET"]}}],"collection":[{"href":"https:\/\/enolife.com.ar\/es\/wp-json\/wp\/v2\/posts"}],"about":[{"href":"https:\/\/enolife.com.ar\/es\/wp-json\/wp\/v2\/types\/post"}],"author":[{"embeddable":true,"href":"https:\/\/enolife.com.ar\/es\/wp-json\/wp\/v2\/users\/3"}],"replies":[{"embeddable":true,"href":"https:\/\/enolife.com.ar\/es\/wp-json\/wp\/v2\/comments?post=30369"}],"version-history":[{"count":0,"href":"https:\/\/enolife.com.ar\/es\/wp-json\/wp\/v2\/posts\/30369\/revisions"}],"wp:featuredmedia":[{"embeddable":true,"href":"https:\/\/enolife.com.ar\/es\/wp-json\/wp\/v2\/media\/30410"}],"wp:attachment":[{"href":"https:\/\/enolife.com.ar\/es\/wp-json\/wp\/v2\/media?parent=30369"}],"wp:term":[{"taxonomy":"category","embeddable":true,"href":"https:\/\/enolife.com.ar\/es\/wp-json\/wp\/v2\/categories?post=30369"},{"taxonomy":"post_tag","embeddable":true,"href":"https:\/\/enolife.com.ar\/es\/wp-json\/wp\/v2\/tags?post=30369"}],"curies":[{"name":"wp","href":"https:\/\/api.w.org\/{rel}","templated":true}]}}