{"id":30303,"date":"2021-02-25T00:00:06","date_gmt":"2021-02-25T00:00:06","guid":{"rendered":"http:\/\/enolife.com.ar\/es\/?p=30303"},"modified":"2021-02-27T01:23:52","modified_gmt":"2021-02-27T01:23:52","slug":"embajadores-culturales-mendocinos-presentaran-el-film-de-la-fiesta-de-la-vendimia-en-55-paises","status":"publish","type":"post","link":"https:\/\/enolife.com.ar\/es\/embajadores-culturales-mendocinos-presentaran-el-film-de-la-fiesta-de-la-vendimia-en-55-paises\/","title":{"rendered":"Embajadores culturales mendocinos presentar\u00e1n el film de la Fiesta de la Vendimia en 55 pa\u00edses"},"content":{"rendered":"\n<h4 class=\"wp-block-heading\"><em><strong>El 23\/2, el gobernador de Mendoza, Rodolfo Su\u00e1rez difundi\u00f3 el trailer del film \u00abHistorias de Vendimia\u00bb a trav\u00e9s de la red social Twitter. En el mensaje, confirm\u00f3 que el estreno mundial ser\u00e1 el 6 de marzo en 55 ciudades del planeta, presentado por destacadas figuras del arte, la cultura, la m\u00fasica y la diplomacia mendocina y argentina radicados en el exterior. Seg\u00fan la descripci\u00f3n de los 16 directores, en la pel\u00edcula se enlazan \u00abseis historias de lucha y resiliencia, con elementos ic\u00f3nicos de la Vendimia\u00bb, que son el trabajo de la tierra, los inmigrantes, el General Jos\u00e9 de San Mart\u00edn, la Virgen de la Carrodilla, los pueblos originarios y el agua, entre otros. La pel\u00edcula ser\u00e1 exhibida en m\u00e1s de 200 \u00abPuntos Vendimia\u00bb en Argentina y el mundo.<\/strong><\/em><\/h4>\n\n\n\n<div style=\"height:49px\" aria-hidden=\"true\" class=\"wp-block-spacer\"><\/div>\n\n\n<a href=\"https:\/\/estanciamendoza.com.ar\/es\/\" aria-label=\"Copia de BEM &#8211; Banner adaptaciones diario digital_BEM &#8211; Banner Enolife &#8211; 1700&#215;500\"><img loading=\"lazy\" decoding=\"async\" src=\"https:\/\/enolife.com.ar\/es\/wp-content\/uploads\/2019\/07\/Copia-de-BEM-Banner-adaptaciones-diario-digital_BEM-Banner-Enolife-1700x500-1.jpg\" alt=\"\"  srcset=\"https:\/\/enolife.com.ar\/es\/wp-content\/uploads\/2019\/07\/Copia-de-BEM-Banner-adaptaciones-diario-digital_BEM-Banner-Enolife-1700x500-1.jpg 1700w, https:\/\/enolife.com.ar\/es\/wp-content\/uploads\/2019\/07\/Copia-de-BEM-Banner-adaptaciones-diario-digital_BEM-Banner-Enolife-1700x500-1-300x88.jpg 300w, https:\/\/enolife.com.ar\/es\/wp-content\/uploads\/2019\/07\/Copia-de-BEM-Banner-adaptaciones-diario-digital_BEM-Banner-Enolife-1700x500-1-1024x301.jpg 1024w, https:\/\/enolife.com.ar\/es\/wp-content\/uploads\/2019\/07\/Copia-de-BEM-Banner-adaptaciones-diario-digital_BEM-Banner-Enolife-1700x500-1-768x226.jpg 768w, https:\/\/enolife.com.ar\/es\/wp-content\/uploads\/2019\/07\/Copia-de-BEM-Banner-adaptaciones-diario-digital_BEM-Banner-Enolife-1700x500-1-1536x452.jpg 1536w, https:\/\/enolife.com.ar\/es\/wp-content\/uploads\/2019\/07\/Copia-de-BEM-Banner-adaptaciones-diario-digital_BEM-Banner-Enolife-1700x500-1-1170x344.jpg 1170w, https:\/\/enolife.com.ar\/es\/wp-content\/uploads\/2019\/07\/Copia-de-BEM-Banner-adaptaciones-diario-digital_BEM-Banner-Enolife-1700x500-1-585x172.jpg 585w\" sizes=\"auto, (max-width: 1700px) 100vw, 1700px\" width=\"1700\" height=\"500\"   \/><\/a>\n\n\n<div style=\"height:65px\" aria-hidden=\"true\" class=\"wp-block-spacer\"><\/div>\n\n\n\n<p>El 23\/2, Rodolfo Suarez public\u00f3 en su cuenta de Twitter el trailer del esperado film que se estrenar\u00e1 en la celebraci\u00f3n vendimial, comentando; \u00abEl 6 de marzo Mendoza estrena&nbsp;<em>Historias de Vendimia<\/em>, una producci\u00f3n audiovisual sin precedentes, para llevar nuestra celebraci\u00f3n de la cosecha a cada rinc\u00f3n del mundo\u201d. El trailer resume en 46 segundos las principales escenas del film dirigido por 16 hombres y mujeres reconocidos en la provincia.<\/p>\n\n\n\n<div style=\"height:28px\" aria-hidden=\"true\" class=\"wp-block-spacer\"><\/div>\n\n\n\n<figure class=\"wp-block-video\"><video controls src=\"https:\/\/enolife.com.ar\/es\/wp-content\/uploads\/2021\/02\/trailer-vendimia.mp4\"><\/video><\/figure>\n\n\n\n<div style=\"height:36px\" aria-hidden=\"true\" class=\"wp-block-spacer\"><\/div>\n\n\n\n<p>Respecto a los Puntos Vendimia en el mundo, la ministra de Cultura y Turismo, Mariana Juri, coment\u00f3: \u201cEstamos haciendo un esfuerzo por internacionalizar nuestra fiesta y que, en definitiva, esto termine siendo un motivo para mostrar a Mendoza en el mundo. Es un honor que referentes mundiales acompa\u00f1en esta iniciativa\u201d.<\/p>\n\n\n\n<p>Entre los m\u00e1s de 200 \u00abPuntos de Vendimia\u00bb donde ser\u00e1 transmitido el estreno, figuras de la cultura mendocina, radicadas en el exterior, ser\u00e1n los encargados de acompa\u00f1ar la celebraci\u00f3n en su pa\u00eds de residencia.<\/p>\n\n\n\n<p>Desde Uruguay, <strong>Ver\u00f3nica Cangemi <\/strong>ofrecer\u00e1 una degustaci\u00f3n de vinos, maridados con un men\u00fa t\u00edpicamente mendocino, que ser\u00e1 coronado con una actuaci\u00f3n de la reconocida soprano. Ser\u00e1 en su residencia en Colonia, desde donde mostrar\u00e1 a Mendoza a personalidades destacadas de la cultura y la pol\u00edtica Uruguaya.<\/p>\n\n\n\n<div style=\"height:20px\" aria-hidden=\"true\" class=\"wp-block-spacer\"><\/div>\n\n\n\n<div class=\"wp-block-image\"><figure class=\"aligncenter size-large\"><img loading=\"lazy\" decoding=\"async\" width=\"762\" height=\"400\" src=\"https:\/\/enolife.com.ar\/es\/wp-content\/uploads\/2021\/02\/veronica-cangemi.jpg\" alt=\"\" class=\"wp-image-30343\" srcset=\"https:\/\/enolife.com.ar\/es\/wp-content\/uploads\/2021\/02\/veronica-cangemi.jpg 762w, https:\/\/enolife.com.ar\/es\/wp-content\/uploads\/2021\/02\/veronica-cangemi-300x157.jpg 300w, https:\/\/enolife.com.ar\/es\/wp-content\/uploads\/2021\/02\/veronica-cangemi-585x307.jpg 585w\" sizes=\"auto, (max-width: 762px) 100vw, 762px\" \/><figcaption><strong>Ver\u00f3nica Cangemi<\/strong><\/figcaption><\/figure><\/div>\n\n\n\n<div style=\"height:20px\" aria-hidden=\"true\" class=\"wp-block-spacer\"><\/div>\n\n\n\n<p>Al respecto, la artista coment\u00f3: \u201cEs un gusto para m\u00ed apoyar esta iniciativa del gobierno de Mendoza y poder no s\u00f3lo compartir nuestra cultura con referentes de Uruguay, sino tambi\u00e9n mostrar que Mendoza ha sido capaz de encontrar una alternativa a su tradicional festejo. Como artista, para m\u00ed es muy importante representar nuestra cultura y tradici\u00f3n. En el punto de encuentro vamos a poder disfrutar la previa con una degustaci\u00f3n de vinos, de la mano de Susana Balbo. Tambi\u00e9n y con permiso especial del reconocido chef Hugo Soca, van a poder disfrutar de un men\u00fa mendocino, que presenta empanadas en horno de barro, chorip\u00e1n, arroz con leche y frutos secos. Esta reuni\u00f3n tambi\u00e9n contar\u00e1 con un espect\u00e1culo musical, junto a mi sobrina Julieta Cangemi y a Federico Chavero\u201d.<\/p>\n\n\n\n<p>Desde Londres, el m\u00fasico y compositor rockero <strong>Natalio Faingold<\/strong> se sumar\u00e1, junto al embajador de nuestro pa\u00eds y, desde la residencia oficial de Argentina en la capital brit\u00e1nica, para replicar virtualmente el film, &nbsp;invitando a todos aquellos que lo deseen a convertir su lugar de residencia en un Punto Vendimia y disfrutar del espect\u00e1culo filmado en su casa. <\/p>\n\n\n\n<div style=\"height:20px\" aria-hidden=\"true\" class=\"wp-block-spacer\"><\/div>\n\n\n\n<div class=\"wp-block-image\"><figure class=\"aligncenter size-large\"><img loading=\"lazy\" decoding=\"async\" width=\"740\" height=\"400\" src=\"https:\/\/enolife.com.ar\/es\/wp-content\/uploads\/2021\/02\/ntalio-faingold.jpg\" alt=\"\" class=\"wp-image-30344\" srcset=\"https:\/\/enolife.com.ar\/es\/wp-content\/uploads\/2021\/02\/ntalio-faingold.jpg 740w, https:\/\/enolife.com.ar\/es\/wp-content\/uploads\/2021\/02\/ntalio-faingold-300x162.jpg 300w, https:\/\/enolife.com.ar\/es\/wp-content\/uploads\/2021\/02\/ntalio-faingold-585x316.jpg 585w\" sizes=\"auto, (max-width: 740px) 100vw, 740px\" \/><figcaption><strong>Natalio Faingold, rockero mendocino radicado en Londres, autor de la \u00f3pera rock \u00abEl Futre\u00bb.<\/strong><\/figcaption><\/figure><\/div>\n\n\n\n<div style=\"height:20px\" aria-hidden=\"true\" class=\"wp-block-spacer\"><\/div>\n\n\n\n<p>Desde M\u00e9xico, <strong>Leandro Livschitz<\/strong>, gerente general del hotel Grand Hyatt Playa del Carmen, ha organizado una cena especial, de cinco pasos, en donde la gastronom\u00eda regional de la Pen\u00ednsula de Yucat\u00e1n se maridar\u00e1 con buenos vinos mendocinos, para celebrar la Vendimia convirtiendo este hotel en un Punto Vendimia, desde donde se dar\u00e1n a conocer las bondades de Mendoza.<\/p>\n\n\n\n<div style=\"height:20px\" aria-hidden=\"true\" class=\"wp-block-spacer\"><\/div>\n\n\n\n<div class=\"wp-block-image\"><figure class=\"aligncenter size-large\"><img loading=\"lazy\" decoding=\"async\" width=\"741\" height=\"400\" src=\"https:\/\/enolife.com.ar\/es\/wp-content\/uploads\/2021\/02\/leandro-livschitz.jpg\" alt=\"\" class=\"wp-image-30346\" srcset=\"https:\/\/enolife.com.ar\/es\/wp-content\/uploads\/2021\/02\/leandro-livschitz.jpg 741w, https:\/\/enolife.com.ar\/es\/wp-content\/uploads\/2021\/02\/leandro-livschitz-300x162.jpg 300w, https:\/\/enolife.com.ar\/es\/wp-content\/uploads\/2021\/02\/leandro-livschitz-585x316.jpg 585w\" sizes=\"auto, (max-width: 741px) 100vw, 741px\" \/><figcaption><strong>Leandro Livschitz, ex gerente del Hotel Hyatt en Mendoza, hoy en M\u00e9xico.<\/strong><\/figcaption><\/figure><\/div>\n\n\n\n<div style=\"height:20px\" aria-hidden=\"true\" class=\"wp-block-spacer\"><\/div>\n\n\n\n<p>Desde Par\u00eds, el prestigioso escultor, arquitecto, dibujante y pensador mendocino Julio Le Parc sumar\u00e1 su saludo e invitar\u00e1 a disfrutar de esta in\u00e9dita experiencia. Ser\u00e1 acompa\u00f1ado virtualmente por su hijo Yamil, que interpretar\u00e1 un repertorio de tango.<\/p>\n\n\n\n<div style=\"height:20px\" aria-hidden=\"true\" class=\"wp-block-spacer\"><\/div>\n\n\n\n<div class=\"wp-block-image\"><figure class=\"aligncenter size-large\"><img loading=\"lazy\" decoding=\"async\" width=\"739\" height=\"399\" src=\"https:\/\/enolife.com.ar\/es\/wp-content\/uploads\/2021\/02\/Julio-Le-Parc.jpg\" alt=\"\" class=\"wp-image-30348\" srcset=\"https:\/\/enolife.com.ar\/es\/wp-content\/uploads\/2021\/02\/Julio-Le-Parc.jpg 739w, https:\/\/enolife.com.ar\/es\/wp-content\/uploads\/2021\/02\/Julio-Le-Parc-300x162.jpg 300w, https:\/\/enolife.com.ar\/es\/wp-content\/uploads\/2021\/02\/Julio-Le-Parc-585x316.jpg 585w\" sizes=\"auto, (max-width: 739px) 100vw, 739px\" \/><figcaption><strong>Julio Le Parc, inspirador artista pl\u00e1stico mendocino reconocido en el mundo, hoy afincado en Par\u00eds, Francia.<\/strong><\/figcaption><\/figure><\/div>\n\n\n\n<div style=\"height:20px\" aria-hidden=\"true\" class=\"wp-block-spacer\"><\/div>\n\n\n\n<p>Otros tres referentes mendocinos, la pianista Elbi Olalla y los m\u00fasicos y productores Tito D\u00e1vila y Fernando \u00c1lvarez se sumar\u00e1n desde Espa\u00f1a, con intervenciones en las ciudades de Madrid y Barcelona.<\/p>\n\n\n\n<div style=\"height:20px\" aria-hidden=\"true\" class=\"wp-block-spacer\"><\/div>\n\n\n\n<div class=\"wp-block-image\"><figure class=\"aligncenter size-large\"><img loading=\"lazy\" decoding=\"async\" width=\"705\" height=\"400\" src=\"https:\/\/enolife.com.ar\/es\/wp-content\/uploads\/2021\/02\/elbi-olalla.jpg\" alt=\"\" class=\"wp-image-30349\" srcset=\"https:\/\/enolife.com.ar\/es\/wp-content\/uploads\/2021\/02\/elbi-olalla.jpg 705w, https:\/\/enolife.com.ar\/es\/wp-content\/uploads\/2021\/02\/elbi-olalla-300x170.jpg 300w, https:\/\/enolife.com.ar\/es\/wp-content\/uploads\/2021\/02\/elbi-olalla-585x332.jpg 585w\" sizes=\"auto, (max-width: 705px) 100vw, 705px\" \/><figcaption><strong>Elbi Olalla, talentosa pianista de rock y tango oriunda de Mendoza y radicada en Espa\u00f1a.<\/strong><\/figcaption><\/figure><\/div>\n\n\n\n<div style=\"height:20px\" aria-hidden=\"true\" class=\"wp-block-spacer\"><\/div>\n\n\n\n<div class=\"wp-block-image\"><figure class=\"aligncenter size-large\"><img loading=\"lazy\" decoding=\"async\" width=\"724\" height=\"400\" src=\"https:\/\/enolife.com.ar\/es\/wp-content\/uploads\/2021\/02\/tito-davila.jpg\" alt=\"\" class=\"wp-image-30350\" srcset=\"https:\/\/enolife.com.ar\/es\/wp-content\/uploads\/2021\/02\/tito-davila.jpg 724w, https:\/\/enolife.com.ar\/es\/wp-content\/uploads\/2021\/02\/tito-davila-300x166.jpg 300w, https:\/\/enolife.com.ar\/es\/wp-content\/uploads\/2021\/02\/tito-davila-585x323.jpg 585w\" sizes=\"auto, (max-width: 724px) 100vw, 724px\" \/><figcaption><strong>Tito D\u00e1vila, ex tecladista de Los Enanitos Verdes y varias otras hist\u00f3ricas bandas del rock mendocino, hoy en Espa\u00f1a, se suma al festejo.<\/strong><\/figcaption><\/figure><\/div>\n\n\n\n<div style=\"height:20px\" aria-hidden=\"true\" class=\"wp-block-spacer\"><\/div>\n\n\n\n<p>Adem\u00e1s, en ocho mbajadas de Argentina se llevar\u00e1n a cabo diferentes tipos de eventos, teniendo en cuenta la situaci\u00f3n sanitaria de cada pa\u00eds. As\u00ed, se determinaron formatos virtuales o presenciales. Se trata de las casas diplom\u00e1ticas de Brasil, Uruguay, Chile, Espa\u00f1a, Francia, China, Gran Breta\u00f1a y EEUU.<\/p>\n\n\n\n<p>En las 10 ciudades integrantes junto a Mendoza de la Red \u201cGreat Wine Capitals\u201d se celebrar\u00e1 y proyectar\u00e1 el film, acompa\u00f1ando nuestra acci\u00f3n.<\/p>\n\n\n\n<div style=\"height:20px\" aria-hidden=\"true\" class=\"wp-block-spacer\"><\/div>\n\n\n\n<p class=\"has-medium-font-size\"><strong>Vendimia en idiomas<\/strong><\/p>\n\n\n\n<p>\u00abHistorias de Vendimia\u00bb podr\u00e1 verse subtitulada en diferentes idiomas. Al respecto, Alejandro Pelegrina, director de Producci\u00f3n Cultural y Vendimia, mencion\u00f3: \u00abHasta el momento, el film ha sido traducido a dos idiomas, ingl\u00e9s y portugu\u00e9s. A su vez, la pel\u00edcula se est\u00e1 subtitulando en tres idiomas: ingl\u00e9s, portugu\u00e9s y castellano, inclusive. Adem\u00e1s, hay muchas posibilidades de pasarla al franc\u00e9s. Estamos trabajando para que as\u00ed sea\u00bb.<\/p>\n\n\n\n<p>En este proceso est\u00e1 colaborando con el gobierno de Mendoza la Facultad de Filosof\u00eda y Letras de la UNCuyo, a trav\u00e9s de especialistas en la materia.<\/p>\n\n\n\n<div style=\"height:20px\" aria-hidden=\"true\" class=\"wp-block-spacer\"><\/div>\n\n\n\n<p class=\"has-medium-font-size\"><strong>Puntos Vendimia<\/strong><\/p>\n\n\n\n<p>La presentaci\u00f3n se desarrollar\u00e1 de manera simult\u00e1nea, en los denominados \u00abPuntos Vendimia\u00bb de Mendoza, el pa\u00eds y el mundo, donde adem\u00e1s de poder disfrutarse esta esforzada producci\u00f3n, ser\u00e1 posible vivir una verdadera experiencia relacionada con nuestra Fiesta m\u00e1xima. <\/p>\n\n\n\n<p>Los Puntos Vendimia se desarrollar\u00e1n en edificios patrimoniales, espacios municipales, bodegas, cines, casinos, hoteles y restaurantes de Mendoza, el pa\u00eds y el mundo. Para poder asistir a un Punto Vendimia, se deber\u00e1 retirar una invitaci\u00f3n, en el caso de los gratuitos, o hacer una reserva, en el caso de los eventos pagos. <\/p>\n\n\n\n<div style=\"height:20px\" aria-hidden=\"true\" class=\"wp-block-spacer\"><\/div>\n\n\n\n<p class=\"has-background has-medium-font-size has-very-light-gray-background-color\"><strong>Para conocer los \u00abPuntos Vendimia\u00bb y hacer las reservas, clikear &nbsp;<a href=\"https:\/\/vendimia.mendoza.gov.ar\/punto-vendimia\/\" target=\"_blank\" rel=\"noreferrer noopener\">aqu\u00ed<\/a>.<\/strong><\/p>\n\n\n\n<div style=\"height:20px\" aria-hidden=\"true\" class=\"wp-block-spacer\"><\/div>\n\n\n\n<p class=\"has-small-font-size\"><em><strong>Fuente: Gobierno de Mendoza<\/strong><\/em><\/p>\n\n\n\n<div style=\"height:36px\" aria-hidden=\"true\" class=\"wp-block-spacer\"><\/div>\n","protected":false},"excerpt":{"rendered":"<p>El 23\/2, el gobernador de Mendoza, Rodolfo Su\u00e1rez difundi\u00f3 el trailer del film \u00abHistorias de&hellip;<\/p>\n","protected":false},"author":3,"featured_media":30355,"comment_status":"open","ping_status":"open","sticky":false,"template":"","format":"standard","meta":{"footnotes":""},"categories":[14],"tags":[],"class_list":["post-30303","post","type-post","status-publish","format-standard","has-post-thumbnail","hentry","category-news"],"_links":{"self":[{"href":"https:\/\/enolife.com.ar\/es\/wp-json\/wp\/v2\/posts\/30303","targetHints":{"allow":["GET"]}}],"collection":[{"href":"https:\/\/enolife.com.ar\/es\/wp-json\/wp\/v2\/posts"}],"about":[{"href":"https:\/\/enolife.com.ar\/es\/wp-json\/wp\/v2\/types\/post"}],"author":[{"embeddable":true,"href":"https:\/\/enolife.com.ar\/es\/wp-json\/wp\/v2\/users\/3"}],"replies":[{"embeddable":true,"href":"https:\/\/enolife.com.ar\/es\/wp-json\/wp\/v2\/comments?post=30303"}],"version-history":[{"count":0,"href":"https:\/\/enolife.com.ar\/es\/wp-json\/wp\/v2\/posts\/30303\/revisions"}],"wp:featuredmedia":[{"embeddable":true,"href":"https:\/\/enolife.com.ar\/es\/wp-json\/wp\/v2\/media\/30355"}],"wp:attachment":[{"href":"https:\/\/enolife.com.ar\/es\/wp-json\/wp\/v2\/media?parent=30303"}],"wp:term":[{"taxonomy":"category","embeddable":true,"href":"https:\/\/enolife.com.ar\/es\/wp-json\/wp\/v2\/categories?post=30303"},{"taxonomy":"post_tag","embeddable":true,"href":"https:\/\/enolife.com.ar\/es\/wp-json\/wp\/v2\/tags?post=30303"}],"curies":[{"name":"wp","href":"https:\/\/api.w.org\/{rel}","templated":true}]}}