{"id":30017,"date":"2021-02-22T02:20:47","date_gmt":"2021-02-22T02:20:47","guid":{"rendered":"http:\/\/enolife.com.ar\/es\/?p=30017"},"modified":"2021-02-22T19:54:07","modified_gmt":"2021-02-22T19:54:07","slug":"arranca-la-mesa-de-concertacion-para-integrar-vinateros-y-acordar-precios","status":"publish","type":"post","link":"https:\/\/enolife.com.ar\/es\/arranca-la-mesa-de-concertacion-para-integrar-vinateros-y-acordar-precios\/","title":{"rendered":"Arranca la Mesa de Concertaci\u00f3n para integrar vi\u00f1ateros y acordar precios"},"content":{"rendered":"\n<h4 class=\"wp-block-heading\"><em><strong>El Ministerio de Econom\u00eda y Energ\u00eda de Mendoza, invita, a trav\u00e9s de la Direcci\u00f3n de Fiscalizaci\u00f3n y Control, a productores agr\u00edcolas e industriales, vinculados a la producci\u00f3n de uva con destino a la elaboraci\u00f3n de mosto y elaboradores de vino, a la conformaci\u00f3n de la \u00abMesa de Concertaci\u00f3n\u00bb. El primer encuentro se realizar\u00e1 ma\u00f1ana  22\/2 para mosto y el 1\/3 para vino, en ambos casos a las 10 hs. en La Enoteca, ubicada en av. Peltier 611 de Ciudad de Mendoza. Se trabajar\u00e1n temas como costos de producci\u00f3n, calidades de los productos, situaci\u00f3n de los mercados, precios de referencia, plazos de entrega de las materias primas y modalidades de pago, entre otros aspectos<\/strong><\/em>.<\/h4>\n\n\n\n<div style=\"height:20px\" aria-hidden=\"true\" class=\"wp-block-spacer\"><\/div>\n\n\n<a href=\"https:\/\/sudafilt.com\/\" aria-label=\"SUDAFILT 1700X500 NOV25\"><img loading=\"lazy\" decoding=\"async\" src=\"https:\/\/enolife.com.ar\/es\/wp-content\/uploads\/2020\/07\/SUDAFILT-1700X500-NOV25.gif\" alt=\"\"  width=\"1700\" height=\"500\"   \/><\/a>\n\n\n<div style=\"height:62px\" aria-hidden=\"true\" class=\"wp-block-spacer\"><\/div>\n\n\n\n<p>Las Mesa de Concertaci\u00f3n de Uva para vino y para mosto, tienen como objetivo mejorar la competitividad, la sustentabilidad ambiental y adem\u00e1s, fomentar el crecimiento y desarrollo econ\u00f3mico del sector. <\/p>\n\n\n\n<p>Las asociaciones de productores e industriales de uva interesadas en formar parte de las Mesas de Concertaci\u00f3n, deber\u00e1n nominar a su representante, quien acreditar\u00e1 su funci\u00f3n al momento de la inscripci\u00f3n, que se realizar\u00e1 mediante la p\u00e1gina web del Ministerio de Econom\u00eda y Energ\u00eda.<\/p>\n\n\n\n<div style=\"height:20px\" aria-hidden=\"true\" class=\"wp-block-spacer\"><\/div>\n\n\n\n<h4 class=\"has-vivid-red-color has-text-color wp-block-heading\">Se trabajar\u00e1n temas como costos de producci\u00f3n, calidades de los productos, situaci\u00f3n de los mercados, precios de referencia, plazos de entrega de las materias primas y modalidades de pago, entre otros aspectos.<\/h4>\n\n\n\n<div style=\"height:20px\" aria-hidden=\"true\" class=\"wp-block-spacer\"><\/div>\n\n\n\n<div class=\"wp-block-image\"><figure class=\"alignleft is-resized\"><img loading=\"lazy\" decoding=\"async\" src=\"https:\/\/www.mendoza.gov.ar\/wp-content\/uploads\/sites\/5\/2021\/02\/WhatsApp-Image-2021-02-18-at-14.33.55-700x707.jpeg\" alt=\"\" width=\"356\" height=\"358\"\/><\/figure><\/div>\n\n\n\n<p>Desde la cartera de Econom\u00eda explicaron que no es posible admitir participaciones individuales y, a los efectos de facilitar el di\u00e1logo, tendr\u00e1n derecho a voz los representantes de los sectores cient\u00edfico, t\u00e9cnico, p\u00fablico y privado invitados por la Direcci\u00f3n de Fiscalizaci\u00f3n y Control, los representantes del Ministerio de Econom\u00eda y Energ\u00eda, y los representantes de asociaciones que acrediten inscripci\u00f3n.<\/p>\n\n\n\n<p>Jos\u00e9 Cortez, titular de Fiscalizaci\u00f3n y Control explic\u00f3 que \u201cel organismo es la autoridad de aplicaci\u00f3n y responsable de la conformaci\u00f3n y funcionamiento de la Mesa de Concertaci\u00f3n, facultad que obtuvo tras la publicaci\u00f3n del <strong><a href=\"http:\/\/www.saij.gob.ar\/1298-local-mendoza-decreto-reglamentario-ley-9133-registro-contratos-compra-venta-productos-agricolas-m20200001298-2020-10-27\/123456789-0abc-892-1000-0202mvorpced?&amp;o=19&amp;f=Total%7CFecha%7CEstado%20de%20Vigencia%5B5%2C1%5D%7CTema%5B5%2C1%5D%7COrganismo%5B5%2C1%5D%7CAutor%5B5%2C1%5D%7CJurisdicci%F3n%5B5%2C1%5D%7CTribunal%5B5%2C1%5D%7CPublicaci%F3n%5B5%2C1%5D%7CColecci%F3n%20tem%E1tica%5B5%2C1%5D%7CTipo%20de%20Documento\/Legislaci%F3n\/Decreto&amp;t=48242\">decreto provincial N\u00b0 1.298<\/a>, <\/strong>que reglamenta la <strong><a href=\"http:\/\/www.saij.gob.ar\/913-local-mendoza-registro-contratos-compra-venta-productos-agricolas-lpm0009133-2018-12-11\/123456789-0abc-defg-331-9000mvorpyel\">ley 9.133 <\/a><\/strong>de<strong> \u2018Registro de Contrato de Compra Venta de Productos Agr\u00edcolas\u2019<\/strong>. Por lo tanto, no es responsable de los acuerdos a los que arriben industriales y productores, aunque garantiza el espacio de di\u00e1logo y acercamiento entre ambos\u201d.<\/p>\n\n\n\n<p class=\"has-background has-medium-font-size has-luminous-vivid-amber-background-color\"><strong>Inscripciones&nbsp;<a rel=\"noreferrer noopener\" href=\"https:\/\/www.mendoza.gov.ar\/economia\/uva-mesadeconcertacion\/\" target=\"_blank\">aqu\u00ed<\/a>.<\/strong><\/p>\n\n\n\n<p class=\"has-small-font-size\"><strong><em>Fuente: Gobierno de Mendoza<\/em><\/strong><\/p>\n","protected":false},"excerpt":{"rendered":"<p>El Ministerio de Econom\u00eda y Energ\u00eda de Mendoza, invita, a trav\u00e9s de la Direcci\u00f3n de&hellip;<\/p>\n","protected":false},"author":3,"featured_media":30037,"comment_status":"open","ping_status":"open","sticky":false,"template":"","format":"standard","meta":{"footnotes":""},"categories":[14],"tags":[],"class_list":["post-30017","post","type-post","status-publish","format-standard","has-post-thumbnail","hentry","category-news"],"_links":{"self":[{"href":"https:\/\/enolife.com.ar\/es\/wp-json\/wp\/v2\/posts\/30017","targetHints":{"allow":["GET"]}}],"collection":[{"href":"https:\/\/enolife.com.ar\/es\/wp-json\/wp\/v2\/posts"}],"about":[{"href":"https:\/\/enolife.com.ar\/es\/wp-json\/wp\/v2\/types\/post"}],"author":[{"embeddable":true,"href":"https:\/\/enolife.com.ar\/es\/wp-json\/wp\/v2\/users\/3"}],"replies":[{"embeddable":true,"href":"https:\/\/enolife.com.ar\/es\/wp-json\/wp\/v2\/comments?post=30017"}],"version-history":[{"count":0,"href":"https:\/\/enolife.com.ar\/es\/wp-json\/wp\/v2\/posts\/30017\/revisions"}],"wp:featuredmedia":[{"embeddable":true,"href":"https:\/\/enolife.com.ar\/es\/wp-json\/wp\/v2\/media\/30037"}],"wp:attachment":[{"href":"https:\/\/enolife.com.ar\/es\/wp-json\/wp\/v2\/media?parent=30017"}],"wp:term":[{"taxonomy":"category","embeddable":true,"href":"https:\/\/enolife.com.ar\/es\/wp-json\/wp\/v2\/categories?post=30017"},{"taxonomy":"post_tag","embeddable":true,"href":"https:\/\/enolife.com.ar\/es\/wp-json\/wp\/v2\/tags?post=30017"}],"curies":[{"name":"wp","href":"https:\/\/api.w.org\/{rel}","templated":true}]}}