{"id":29886,"date":"2021-02-21T01:09:15","date_gmt":"2021-02-21T01:09:15","guid":{"rendered":"http:\/\/enolife.com.ar\/es\/?p=29886"},"modified":"2021-02-23T17:42:54","modified_gmt":"2021-02-23T17:42:54","slug":"semana-11-de-cosecha-ya-se-tienen-546-m-de-kg-mas-que-en-2020-y-un-76-del-estimado-para-2021","status":"publish","type":"post","link":"https:\/\/enolife.com.ar\/es\/semana-11-de-cosecha-ya-se-tienen-546-m-de-kg-mas-que-en-2020-y-un-76-del-estimado-para-2021\/","title":{"rendered":"Semana 11 de cosecha: ya se tienen 54,6 M de kg m\u00e1s que en 2020 y un 7,6% del estimado para 2021"},"content":{"rendered":"\n<h4 class=\"wp-block-heading\"><em><strong>El Instituto Nacional de Vitivinicultura (INV) difundi\u00f3 hoy las cifras del total de uva recolectada en todo el pa\u00eds hasta el 14 de febrero, as\u00ed como la cantidad de litros de vinos descubados y mostos obtenidos. La notable diferencia de kilos entre un a\u00f1o y otro se deber\u00eda, sobre todo, a que los productores est\u00e1n apurando la recolecci\u00f3n por miedo a que las lluvias pronosticadas dificulten futuras tareas. Y, en menor medida, al grado de maduraci\u00f3n de la fruta, tambi\u00e9n consecuencia de los factores clim\u00e1ticos.<\/strong><\/em> <\/h4>\n\n\n\n<hr class=\"wp-block-separator\"\/>\n\n\n\n<h4 class=\"wp-block-heading\"><em><strong>Tambi\u00e9n salta a la vista que los 147,2 millones de kilos ya recolectados significan algo menos del 8% de los 1.932,3 millones de kilos que el INV en conjunto con organismos p\u00fablicos y privados estimaron para la cosecha 2021. A continuaci\u00f3n, los gr\u00e1ficos con los n\u00fameros detallados.<\/strong><\/em><\/h4>\n\n\n\n<div style=\"height:57px\" aria-hidden=\"true\" class=\"wp-block-spacer\"><\/div>\n\n\n\n\n\n<div style=\"height:77px\" aria-hidden=\"true\" class=\"wp-block-spacer\"><\/div>\n\n\n\n<p class=\"has-text-align-center has-medium-font-size\"><strong>Totales acumulados a la semana 11, comprendida hasta el 14\/2<\/strong><\/p>\n\n\n\n<div style=\"height:20px\" aria-hidden=\"true\" class=\"wp-block-spacer\"><\/div>\n\n\n\n<p class=\"has-background has-text-align-center has-medium-font-size has-very-light-gray-background-color\"><strong>Uva, vino y mosto descubado<\/strong><\/p>\n\n\n\n<div style=\"height:20px\" aria-hidden=\"true\" class=\"wp-block-spacer\"><\/div>\n\n\n\n<p><strong>Por delegaci\u00f3n:<\/strong><\/p>\n\n\n\n<div class=\"wp-block-image\"><figure class=\"aligncenter size-large is-resized\"><img loading=\"lazy\" decoding=\"async\" src=\"https:\/\/enolife.com.ar\/es\/wp-content\/uploads\/2021\/02\/inv-1.jpg\" alt=\"\" class=\"wp-image-29887\" width=\"718\" height=\"488\" srcset=\"https:\/\/enolife.com.ar\/es\/wp-content\/uploads\/2021\/02\/inv-1.jpg 1008w, https:\/\/enolife.com.ar\/es\/wp-content\/uploads\/2021\/02\/inv-1-300x204.jpg 300w, https:\/\/enolife.com.ar\/es\/wp-content\/uploads\/2021\/02\/inv-1-768x522.jpg 768w, https:\/\/enolife.com.ar\/es\/wp-content\/uploads\/2021\/02\/inv-1-585x398.jpg 585w\" sizes=\"auto, (max-width: 718px) 100vw, 718px\" \/><\/figure><\/div>\n\n\n\n<div style=\"height:20px\" aria-hidden=\"true\" class=\"wp-block-spacer\"><\/div>\n\n\n\n<p><strong>Provincias de Mendoza y  San Juan<\/strong>:<\/p>\n\n\n\n<div class=\"wp-block-image\"><figure class=\"aligncenter size-large is-resized\"><img loading=\"lazy\" decoding=\"async\" src=\"https:\/\/enolife.com.ar\/es\/wp-content\/uploads\/2021\/02\/inv-2.jpg\" alt=\"\" class=\"wp-image-29890\" width=\"722\" height=\"112\" srcset=\"https:\/\/enolife.com.ar\/es\/wp-content\/uploads\/2021\/02\/inv-2.jpg 1008w, https:\/\/enolife.com.ar\/es\/wp-content\/uploads\/2021\/02\/inv-2-300x47.jpg 300w, https:\/\/enolife.com.ar\/es\/wp-content\/uploads\/2021\/02\/inv-2-768x120.jpg 768w, https:\/\/enolife.com.ar\/es\/wp-content\/uploads\/2021\/02\/inv-2-585x91.jpg 585w\" sizes=\"auto, (max-width: 722px) 100vw, 722px\" \/><figcaption><strong>Fuente INV &#8211; CEC -01-CIU<\/strong><\/figcaption><\/figure><\/div>\n\n\n\n<div style=\"height:20px\" aria-hidden=\"true\" class=\"wp-block-spacer\"><\/div>\n\n\n\n<p class=\"has-background has-text-align-center has-medium-font-size has-very-light-gray-background-color\"><strong>Comparativo kilogramos de uva 2011\/2021<\/strong><\/p>\n\n\n\n<div style=\"height:20px\" aria-hidden=\"true\" class=\"wp-block-spacer\"><\/div>\n\n\n\n<div class=\"wp-block-image\"><figure class=\"aligncenter size-large is-resized\"><img loading=\"lazy\" decoding=\"async\" src=\"https:\/\/enolife.com.ar\/es\/wp-content\/uploads\/2021\/02\/inv-3-1024x470.jpg\" alt=\"\" class=\"wp-image-29892\" width=\"825\" height=\"378\" srcset=\"https:\/\/enolife.com.ar\/es\/wp-content\/uploads\/2021\/02\/inv-3-1024x470.jpg 1024w, https:\/\/enolife.com.ar\/es\/wp-content\/uploads\/2021\/02\/inv-3-300x138.jpg 300w, https:\/\/enolife.com.ar\/es\/wp-content\/uploads\/2021\/02\/inv-3-768x353.jpg 768w, https:\/\/enolife.com.ar\/es\/wp-content\/uploads\/2021\/02\/inv-3-1170x537.jpg 1170w, https:\/\/enolife.com.ar\/es\/wp-content\/uploads\/2021\/02\/inv-3-585x269.jpg 585w, https:\/\/enolife.com.ar\/es\/wp-content\/uploads\/2021\/02\/inv-3.jpg 1280w\" sizes=\"auto, (max-width: 825px) 100vw, 825px\" \/><\/figure><\/div>\n\n\n\n<div class=\"wp-block-image\"><figure class=\"aligncenter size-large is-resized\"><img loading=\"lazy\" decoding=\"async\" src=\"https:\/\/enolife.com.ar\/es\/wp-content\/uploads\/2021\/02\/inv-4-1024x37.jpg\" alt=\"\" class=\"wp-image-29893\" width=\"753\" height=\"27\" srcset=\"https:\/\/enolife.com.ar\/es\/wp-content\/uploads\/2021\/02\/inv-4-1024x37.jpg 1024w, https:\/\/enolife.com.ar\/es\/wp-content\/uploads\/2021\/02\/inv-4-300x11.jpg 300w, https:\/\/enolife.com.ar\/es\/wp-content\/uploads\/2021\/02\/inv-4-768x28.jpg 768w, https:\/\/enolife.com.ar\/es\/wp-content\/uploads\/2021\/02\/inv-4-1170x42.jpg 1170w, https:\/\/enolife.com.ar\/es\/wp-content\/uploads\/2021\/02\/inv-4-585x21.jpg 585w, https:\/\/enolife.com.ar\/es\/wp-content\/uploads\/2021\/02\/inv-4.jpg 1268w\" sizes=\"auto, (max-width: 753px) 100vw, 753px\" \/><\/figure><\/div>\n\n\n\n<div class=\"wp-block-image\"><figure class=\"aligncenter size-large is-resized\"><img loading=\"lazy\" decoding=\"async\" src=\"https:\/\/enolife.com.ar\/es\/wp-content\/uploads\/2021\/02\/inv-5-1024x88.jpg\" alt=\"\" class=\"wp-image-29895\" width=\"826\" height=\"71\" srcset=\"https:\/\/enolife.com.ar\/es\/wp-content\/uploads\/2021\/02\/inv-5-1024x88.jpg 1024w, https:\/\/enolife.com.ar\/es\/wp-content\/uploads\/2021\/02\/inv-5-300x26.jpg 300w, https:\/\/enolife.com.ar\/es\/wp-content\/uploads\/2021\/02\/inv-5-768x66.jpg 768w, https:\/\/enolife.com.ar\/es\/wp-content\/uploads\/2021\/02\/inv-5-1170x101.jpg 1170w, https:\/\/enolife.com.ar\/es\/wp-content\/uploads\/2021\/02\/inv-5-585x50.jpg 585w, https:\/\/enolife.com.ar\/es\/wp-content\/uploads\/2021\/02\/inv-5.jpg 1280w\" sizes=\"auto, (max-width: 826px) 100vw, 826px\" \/><\/figure><\/div>\n\n\n\n<div style=\"height:20px\" aria-hidden=\"true\" class=\"wp-block-spacer\"><\/div>\n\n\n\n<p class=\"has-background has-text-align-center has-medium-font-size has-very-light-gray-background-color\"><strong>Kilogramos de uva elaborado en varietales por Provincia, acumulado al 14\/2\/2021<\/strong><\/p>\n\n\n\n<div style=\"height:20px\" aria-hidden=\"true\" class=\"wp-block-spacer\"><\/div>\n\n\n\n<div class=\"wp-block-image\"><figure class=\"aligncenter size-large\"><img loading=\"lazy\" decoding=\"async\" width=\"373\" height=\"411\" src=\"https:\/\/enolife.com.ar\/es\/wp-content\/uploads\/2021\/02\/INV-6.jpg\" alt=\"\" class=\"wp-image-29898\" srcset=\"https:\/\/enolife.com.ar\/es\/wp-content\/uploads\/2021\/02\/INV-6.jpg 373w, https:\/\/enolife.com.ar\/es\/wp-content\/uploads\/2021\/02\/INV-6-272x300.jpg 272w\" sizes=\"auto, (max-width: 373px) 100vw, 373px\" \/><\/figure><\/div>\n\n\n\n<p class=\"has-background has-text-align-center has-luminous-vivid-amber-background-color\"><strong>Ver<\/strong>: <strong><a href=\"https:\/\/enolife.com.ar\/es\/wp-content\/uploads\/2021\/02\/a_la_semana_11_prensa_datos_hasta_el_14-02-2021-.pdf\">Detalle varietal por varietal de cada provincia<\/a><\/strong><\/p>\n\n\n\n<div style=\"height:59px\" aria-hidden=\"true\" class=\"wp-block-spacer\"><\/div>\n","protected":false},"excerpt":{"rendered":"<p>El Instituto Nacional de Vitivinicultura (INV) difundi\u00f3 hoy las cifras del total de uva recolectada&hellip;<\/p>\n","protected":false},"author":3,"featured_media":29978,"comment_status":"open","ping_status":"open","sticky":false,"template":"","format":"standard","meta":{"footnotes":""},"categories":[14],"tags":[],"class_list":["post-29886","post","type-post","status-publish","format-standard","has-post-thumbnail","hentry","category-news"],"_links":{"self":[{"href":"https:\/\/enolife.com.ar\/es\/wp-json\/wp\/v2\/posts\/29886","targetHints":{"allow":["GET"]}}],"collection":[{"href":"https:\/\/enolife.com.ar\/es\/wp-json\/wp\/v2\/posts"}],"about":[{"href":"https:\/\/enolife.com.ar\/es\/wp-json\/wp\/v2\/types\/post"}],"author":[{"embeddable":true,"href":"https:\/\/enolife.com.ar\/es\/wp-json\/wp\/v2\/users\/3"}],"replies":[{"embeddable":true,"href":"https:\/\/enolife.com.ar\/es\/wp-json\/wp\/v2\/comments?post=29886"}],"version-history":[{"count":0,"href":"https:\/\/enolife.com.ar\/es\/wp-json\/wp\/v2\/posts\/29886\/revisions"}],"wp:featuredmedia":[{"embeddable":true,"href":"https:\/\/enolife.com.ar\/es\/wp-json\/wp\/v2\/media\/29978"}],"wp:attachment":[{"href":"https:\/\/enolife.com.ar\/es\/wp-json\/wp\/v2\/media?parent=29886"}],"wp:term":[{"taxonomy":"category","embeddable":true,"href":"https:\/\/enolife.com.ar\/es\/wp-json\/wp\/v2\/categories?post=29886"},{"taxonomy":"post_tag","embeddable":true,"href":"https:\/\/enolife.com.ar\/es\/wp-json\/wp\/v2\/tags?post=29886"}],"curies":[{"name":"wp","href":"https:\/\/api.w.org\/{rel}","templated":true}]}}