{"id":29659,"date":"2021-02-20T01:01:48","date_gmt":"2021-02-20T01:01:48","guid":{"rendered":"http:\/\/enolife.com.ar\/es\/?p=29659"},"modified":"2021-02-23T02:49:03","modified_gmt":"2021-02-23T02:49:03","slug":"el-inv-y-el-senasa-acordaron-suspender-la-obligatoriedad-de-portar-el-documento-de-transito-de-uva","status":"publish","type":"post","link":"https:\/\/enolife.com.ar\/es\/el-inv-y-el-senasa-acordaron-suspender-la-obligatoriedad-de-portar-el-documento-de-transito-de-uva\/","title":{"rendered":"El INV y el Senasa acordaron suspender la obligatoriedad de portar el documento de tr\u00e1nsito de uva"},"content":{"rendered":"\n<h4 class=\"wp-block-heading\"><em><strong>Atendiendo a los reclamos de diferentes sectores de la vitivinicultura, los titulares del Instituto Nacional de Vitivinicultura (INV) y del Servicio Nacional de Calidad y Sanidad Agroalimentaria (Senasa), Mart\u00edn Hinojosa y  Carlos Paz, dispusieron cancelar la obligaci\u00f3n de tramitar el Documento de Tr\u00e1nsito Vegetal electr\u00f3nico (DTV-e), que se exig\u00eda para llevar la uva de las fincas a la bodegas con el objetivo de controlar la trazabilidad de la fruta y prevenir la dispersi\u00f3n de plagas. En cambio, ahora se avanzar\u00e1 en un sistema \u00fanico integrado para presentar ante los organismos reguladores. El mismo ser\u00e1 gradual para los productores cuando el destino de la uva sea la elaboraci\u00f3n de vinos. <\/strong><\/em><\/h4>\n\n\n\n<div style=\"height:20px\" aria-hidden=\"true\" class=\"wp-block-spacer\"><\/div>\n\n\n<a href=\"https:\/\/grupoaltasur.com\/\" aria-label=\"1700-500px\"><img loading=\"lazy\" decoding=\"async\" src=\"https:\/\/enolife.com.ar\/es\/wp-content\/uploads\/2021\/01\/1700-500px.jpg\" alt=\"\"  srcset=\"https:\/\/enolife.com.ar\/es\/wp-content\/uploads\/2021\/01\/1700-500px.jpg 1700w, https:\/\/enolife.com.ar\/es\/wp-content\/uploads\/2021\/01\/1700-500px-300x88.jpg 300w, https:\/\/enolife.com.ar\/es\/wp-content\/uploads\/2021\/01\/1700-500px-1024x301.jpg 1024w, https:\/\/enolife.com.ar\/es\/wp-content\/uploads\/2021\/01\/1700-500px-768x226.jpg 768w, https:\/\/enolife.com.ar\/es\/wp-content\/uploads\/2021\/01\/1700-500px-1536x452.jpg 1536w, https:\/\/enolife.com.ar\/es\/wp-content\/uploads\/2021\/01\/1700-500px-1170x344.jpg 1170w, https:\/\/enolife.com.ar\/es\/wp-content\/uploads\/2021\/01\/1700-500px-585x172.jpg 585w\" sizes=\"auto, (max-width: 1700px) 100vw, 1700px\" width=\"1700\" height=\"500\"   \/><\/a>\n\n\n<div style=\"height:30px\" aria-hidden=\"true\" class=\"wp-block-spacer\"><\/div>\n\n\n\n<p>Tomando en cuenta el avance de la cosecha de uva, que ya va por la semana 11,<strong><em> <\/em><\/strong>y a pedido del ministro de Agricultura, Ganader\u00eda y Pesca de la Naci\u00f3n, <strong>Luis Basterra<\/strong>, los titulares del <strong>INV<\/strong> y el <strong>Senasa<\/strong>  se reunieron para integrar en un solo sistema la exigencia del <strong>DTV-e<\/strong>, que adem\u00e1s s\u00f3lo ser\u00e1 obligatoria para el tr\u00e1nsito de uva con destino a vinificaci\u00f3n entre las diferentes provincias como un respaldo sanitario a la producci\u00f3n. Con esta decisi\u00f3n se desestima la fecha l\u00edmite 22\/2 que exig\u00eda la tramitaci\u00f3n para portar el documento.<\/p>\n\n\n\n<p>Para desarrollar el sistema integrado y \u00fanico se paut\u00f3 una reuni\u00f3n para la primera semana de mayo, una vez finalizada la cosecha. La idea al respecto es que no vuelva a existir una exigencia del DTV-e por parte del Senasa para los productores vitivin\u00edcolas, sino que a trav\u00e9s del trabajo coordinado con el  INV el productor vi\u00f1atero sea eximido. Se buscar\u00e1 una herramienta que se pueda asociar al  Certificado de Ingreso de Uva (CIU) y que el Senasa lo considere como v\u00e1lido y leg\u00edtimo para el protocolo sanitario.<\/p>\n\n\n\n<p>Al respecto, el INV destac\u00f3 que hay que tener en cuenta que la vid con destino a vinificaci\u00f3n se encuentra comprendida dentro del Sistema Nacional de Protecci\u00f3n Fitosanitaria dependiente de Senasa, cuyo objetivo es prevenir la introducci\u00f3n y\/o dispersi\u00f3n de plagas cuarentenarias, el control de plagas presentes de alto impacto econ\u00f3mico, la vigilancia general y espec\u00edfica de las mismas. En el caso de la uva, se refiere a la mosca del Mediterr\u00e1neo y a la polilla de la vid (lobesia botrana).<\/p>\n\n\n\n<div style=\"height:20px\" aria-hidden=\"true\" class=\"wp-block-spacer\"><\/div>\n\n\n\n<p class=\"has-background has-luminous-vivid-amber-background-color\"><strong>Ver notas de Enolife sobre los reclamos de <a href=\"https:\/\/enolife.com.ar\/es\/para-acovi-la-obligatoriedad-del-documento-de-transito-para-uva-es-dificultosa-e-inviable\/\">Acovi <\/a>y del <a href=\"https:\/\/enolife.com.ar\/es\/vinateros-del-este-tambien-pide-al-senasa-la-anulacion-del-documento-de-transito-para-uva\/\">Centro de Vi\u00f1ateros y Bodegueros del Este<\/a><\/strong><\/p>\n\n\n\n<div style=\"height:20px\" aria-hidden=\"true\" class=\"wp-block-spacer\"><\/div>\n\n\n\n<p>Durante el encuentro entre Hinojosa y Paz tambi\u00e9n se establecieron acuerdos institucionales sobre protocolos sanitarios espec\u00edficos para la vitivinicultura. De este modo, se propuso un esquema de reuniones t\u00e9cnicas entre ambos organismos a fin de arribar a una complementariedad de la informaci\u00f3n y requerimientos que cada organismo realiza sobre los vi\u00f1ateros, a partir del mes de mayo del corriente a\u00f1o, de modo de poder arribar a un protocolo sanitario y de fiscalizaci\u00f3n para el tr\u00e1nsito de uvas \u00fanico para la cosecha 2022.<\/p>\n\n\n\n<div style=\"height:20px\" aria-hidden=\"true\" class=\"wp-block-spacer\"><\/div>\n\n\n\n<p class=\"has-small-font-size\"><em><strong>Fuentes: INV y Gobierno de la Naci\u00f3n <\/strong><\/em><\/p>\n","protected":false},"excerpt":{"rendered":"<p>Atendiendo a los reclamos de diferentes sectores de la vitivinicultura, los titulares del Instituto Nacional&hellip;<\/p>\n","protected":false},"author":3,"featured_media":29684,"comment_status":"open","ping_status":"open","sticky":false,"template":"","format":"standard","meta":{"footnotes":""},"categories":[14],"tags":[],"class_list":["post-29659","post","type-post","status-publish","format-standard","has-post-thumbnail","hentry","category-news"],"_links":{"self":[{"href":"https:\/\/enolife.com.ar\/es\/wp-json\/wp\/v2\/posts\/29659","targetHints":{"allow":["GET"]}}],"collection":[{"href":"https:\/\/enolife.com.ar\/es\/wp-json\/wp\/v2\/posts"}],"about":[{"href":"https:\/\/enolife.com.ar\/es\/wp-json\/wp\/v2\/types\/post"}],"author":[{"embeddable":true,"href":"https:\/\/enolife.com.ar\/es\/wp-json\/wp\/v2\/users\/3"}],"replies":[{"embeddable":true,"href":"https:\/\/enolife.com.ar\/es\/wp-json\/wp\/v2\/comments?post=29659"}],"version-history":[{"count":0,"href":"https:\/\/enolife.com.ar\/es\/wp-json\/wp\/v2\/posts\/29659\/revisions"}],"wp:featuredmedia":[{"embeddable":true,"href":"https:\/\/enolife.com.ar\/es\/wp-json\/wp\/v2\/media\/29684"}],"wp:attachment":[{"href":"https:\/\/enolife.com.ar\/es\/wp-json\/wp\/v2\/media?parent=29659"}],"wp:term":[{"taxonomy":"category","embeddable":true,"href":"https:\/\/enolife.com.ar\/es\/wp-json\/wp\/v2\/categories?post=29659"},{"taxonomy":"post_tag","embeddable":true,"href":"https:\/\/enolife.com.ar\/es\/wp-json\/wp\/v2\/tags?post=29659"}],"curies":[{"name":"wp","href":"https:\/\/api.w.org\/{rel}","templated":true}]}}