{"id":29655,"date":"2021-02-20T16:30:18","date_gmt":"2021-02-20T16:30:18","guid":{"rendered":"http:\/\/enolife.com.ar\/es\/?p=29655"},"modified":"2021-02-21T15:11:05","modified_gmt":"2021-02-21T15:11:05","slug":"el-inv-de-nuevo-protagonista-en-vendimia-agasajo-y-capacito-sobre-vino-a-reinas-y-embajadoras","status":"publish","type":"post","link":"https:\/\/enolife.com.ar\/es\/el-inv-de-nuevo-protagonista-en-vendimia-agasajo-y-capacito-sobre-vino-a-reinas-y-embajadoras\/","title":{"rendered":"El INV, de nuevo protagonista en Vendimia: agasaj\u00f3 y capacit\u00f3 sobre vino a reinas y embajadoras"},"content":{"rendered":"\n<h4 class=\"wp-block-heading\"><em><strong>Despu\u00e9s de a\u00f1os de ausencia en el escenario vendimial, el Instituto Nacional de Vitivinicultura, acorde a su nueva pol\u00edtica de promover la cultura y comercializaci\u00f3n del vino adem\u00e1s de regular y fiscalizar la actividad en Argentina, volvi\u00f3 a insertarse en el calendario de la m\u00e1xima festividad de los mendocinos con acciones culturales y educativas. Ayer 20\/2, las autoridades del INV encabezadas por su presidente Mart\u00edn Hinojosa recibieron en su sede de Mendoza a las soberanas y embajadoras nacionales, las homenajearon con un desayuno y les brindaron una capacitaci\u00f3n sobre el mundo del vino, a cargo de sus propios profesionales. <\/strong><\/em><\/h4>\n\n\n\n<div style=\"height:23px\" aria-hidden=\"true\" class=\"wp-block-spacer\"><\/div>\n\n\n<a href=\"https:\/\/sudafilt.com\/\" aria-label=\"SUDAFILT 1700X500 NOV25\"><img loading=\"lazy\" decoding=\"async\" src=\"https:\/\/enolife.com.ar\/es\/wp-content\/uploads\/2020\/07\/SUDAFILT-1700X500-NOV25.gif\" alt=\"\"  width=\"1700\" height=\"500\"   \/><\/a>\n\n\n<div style=\"height:65px\" aria-hidden=\"true\" class=\"wp-block-spacer\"><\/div>\n\n\n\n<p>El encuentro organizado por el INV cont\u00f3 con la colaboraci\u00f3n y participaci\u00f3n del gobierno de Mendoza, representado en la ocasi\u00f3n por el vicepresidente del Ente Mendoza Turismo, <strong>Marcelo Montenegro<\/strong>. Tambi\u00e9n estuvieron presentes funcionarios municipales de Tunuy\u00e1n y Malarg\u00fce y protagonistas de entidades vitivin\u00edcolas, del sector tur\u00edstico y de los medios de difusi\u00f3n. <\/p>\n\n\n\n<p>&nbsp;Al respecto, al comienzo de la actividad, <strong>Mart\u00edn Hinojosa<\/strong>, presidente del INV quien acaba de cumplir un a\u00f1o en su funci\u00f3n, destac\u00f3 especialmente \u00abel trabajo en conjunto que se realiz\u00f3 con el gobierno de Mendoza\u00bb y el hecho de que \u00abcuando hay buena voluntad se puede coordinar, como en este caso, entre un organismo nacional y uno provincial\u00bb.<\/p>\n\n\n\n<p>Junto a Hinojosa, el vicepresidente del organismo, el ingeniero y periodista sanjuanino <strong>Hugo Carmona Torres<\/strong> y otras autoridades y personal del INV recibieron a&nbsp;las&nbsp;soberanas y embajadoras nacionales&nbsp;para compartir un desayuno especial con los presentes.<\/p>\n\n\n\n<div style=\"height:20px\" aria-hidden=\"true\" class=\"wp-block-spacer\"><\/div>\n\n\n\n<div class=\"wp-block-image\"><figure class=\"aligncenter size-large\"><img loading=\"lazy\" decoding=\"async\" width=\"682\" height=\"366\" src=\"https:\/\/enolife.com.ar\/es\/wp-content\/uploads\/2021\/02\/374726c1-aade-4b53-a7a0-27f7fccb6580-1.jpg\" alt=\"\" class=\"wp-image-29861\" srcset=\"https:\/\/enolife.com.ar\/es\/wp-content\/uploads\/2021\/02\/374726c1-aade-4b53-a7a0-27f7fccb6580-1.jpg 682w, https:\/\/enolife.com.ar\/es\/wp-content\/uploads\/2021\/02\/374726c1-aade-4b53-a7a0-27f7fccb6580-1-300x161.jpg 300w, https:\/\/enolife.com.ar\/es\/wp-content\/uploads\/2021\/02\/374726c1-aade-4b53-a7a0-27f7fccb6580-1-585x314.jpg 585w\" sizes=\"auto, (max-width: 682px) 100vw, 682px\" \/><figcaption><strong>Marcelo Montenegro, Mart\u00edn Hinojosa y Hugo Carmona Torres<\/strong>.<\/figcaption><\/figure><\/div>\n\n\n\n<div style=\"height:20px\" aria-hidden=\"true\" class=\"wp-block-spacer\"><\/div>\n\n\n\n<p>De esta manera, el INV vuelve a&nbsp;ser protagonista&nbsp;de las actividades oficiales de Vendimia.&nbsp;Las soberanas, adem\u00e1s de disfrutar del desayuno, realizaron una recorrida guiada por el edificio del organismo -en San Mart\u00edn y Peltier, centro de la ciudad de Mendoza- y asistieron a la capacitaci\u00f3n \u00abIntroducci\u00f3n al mundo del Vino\u00bb, a cargo de los profesionales del INV.<\/p>\n\n\n\n<div style=\"height:20px\" aria-hidden=\"true\" class=\"wp-block-spacer\"><\/div>\n\n\n\n<div class=\"wp-block-image\"><figure class=\"aligncenter size-large is-resized\"><img loading=\"lazy\" decoding=\"async\" src=\"https:\/\/enolife.com.ar\/es\/wp-content\/uploads\/2021\/02\/Eum9GHvXIAMRCwj-1024x682-1.jpg\" alt=\"\" class=\"wp-image-29863\" width=\"570\" height=\"328\" srcset=\"https:\/\/enolife.com.ar\/es\/wp-content\/uploads\/2021\/02\/Eum9GHvXIAMRCwj-1024x682-1.jpg 658w, https:\/\/enolife.com.ar\/es\/wp-content\/uploads\/2021\/02\/Eum9GHvXIAMRCwj-1024x682-1-300x173.jpg 300w, https:\/\/enolife.com.ar\/es\/wp-content\/uploads\/2021\/02\/Eum9GHvXIAMRCwj-1024x682-1-585x337.jpg 585w\" sizes=\"auto, (max-width: 570px) 100vw, 570px\" \/><figcaption><strong>Las reinas y embajadoras durante la capacitaci\u00f3n<\/strong>.<\/figcaption><\/figure><\/div>\n\n\n\n<div class=\"wp-block-image\"><figure class=\"aligncenter size-large is-resized\"><img loading=\"lazy\" decoding=\"async\" src=\"https:\/\/enolife.com.ar\/es\/wp-content\/uploads\/2021\/02\/19-02-2021-visita-reinas-inv01-1.jpeg\" alt=\"\" class=\"wp-image-29865\" width=\"570\" height=\"379\" srcset=\"https:\/\/enolife.com.ar\/es\/wp-content\/uploads\/2021\/02\/19-02-2021-visita-reinas-inv01-1.jpeg 612w, https:\/\/enolife.com.ar\/es\/wp-content\/uploads\/2021\/02\/19-02-2021-visita-reinas-inv01-1-300x200.jpeg 300w, https:\/\/enolife.com.ar\/es\/wp-content\/uploads\/2021\/02\/19-02-2021-visita-reinas-inv01-1-585x390.jpeg 585w\" sizes=\"auto, (max-width: 570px) 100vw, 570px\" \/><figcaption><strong>Josefina Pi\u00f1ol Battaglia (Reina de la Tonada), Mayra Tous (Reina Nacional de La Vendimia) y Agustina Rosales (Embajadora nacional de la Ganader\u00eda de Zonas \u00c1ridas).<\/strong><\/figcaption><\/figure><\/div>\n\n\n\n<div style=\"height:42px\" aria-hidden=\"true\" class=\"wp-block-spacer\"><\/div>\n\n\n\n<p class=\"has-background has-medium-font-size has-pale-pink-background-color\"><strong>Reinas hasta el 2022<\/strong><\/p>\n\n\n\n<p class=\"has-background has-pale-pink-background-color\">Este a\u00f1o, considerando que por la emergencia sanitaria no hubo fiestas departamentales y no se eligieron nuevas candidatas al cetro vendimial, se&nbsp;agasaj\u00f3 a las reinas y embajadoras que en la mayor\u00eda de los casos tendr\u00e1n \u00abmandato\u00bb hasta 2022: la reina nacional de la Vendimia, <strong>Mayra Tous<\/strong>; la virreina nacional de la Vendimia, <strong>Mar\u00eda Eugenia Serrani<\/strong>; la embajadora nacional del Sol, <strong>Luc\u00eda Ponce<\/strong>; la reina nacional de la Tonada, <strong>Josefina Pi\u00f1ol Battaglia<\/strong>; la reina nacional del Chivo, <strong>Agustina Rosales<\/strong>; la embajadora nacional de la Ganader\u00eda de Zonas \u00c1ridas, <strong>Sof\u00eda Kairuz<\/strong> y la embajadora Para Todos, <strong>Melanie Ahumada<\/strong>.<\/p>\n\n\n\n<div style=\"height:20px\" aria-hidden=\"true\" class=\"wp-block-spacer\"><\/div>\n\n\n\n<div class=\"wp-block-image\"><figure class=\"aligncenter size-large is-resized\"><img loading=\"lazy\" decoding=\"async\" src=\"https:\/\/enolife.com.ar\/es\/wp-content\/uploads\/2021\/02\/Reinas-y-embajadoras-1024x682.jpg\" alt=\"\" class=\"wp-image-29687\" width=\"591\" height=\"393\" srcset=\"https:\/\/enolife.com.ar\/es\/wp-content\/uploads\/2021\/02\/Reinas-y-embajadoras-1024x682.jpg 1024w, https:\/\/enolife.com.ar\/es\/wp-content\/uploads\/2021\/02\/Reinas-y-embajadoras-300x200.jpg 300w, https:\/\/enolife.com.ar\/es\/wp-content\/uploads\/2021\/02\/Reinas-y-embajadoras-768x512.jpg 768w, https:\/\/enolife.com.ar\/es\/wp-content\/uploads\/2021\/02\/Reinas-y-embajadoras-1170x780.jpg 1170w, https:\/\/enolife.com.ar\/es\/wp-content\/uploads\/2021\/02\/Reinas-y-embajadoras-585x390.jpg 585w, https:\/\/enolife.com.ar\/es\/wp-content\/uploads\/2021\/02\/Reinas-y-embajadoras.jpg 1280w\" sizes=\"auto, (max-width: 591px) 100vw, 591px\" \/><figcaption><strong>Mar\u00eda Eugenia Serrani<\/strong>, <strong>Melanie Ahumada<\/strong>, <strong>Luc\u00eda Ponce<\/strong>, <strong>Mayra Tous<\/strong>,  <strong>Josefina Pi\u00f1ol Battaglia<\/strong>, <strong>Agustina Rosales<\/strong> y <strong>Sof\u00eda Kairuz<\/strong>.<\/figcaption><\/figure><\/div>\n\n\n\n<div style=\"height:20px\" aria-hidden=\"true\" class=\"wp-block-spacer\"><\/div>\n\n\n\n<p>En su breve alocuci\u00f3n a los presentes, acerca del rol del INV, Hinojosa manifest\u00f3 que \u00aben este a\u00f1o de gesti\u00f3n hemos vuelto a posicionar al Instituto Nacional de Vitivinicultura en el papel protag\u00f3nico que se merece, ya que ha vuelto a estar presente en las decisiones estrat\u00e9gicas de la vitivinicultura. Adem\u00e1s de ser el organismo fiscalizador y rector del sector, no puede dejar de estar presente en la promoci\u00f3n del vino.\u00bb<\/p>\n\n\n\n<p>Sobre este \u00faltimo aspecto, el joven dirigente tunuyanino -experto en el mundo del vino por provenir de una familia de productores- se dirigi\u00f3 a las soberanas y estim\u00f3: \u00abEl rol de ustedes es muy importante porque son j\u00f3venes y queremos que los j\u00f3venes se incorporen al vino, consumiendo en forma responsable. En este sentido, el trabajo de ustedes es muy importante porque pueden escuchar a los j\u00f3venes e incorporarlos al mundo del vino, lo que nos permitir\u00e1 festejar grandes cosechas porque est\u00e1 la posibilidad de vender toda la producci\u00f3n. Por eso, necesitamos que los j\u00f3venes se incorporen al vino porque hemos perdido a muchos j\u00f3venes en los \u00faltimos a\u00f1os\u00bb.<\/p>\n\n\n\n<div style=\"height:20px\" aria-hidden=\"true\" class=\"wp-block-spacer\"><\/div>\n\n\n\n<div class=\"wp-block-image\"><figure class=\"aligncenter size-large\"><img loading=\"lazy\" decoding=\"async\" width=\"602\" height=\"316\" src=\"https:\/\/enolife.com.ar\/es\/wp-content\/uploads\/2021\/02\/Eum9GIBXAAAdywx-1024x682-2.jpg\" alt=\"\" class=\"wp-image-29873\" srcset=\"https:\/\/enolife.com.ar\/es\/wp-content\/uploads\/2021\/02\/Eum9GIBXAAAdywx-1024x682-2.jpg 602w, https:\/\/enolife.com.ar\/es\/wp-content\/uploads\/2021\/02\/Eum9GIBXAAAdywx-1024x682-2-300x157.jpg 300w, https:\/\/enolife.com.ar\/es\/wp-content\/uploads\/2021\/02\/Eum9GIBXAAAdywx-1024x682-2-585x307.jpg 585w\" sizes=\"auto, (max-width: 602px) 100vw, 602px\" \/><figcaption><strong>Mar\u00eda Bel\u00e9n Gaua (prensa del INV) con las Reinas y Embajadoras y Hugo Carmona Torres.<\/strong><\/figcaption><\/figure><\/div>\n\n\n\n<div style=\"height:20px\" aria-hidden=\"true\" class=\"wp-block-spacer\"><\/div>\n\n\n\n<blockquote class=\"wp-block-quote is-layout-flow wp-block-quote-is-layout-flow\"><p>Queremos que los j\u00f3venes se incorporen al vino, consumiendo en forma responsable&#8230; lo que nos permitir\u00e1 festejar grandes cosechas, porque est\u00e1 la posibilidad de vender toda la producci\u00f3n&#8230;\u00bb.<\/p><cite>Mart\u00edn Hinojosa, presidente del Instituto Nacional de Vitivinicultura<\/cite><\/blockquote>\n\n\n\n<div style=\"height:20px\" aria-hidden=\"true\" class=\"wp-block-spacer\"><\/div>\n\n\n\n<p>\u00abPor \u00faltimo -agreg\u00f3 Hinojosa-, el turismo vitivin\u00edcola es muy importante porque no es solamente la llegada de los visitantes, sino que genera un fuerte desarrollo en la gastronom\u00eda, comercio y la venta de vinos en las bodegas. El trabajo conjunto entre los sectores, p\u00fablico y privado, dinamiza el v\u00ednculo entre el turista y el vino. En este rubro tambi\u00e9n es importante el rol de las soberanas porque son un gran atractivo del sector\u00bb.<\/p>\n\n\n\n<p>Adem\u00e1s del agasajo y el desayuno, las actividades continuaron con una visita guiada por las instalaciones de la sede central del INV que concluy\u00f3 con una capacitaci\u00f3n sobre&nbsp;\u00abIntroducci\u00f3n al Mundo del Vino\u00bb, a cargo de profesionales del&nbsp;Departamento de Estudios Enol\u00f3gicos y Sensoriales&nbsp;del INV. Como despedida se les entreg\u00f3 un obsequio a cada una de las soberanas.<\/p>\n\n\n\n<div style=\"height:34px\" aria-hidden=\"true\" class=\"wp-block-spacer\"><\/div>\n","protected":false},"excerpt":{"rendered":"<p>Despu\u00e9s de a\u00f1os de ausencia en el escenario vendimial, el Instituto Nacional de Vitivinicultura, acorde&hellip;<\/p>\n","protected":false},"author":3,"featured_media":29867,"comment_status":"open","ping_status":"open","sticky":false,"template":"","format":"standard","meta":{"footnotes":""},"categories":[14],"tags":[],"class_list":["post-29655","post","type-post","status-publish","format-standard","has-post-thumbnail","hentry","category-news"],"_links":{"self":[{"href":"https:\/\/enolife.com.ar\/es\/wp-json\/wp\/v2\/posts\/29655","targetHints":{"allow":["GET"]}}],"collection":[{"href":"https:\/\/enolife.com.ar\/es\/wp-json\/wp\/v2\/posts"}],"about":[{"href":"https:\/\/enolife.com.ar\/es\/wp-json\/wp\/v2\/types\/post"}],"author":[{"embeddable":true,"href":"https:\/\/enolife.com.ar\/es\/wp-json\/wp\/v2\/users\/3"}],"replies":[{"embeddable":true,"href":"https:\/\/enolife.com.ar\/es\/wp-json\/wp\/v2\/comments?post=29655"}],"version-history":[{"count":0,"href":"https:\/\/enolife.com.ar\/es\/wp-json\/wp\/v2\/posts\/29655\/revisions"}],"wp:featuredmedia":[{"embeddable":true,"href":"https:\/\/enolife.com.ar\/es\/wp-json\/wp\/v2\/media\/29867"}],"wp:attachment":[{"href":"https:\/\/enolife.com.ar\/es\/wp-json\/wp\/v2\/media?parent=29655"}],"wp:term":[{"taxonomy":"category","embeddable":true,"href":"https:\/\/enolife.com.ar\/es\/wp-json\/wp\/v2\/categories?post=29655"},{"taxonomy":"post_tag","embeddable":true,"href":"https:\/\/enolife.com.ar\/es\/wp-json\/wp\/v2\/tags?post=29655"}],"curies":[{"name":"wp","href":"https:\/\/api.w.org\/{rel}","templated":true}]}}