{"id":29596,"date":"2021-02-19T17:37:36","date_gmt":"2021-02-19T17:37:36","guid":{"rendered":"http:\/\/enolife.com.ar\/es\/?p=29596"},"modified":"2021-02-21T16:08:15","modified_gmt":"2021-02-21T16:08:15","slug":"san-juan-prestara-plata-a-vinateros-al-0-y-a-bodegueros-al-8-a-devolver-en-9-meses","status":"publish","type":"post","link":"https:\/\/enolife.com.ar\/es\/san-juan-prestara-plata-a-vinateros-al-0-y-a-bodegueros-al-8-a-devolver-en-9-meses\/","title":{"rendered":"San Juan prestar\u00e1 plata a vi\u00f1ateros al 0% y a bodegueros al 8%, a devolver en 9 meses"},"content":{"rendered":"\n<h4 class=\"wp-block-heading\"><em><strong>El gobierno de la segunda provincia vitivin\u00edcola de Argentina fij\u00f3 en $20 el precio de referencia del kilo de uva b\u00e1sica, el mismo valor que se estableci\u00f3 en Mendoza. Era el \u00fanico tr\u00e1mite que faltaba para activar un plan de cr\u00e9ditos para levantar la cosecha 2021 y comenzar la elaboraci\u00f3n del vino. Ahora, los productores que acaten esa cifra podr\u00e1n acceder al financiamiento. Eso s\u00ed, los bodegueros deber\u00e1n pagarle la uva a los vi\u00f1ateros a fines de agosto en lugar de diciembre, como era la pr\u00e1ctica habitual. Como garant\u00eda, se podr\u00e1n entregar cheques personales o de terceros. Y el dinero se devolver\u00e1 en 9 cuotas a partir del 15 de mayo. <\/strong><\/em> <\/h4>\n\n\n\n<hr class=\"wp-block-separator\"\/>\n\n\n\n<h4 class=\"wp-block-heading\"><em><strong>El Diario de Cuyo de San Juan public\u00f3 el 17\/2 un detallado informe sobre la modalidad de los cr\u00e9ditos, con la firma de la periodista especializada Elizabeth P\u00e9rez, nota que a continuaci\u00f3n reproducimos textualmente por considerarla de inter\u00e9s para los lectores y productores de la \u00abvecina provincia\u00bb, como solemos llamar los mendocinos a los amigos sanjuaninos.<\/strong><\/em><\/h4>\n\n\n\n<div style=\"height:31px\" aria-hidden=\"true\" class=\"wp-block-spacer\"><\/div>\n\n\n\n\n\n<div style=\"height:66px\" aria-hidden=\"true\" class=\"wp-block-spacer\"><\/div>\n\n\n\n<p>\u00abEl <strong>kilo se fij\u00f3 a $20<\/strong> para acceder al programa oficial. El cr\u00e9dito de cosecha qued\u00f3 a <strong>tasa 0 y el de bodegas, al 8%.&nbsp;<\/strong><\/p>\n\n\n\n<p>\u00abEn la cuarta reuni\u00f3n virtual del a\u00f1o de la <strong>Mesa de Consenso Vitivin\u00edcola<\/strong> -que re\u00fane a entidades vi\u00f1ateras y bodegueras- el gobierno logr\u00f3 finalmente cerrar un acuerdo entre las partes para la vendimia 2021:&nbsp;el precio de referencia del kilo de uva b\u00e1sica se fij\u00f3 en <strong>$20, lo mismo que en Mendoza.<\/strong> Para lograrlo, la gesti\u00f3n u\u00f1aquista puso m\u00e1s plata y baj\u00f3 a\u00fan m\u00e1s las tasas de inter\u00e9s de los&nbsp;cr\u00e9ditos: los de cosecha y acarreo para vi\u00f1ateros ser\u00e1n a <strong>tasa 0 en lugar del 9,9%<\/strong> anunciado el 4 de febrero, mientras que los destinados a las bodegas son al<strong> 8% <\/strong>tanto para elaboraci\u00f3n tradicional o para maquila, en lugar del 15% y 12% iniciales.<\/p>\n\n\n\n<p>\u00abNo es todo, ya que las bodegas tendr\u00e1n que terminar de pagar la uva al vi\u00f1atero en agosto, en vez de fin de a\u00f1o como era antes, para mitigar los efectos de la inflaci\u00f3n. Lo har\u00e1n en cuatro cuotas, en mayo, junio, julio y agosto. <\/p>\n\n\n\n<p>\u00abLas entidades que acordaron este programa son todas las vi\u00f1ateras de la provincia, adem\u00e1s de la <strong>C\u00e1mara de Bodegueros, la C\u00e1mara de Comercio Exterior<\/strong> y la <strong>Sociedad de Chacareros<\/strong>. No acord\u00f3 la <strong>C\u00e1mara Vitivin\u00edcola <\/strong>que re\u00fane a las bodegas trasladistas, que son una buena porci\u00f3n de la industria local, pero esto al gobierno no le preocupa porque el a\u00f1o pasado tampoco lo acept\u00f3 y despu\u00e9s las bodegas asociadas firmaron contratos por fuera de la entidad. Creen que ahora ser\u00e1 igual, seg\u00fan anticip\u00f3 el ministro de Producci\u00f3n, <strong>Andr\u00e9s D\u00edaz Cano<\/strong>, al t\u00e9rmino del encuentro. El funcionario destac\u00f3 la decisi\u00f3n del gobernador <strong>Sergio U\u00f1ac<\/strong> de aliviar a\u00fan m\u00e1s los pr\u00e9stamos para el sector, en un a\u00f1o dif\u00edcil para la econom\u00eda.<\/p>\n\n\n\n<p>\u00abEl anuncio m\u00e1s importante fue que los cr\u00e9ditos de cosecha y acarreo ser\u00e1n a tasa cero, tal como ped\u00edan los vi\u00f1ateros. Para esto los productores deber\u00e1n presentar como garant\u00eda del pr\u00e9stamo un cheque de la bodega elaboradora, que a su vez debe firmar contrato con el Gobierno donde se compromete a pagar a $20 el kilo de uva. En caso de que la garant\u00eda sea a trav\u00e9s de un cheque propio o de terceros, el inter\u00e9s ser\u00e1 del 9, 9% anual fija y en pesos. <\/p>\n\n\n\n<div style=\"height:20px\" aria-hidden=\"true\" class=\"wp-block-spacer\"><\/div>\n\n\n\n<h4 class=\"has-vivid-red-color has-text-color wp-block-heading\">Para acceder al cr\u00e9dito, los bodegueros deber\u00e1n firmar contrato con el gobierno comprometi\u00e9ndose a pagar a $20 el kilo de uva.<\/h4>\n\n\n\n<div style=\"height:20px\" aria-hidden=\"true\" class=\"wp-block-spacer\"><\/div>\n\n\n\n<p>\u00abEl vi\u00f1atero tendr\u00e1 que empezar a devolver el pr\u00e9stamo el 15 de mayo y luego mensualmente hasta finalizar la \u00faltima cuota el 15 de enero de 2022.<\/p>\n\n\n\n<p>\u00abPor su parte las bodegas que accedan al programa oficial, tanto para los cr\u00e9ditos de elaboraci\u00f3n a maquila (le compran uva al vi\u00f1atero y le pagan con vino), como para la compra de uva tambi\u00e9n tienen una reducci\u00f3n fuerte de las tasas de inter\u00e9s. Las condiciones para quienes hagan maquila son que la tasa de inter\u00e9s ser\u00e1 del 8% fijo, anual y en pesos, cuando el rendimiento para el productor sea de 63 a 64 litros por cada 100 kilos de uva ingresada. La tasa sube al 12%, cuando es entre 60 y 61 litros x cada 100 kilos, y del 15% cuando el rendimiento sea entre 59 y 60 litros por cada 100 kilos de uva que ingrese a la bodega. <\/p>\n\n\n\n<p>\u00abAsimismo, las condiciones de los cr\u00e9ditos a bodegas para la compra de uva ahora son del 8% fijo, anual y en pesos. El monto al que podr\u00e1n acceder depende de la escala del productor al que compren: mientras m\u00e1s chico, m\u00e1s fondos. <\/p>\n\n\n\n<p>\u00abPara pedir el cr\u00e9dito tienen que llevar el contrato firmado con el vi\u00f1atero y ah\u00ed van a tener un beneficio de acuerdo a la cantidad de hect\u00e1reas que ellos hayan garantizado comprar. Por ejemplo, se otorgar\u00e1 $1,30 por kilo de uva cuando el productor tenga una superficie cultivada con vid hasta 10 hect\u00e1reas. Ser\u00e1 de $ 1,20 por kilo cuando el productor tenga de 10 a 20 hect\u00e1reas, y de $1,10 por kilo de uva cuando tenga de 20 a 30 hect\u00e1reas. <\/p>\n\n\n\n<div style=\"height:20px\" aria-hidden=\"true\" class=\"wp-block-spacer\"><\/div>\n\n\n\n<h4 class=\"has-vivid-red-color has-text-color wp-block-heading\">Para la devoluci\u00f3n del dinero prestado, la primera cuota vence el 15 de mayo 2021 y el \u00faltimo pago deber\u00e1 abonarse el 15 de enero de 2022. <\/h4>\n\n\n\n<div style=\"height:20px\" aria-hidden=\"true\" class=\"wp-block-spacer\"><\/div>\n\n\n\n<p>\u00abLos vi\u00f1ateros podr\u00e1n gestionar los cr\u00e9ditos en <strong>Agencia Calidad San Juan<\/strong>, en 25 de Mayo 577 (E), tel\u00e9fono 4274391. <\/p>\n\n\n\n<p>\u00abLas bodegas, en <strong>Centro de Financiamiento Productivo<\/strong>, en C\u00f3rdoba y Jujuy, tel\u00e9fono: 4226145, o en Fiduciaria San Juan, Avda. C\u00f3rdoba 390 Este 1er. piso, tel\u00e9fono 4211591.\u00bb<\/p>\n","protected":false},"excerpt":{"rendered":"<p>El gobierno de la segunda provincia vitivin\u00edcola de Argentina fij\u00f3 en $20 el precio de&hellip;<\/p>\n","protected":false},"author":3,"featured_media":29644,"comment_status":"open","ping_status":"open","sticky":false,"template":"","format":"standard","meta":{"footnotes":""},"categories":[14],"tags":[],"class_list":["post-29596","post","type-post","status-publish","format-standard","has-post-thumbnail","hentry","category-news"],"_links":{"self":[{"href":"https:\/\/enolife.com.ar\/es\/wp-json\/wp\/v2\/posts\/29596","targetHints":{"allow":["GET"]}}],"collection":[{"href":"https:\/\/enolife.com.ar\/es\/wp-json\/wp\/v2\/posts"}],"about":[{"href":"https:\/\/enolife.com.ar\/es\/wp-json\/wp\/v2\/types\/post"}],"author":[{"embeddable":true,"href":"https:\/\/enolife.com.ar\/es\/wp-json\/wp\/v2\/users\/3"}],"replies":[{"embeddable":true,"href":"https:\/\/enolife.com.ar\/es\/wp-json\/wp\/v2\/comments?post=29596"}],"version-history":[{"count":0,"href":"https:\/\/enolife.com.ar\/es\/wp-json\/wp\/v2\/posts\/29596\/revisions"}],"wp:featuredmedia":[{"embeddable":true,"href":"https:\/\/enolife.com.ar\/es\/wp-json\/wp\/v2\/media\/29644"}],"wp:attachment":[{"href":"https:\/\/enolife.com.ar\/es\/wp-json\/wp\/v2\/media?parent=29596"}],"wp:term":[{"taxonomy":"category","embeddable":true,"href":"https:\/\/enolife.com.ar\/es\/wp-json\/wp\/v2\/categories?post=29596"},{"taxonomy":"post_tag","embeddable":true,"href":"https:\/\/enolife.com.ar\/es\/wp-json\/wp\/v2\/tags?post=29596"}],"curies":[{"name":"wp","href":"https:\/\/api.w.org\/{rel}","templated":true}]}}