{"id":2918,"date":"2019-09-10T03:14:38","date_gmt":"2019-09-10T03:14:38","guid":{"rendered":"http:\/\/enolife.com.ar\/es\/?p=2918"},"modified":"2019-09-11T15:14:11","modified_gmt":"2019-09-11T15:14:11","slug":"la-vendimia-2020-en-busca-de-su-guion","status":"publish","type":"post","link":"https:\/\/enolife.com.ar\/es\/la-vendimia-2020-en-busca-de-su-guion\/","title":{"rendered":"La Fiesta de la Vendimia 2020 en busca de su gui\u00f3n"},"content":{"rendered":"\n<h4 class=\"wp-block-heading\"><em><strong>La Secretar\u00eda de Cultura de Mendoza inform\u00f3 que est\u00e1n disponibles las bases del concurso p\u00fablico para elegir la propuesta de gui\u00f3n de la Fiesta de la Vendimia. Los guiones deber\u00e1n presentarse el 23\/9\/19, con su correspondiente s\u00edntesis argumental, realizaci\u00f3n de la escenograf\u00eda, direcci\u00f3n art\u00edstica de la puesta en escena y equipo art\u00edstico, tanto para el Acto Central como para la Segunda y Tercera Noche de la Fiesta Nacional de la Vendimia 2020.<\/strong><\/em><\/h4>\n\n\n\n<div style=\"height:20px\" aria-hidden=\"true\" class=\"wp-block-spacer\"><\/div>\n\n\n\n<p>Las bases del concurso deben retirarse en forma personal en la oficina de Mesa de Entradas de la Secretar\u00eda de Cultura del Gobierno de Mendoza, Espa\u00f1a y Guti\u00e9rrez, Ciudad de Mendoza, planta baja, de lunes a viernes de 9 a 14.<\/p>\n\n\n\n<p>Tambi\u00e9n pueden consultarse en el sitio oficial de la Secretar\u00eda,&nbsp;<a href=\"http:\/\/www.cultura.mendoza.gov.ar\/\">www.cultura.mendoza.gov.ar<\/a>. Cabe destacar que aquellos que se presenten en el concurso p\u00fablico deben hacerlo con las bases originales, retiradas personalmente.<\/p>\n\n\n\n<p>Desde la Direcci\u00f3n de Producci\u00f3n Cultural y Vendimia se inform\u00f3 que la \u00fanica fecha de presentaci\u00f3n de las propuestas para la Fiesta Nacional de la Vendimia 2020 es el lunes 23 de setiembre de 2019, de 8.30 a 13, indefectiblemente.<\/p>\n\n\n\n<p>Las propuestas deber\u00e1n presentarse en un sobre \u00fanico ante la Secretar\u00eda de Cultura de la provincia, seg\u00fan lo especificado en el reglamento correspondiente, \u00fanica y personalmente, en la misma oficina de Mesa de Entradas. No se admitir\u00e1n presentaciones por otros medios.<\/p>\n\n\n\n<div style=\"height:20px\" aria-hidden=\"true\" class=\"wp-block-spacer\"><\/div>\n\n\n\n<p class=\"has-background has-medium-font-size has-very-light-gray-background-color\"><strong>Links de inter\u00e9s<\/strong> <strong>de la Secretar\u00eda de Cultura de la Provincia de Mendoza<\/strong><\/p>\n\n\n\n<p class=\"has-background has-cyan-bluish-gray-background-color\">Llamado a concurso publico para la propuesta de gui\u00f3n de la Vendimia 2020:   <a href=\"http:\/\/www.cultura.mendoza.gov.ar\/wp-content\/uploads\/sites\/17\/2019\/08\/BASES-2020-A-P%C3%9ABLICAR-OFICIO-CON-NUMERO-RESOL.pdf\">http:\/\/www.cultura.mendoza.gov.ar\/wp-content\/uploads\/sites\/17\/2019\/08\/BASES-2020-A-P%C3%9ABLICAR-OFICIO-CON-NUMERO-RESOL.pdf<\/a> <\/p>\n\n\n\n<p class=\"has-background has-cyan-bluish-gray-background-color\">Para consultar y\/o descargar las bases&nbsp;<strong>(s\u00f3lo como material de trabajo)<\/strong>:  <a href=\"http:\/\/www.cultura.mendoza.gov.ar\/wp-content\/uploads\/sites\/17\/2019\/08\/BASES-2020-A-P%C3%9ABLICAR-OFICIO-CON-NUMERO-RESOL.pdf\">http:\/\/www.cultura.mendoza.gov.ar\/wp-content\/uploads\/sites\/17\/2019\/08\/BASES-2020-A-P%C3%9ABLICAR-OFICIO-CON-NUMERO-RESOL.pdf<\/a> <\/p>\n\n\n\n<p class=\"has-background has-cyan-bluish-gray-background-color\">Para descargar la documentaci\u00f3n para la&nbsp;<strong>Primera Instancia<\/strong>:&nbsp;  <a href=\"http:\/\/www.cultura.mendoza.gov.ar\/wp-content\/uploads\/sites\/17\/2019\/08\/ANEXOS-PRIMERA-INSTANCIA-2020-OFICIO.pdf\">http:\/\/www.cultura.mendoza.gov.ar\/wp-content\/uploads\/sites\/17\/2019\/08\/ANEXOS-PRIMERA-INSTANCIA-2020-OFICIO.pdf<\/a> <\/p>\n\n\n\n<p class=\"has-background has-cyan-bluish-gray-background-color\">Para descargar la Documentaci\u00f3n para la&nbsp;<strong>Segunda Instancia<\/strong> <a href=\"http:\/\/www.cultura.mendoza.gov.ar\/wp-content\/uploads\/sites\/17\/2019\/08\/ANEXOS-SEGUNDA-INSTANCIA-COLOQUIO-2020-OFICIO.pdf\">http:\/\/www.cultura.mendoza.gov.ar\/wp-content\/uploads\/sites\/17\/2019\/08\/ANEXOS-SEGUNDA-INSTANCIA-COLOQUIO-2020-OFICIO.pdf<\/a> <\/p>\n\n\n\n<div style=\"height:20px\" aria-hidden=\"true\" class=\"wp-block-spacer\"><\/div>\n\n\n\n<p class=\"has-medium-font-size\"><strong>A\u00f1o 1958, el comienzo de los guiones<\/strong><\/p>\n\n\n\n<div style=\"height:20px\" aria-hidden=\"true\" class=\"wp-block-spacer\"><\/div>\n\n\n\n<p>La Fiesta del 22 de marzo de 1958 se llam\u00f3 \u201cTodo lo que el vino trae\u201d y fue una idea de Alejandro del R\u00edo, con adaptaci\u00f3n de libreto de Antonio di Benedetto, Alberto Rodr\u00edguez h. y Abelardo V\u00e1zquez. El vestuario pertenec\u00eda a Enrique Sobisch. <\/p>\n\n\n\n<div style=\"height:20px\" aria-hidden=\"true\" class=\"wp-block-spacer\"><\/div>\n\n\n\n<figure><iframe loading=\"lazy\" width=\"850\" height=\"315\" src=\"https:\/\/www.youtube.com\/embed\/VaCt8hNplBc\" allowfullscreen=\"\"><\/iframe><\/figure>\n\n\n\n<p class=\"has-small-font-size\"><em>Vendimia 1958<\/em><\/p>\n\n\n\n<div style=\"height:20px\" aria-hidden=\"true\" class=\"wp-block-spacer\"><\/div>\n\n\n\n<p>Este espect\u00e1culo se destac\u00f3 por el despliegue art\u00edstico, vistoso y muy organizado, y adem\u00e1s por el movimiento de masas y despliegue de los core\u00f3grafos. Esta vig\u00e9sima segunda edici\u00f3n vendimial marc\u00f3 un hito significativo porque la mayor\u00eda de los elementos usados, tanto t\u00e9cnicos como humanos, eran netamente mendocinos. A partir de ese a\u00f1o, los artistas comienzan a cobrar una remuneraci\u00f3n por su actuaci\u00f3n.&nbsp;<\/p>\n\n\n\n<p>En 1959 no hubo Fiesta de la Vendimia, pero en su lugar se realiz\u00f3 \u201cla Fiesta del Vino\u201d, festejo que tuvo como escenario la explanada central del Palacio de Gobierno de Mendoza. Y en 1960 comienzan las innovaciones de Abelardo V\u00e1zquez en los actos vendimiales, las que durar\u00e1n m\u00e1s de una d\u00e9cada.<\/p>\n\n\n\n<div style=\"height:20px\" aria-hidden=\"true\" class=\"wp-block-spacer\"><\/div>\n\n\n\n<div class=\"wp-block-image\"><figure class=\"alignleft is-resized\"><img loading=\"lazy\" decoding=\"async\" src=\"https:\/\/2.bp.blogspot.com\/-zI0QUBRpltY\/W2-YJHg6O5I\/AAAAAAAAqcM\/Vo3MDM--LCY7EjYEPCebhPob3dCfGYMjwCLcBGAs\/s1600\/P1070535.JPG\" alt=\"Imagen relacionada\" width=\"360\" height=\"178\"\/><\/figure><\/div>\n\n\n\n<p>En 1963, el acto central se realiza por primera vez en el teatro griego Frank Romero Day. El espect\u00e1culo del 9 de marzo se denomin\u00f3 \u201cMarco Polo en el lago de las reinas\u201d, bajo la direcci\u00f3n de Abelardo V\u00e1zquez y basado en el libreto \u201cLa vi\u00f1a junto al camino\u201d, del mismo autor. Se introduce un nuevo concepto en el espect\u00e1culo de la Vendimia. V\u00e1zquez emple\u00f3 no s\u00f3lo la t\u00e9cnica moderna de luz y sonido, sino que llev\u00f3&nbsp;esto a los cerros aleda\u00f1os del teatro griego. Ese a\u00f1o tambi\u00e9n, Vazquez nombr\u00f3 los cerros aleda\u00f1os al escenario como: Cabernet, Pinot, Semill\u00f3n y Vinagre.&nbsp;<\/p>\n\n\n\n<div style=\"height:20px\" aria-hidden=\"true\" class=\"wp-block-spacer\"><\/div>\n\n\n\n<p>En 1966, la novedad la represent\u00f3 la televisi\u00f3n mendocina, que comenz\u00f3 a mostrar im\u00e1genes filmadas, aunque no en directo.&nbsp;&nbsp;<\/p>\n\n\n\n<p>Sonidos, luces y pirotecnia se destacaron en 1971. El acto central se llam\u00f3 \u201cVendimia de cristal\u201d y tanto el autor del libreto como el director del espect\u00e1culo fue Abelardo V\u00e1zquez.&nbsp; Esta Vendimia abri\u00f3 una nueva concepci\u00f3n en la Fiesta. El espect\u00e1culo no s\u00f3lo se desarrollaba en el escenario, sino que los cerros aleda\u00f1os pasaron a ser protagonistas importantes. En ellos se llegaron a construir 25 escenarios colgantes y se ubicaron 500 soldados que protagonizaban hist\u00f3ricas batallas y procesiones con antorchas.&nbsp;<\/p>\n\n\n\n<p>En 1972, por resoluci\u00f3n 137\/2, de la Secretar\u00eda de Turismo de la Naci\u00f3n, se declara a nuestra fiesta como Fiesta Nacional a la Vendimia.&nbsp;<\/p>\n\n\n\n<p class=\"has-small-font-size\"><em><strong>Fuentes: Gobierno de Mendoza, secretar\u00eda de cultura &#8211; Patricia Rod\u00f3n\/MDZ<\/strong><\/em><\/p>\n\n\n\n<div style=\"height:41px\" aria-hidden=\"true\" class=\"wp-block-spacer\"><\/div>\n\n\n\n<p><em> <\/em><\/p>\n","protected":false},"excerpt":{"rendered":"<p>La Secretar\u00eda de Cultura de Mendoza inform\u00f3 que est\u00e1n disponibles las bases del concurso p\u00fablico&hellip;<\/p>\n","protected":false},"author":2,"featured_media":2935,"comment_status":"open","ping_status":"open","sticky":false,"template":"","format":"standard","meta":{"footnotes":""},"categories":[34],"tags":[],"class_list":["post-2918","post","type-post","status-publish","format-standard","has-post-thumbnail","hentry","category-cultura1"],"_links":{"self":[{"href":"https:\/\/enolife.com.ar\/es\/wp-json\/wp\/v2\/posts\/2918","targetHints":{"allow":["GET"]}}],"collection":[{"href":"https:\/\/enolife.com.ar\/es\/wp-json\/wp\/v2\/posts"}],"about":[{"href":"https:\/\/enolife.com.ar\/es\/wp-json\/wp\/v2\/types\/post"}],"author":[{"embeddable":true,"href":"https:\/\/enolife.com.ar\/es\/wp-json\/wp\/v2\/users\/2"}],"replies":[{"embeddable":true,"href":"https:\/\/enolife.com.ar\/es\/wp-json\/wp\/v2\/comments?post=2918"}],"version-history":[{"count":0,"href":"https:\/\/enolife.com.ar\/es\/wp-json\/wp\/v2\/posts\/2918\/revisions"}],"wp:featuredmedia":[{"embeddable":true,"href":"https:\/\/enolife.com.ar\/es\/wp-json\/wp\/v2\/media\/2935"}],"wp:attachment":[{"href":"https:\/\/enolife.com.ar\/es\/wp-json\/wp\/v2\/media?parent=2918"}],"wp:term":[{"taxonomy":"category","embeddable":true,"href":"https:\/\/enolife.com.ar\/es\/wp-json\/wp\/v2\/categories?post=2918"},{"taxonomy":"post_tag","embeddable":true,"href":"https:\/\/enolife.com.ar\/es\/wp-json\/wp\/v2\/tags?post=2918"}],"curies":[{"name":"wp","href":"https:\/\/api.w.org\/{rel}","templated":true}]}}