{"id":29043,"date":"2021-02-12T21:16:53","date_gmt":"2021-02-12T21:16:53","guid":{"rendered":"http:\/\/enolife.com.ar\/es\/?p=29043"},"modified":"2021-02-13T17:18:57","modified_gmt":"2021-02-13T17:18:57","slug":"capacitaran-a-diplomaticos-de-50-embajadas-para-promover-la-vid-y-sus-derivados-en-el-exterior","status":"publish","type":"post","link":"https:\/\/enolife.com.ar\/es\/capacitaran-a-diplomaticos-de-50-embajadas-para-promover-la-vid-y-sus-derivados-en-el-exterior\/","title":{"rendered":"Capacitar\u00e1n a diplom\u00e1ticos de 50 embajadas para promover la vid y sus derivados en el exterior"},"content":{"rendered":"\n<h4 class=\"wp-block-heading\"><em><strong>El 11\/2, los titulares del Instituto Nacional de Vitivinicultura (INV), la Corporaci\u00f3n Vitivin\u00edcola Argentina (Coviar) y el  Instituto del&nbsp;Servicio Exterior de la Naci\u00f3n del Ministerio de Relaciones Exteriores, Comercio Internacional y Culto (ISEN), firmaron un convenio para compartir conocimientos con agregados comerciales y culturales de al menos 50 embajadas argentinas por el mundo sobre las caracter\u00edsticas culturales, hist\u00f3ricas, geogr\u00e1ficas y de estructura productiva de la vid en Argentina. El objetivo es poner en valor a todos los productos exportables derivados de la vitivinicultura, como son el vino fraccionado y a granel, el jugo concentrado de uva, pasas y uvas en frescos, entre otros.<\/strong><\/em><\/h4>\n\n\n\n<div style=\"height:20px\" aria-hidden=\"true\" class=\"wp-block-spacer\"><\/div>\n\n\n\n\n\n<div style=\"height:44px\" aria-hidden=\"true\" class=\"wp-block-spacer\"><\/div>\n\n\n\n<p>A partir del convenio entre el INV, la Coviar y el ISEN, la vitivinicultura argentina estar\u00e1 presente en la formaci\u00f3n de los agregados y consejeros comerciales y culturales del servicio exterior argentino. <\/p>\n\n\n\n<p>El ISEN es el organismo encargado de formar a toda la diplomacia argentina. Como instituto de formaci\u00f3n, es reconocido como un centro de educaci\u00f3n de alto nivel que constituye el organismo \u00fanico de selecci\u00f3n, formaci\u00f3n e incorporaci\u00f3n del personal para el cuerpo permanente activo del Servicio Exterior de la Naci\u00f3n. <\/p>\n\n\n\n<div style=\"height:20px\" aria-hidden=\"true\" class=\"wp-block-spacer\"><\/div>\n\n\n\n<div class=\"wp-block-image\"><figure class=\"aligncenter size-large is-resized\"><img loading=\"lazy\" decoding=\"async\" src=\"https:\/\/enolife.com.ar\/es\/wp-content\/uploads\/2021\/02\/400px-Concurso09-5p-4.jpg\" alt=\"\" class=\"wp-image-29090\" width=\"549\" height=\"362\" srcset=\"https:\/\/enolife.com.ar\/es\/wp-content\/uploads\/2021\/02\/400px-Concurso09-5p-4.jpg 400w, https:\/\/enolife.com.ar\/es\/wp-content\/uploads\/2021\/02\/400px-Concurso09-5p-4-300x198.jpg 300w\" sizes=\"auto, (max-width: 549px) 100vw, 549px\" \/><figcaption><em>Capacitaciones en el ISEN<\/em><\/figcaption><\/figure><\/div>\n\n\n\n<div style=\"height:20px\" aria-hidden=\"true\" class=\"wp-block-spacer\"><\/div>\n\n\n\n<p>El convenio de cooperaci\u00f3n tendr\u00e1 una duraci\u00f3n de cuatro a\u00f1os y tiene como objetivo contribuir al desarrollo de actividades de cooperaci\u00f3n institucional en materia de investigaci\u00f3n, asistencia t\u00e9cnica y acad\u00e9mica, capacitaci\u00f3n de recursos humanos y dem\u00e1s actividades complementarias destinadas al desarrollo conjunto de los recursos humanos de cada instituci\u00f3n. <\/p>\n\n\n\n<p>Dicha cooperaci\u00f3n podr\u00e1 traducirse en cursos, seminarios, conferencias, talleres, estudios, investigaciones, asistencia t\u00e9cnica y\/o asesoramiento o cualquier otra actividad que resulte conveniente para el cumplimiento de los fines mencionados. <\/p>\n\n\n\n<p>La Coviar coordinar\u00e1 la realizaci\u00f3n de actividades de capacitaci\u00f3n, las que podr\u00e1n incluir visitas in situ a sus instalaciones, cuando las condiciones sanitarias imperantes por el covid-19 lo permitan. La formaci\u00f3n, en formato virtual, alcanzar\u00e1 al menos a unas 50 embajadas de Argentina en todo el mundo. Las mismas estar\u00e1n a cargo de profesionales de reconocida trayectoria y experiencia en el tema, y los detalles de su organizaci\u00f3n y log\u00edstica ser\u00e1n coordinados entre las partes.<\/p>\n\n\n\n<p>La firma de los convenios sigue los objetivos y ejes del Plan Estrat\u00e9gico Vitivin\u00edcola (PEVI) en su actualizaci\u00f3n al 2030. <\/p>\n\n\n\n<p>Los convenios de cooperaci\u00f3n y articulaci\u00f3n fueron firmados por Eduardo Zua\u00edn, director del ISEN, Jos\u00e9 Alberto Zuccardi, presidente de Coviar, y Mart\u00edn Hinojosa, presidente del INV.<\/p>\n\n\n\n<div style=\"height:20px\" aria-hidden=\"true\" class=\"wp-block-spacer\"><\/div>\n\n\n\n<div class=\"wp-block-image\"><figure class=\"aligncenter size-large\"><img loading=\"lazy\" decoding=\"async\" width=\"698\" height=\"358\" src=\"https:\/\/enolife.com.ar\/es\/wp-content\/uploads\/2021\/02\/z210202c-7.jpg\" alt=\"\" class=\"wp-image-29088\" srcset=\"https:\/\/enolife.com.ar\/es\/wp-content\/uploads\/2021\/02\/z210202c-7.jpg 698w, https:\/\/enolife.com.ar\/es\/wp-content\/uploads\/2021\/02\/z210202c-7-300x154.jpg 300w, https:\/\/enolife.com.ar\/es\/wp-content\/uploads\/2021\/02\/z210202c-7-585x300.jpg 585w\" sizes=\"auto, (max-width: 698px) 100vw, 698px\" \/><figcaption><em>Mart\u00edn Hinojosa, Eduardo Zua\u00edn y Jos\u00e9 Alberto Zuccardi<\/em><\/figcaption><\/figure><\/div>\n\n\n\n<div style=\"height:20px\" aria-hidden=\"true\" class=\"wp-block-spacer\"><\/div>\n\n\n\n<p>\u201cLos acuerdos que hemos firmado esta tarde con los representantes del sector vitivin\u00edcola son el resultado de las instrucciones que nos diera el canciller Felipe Sol\u00e1 a las distintas \u00e1reas de la Canciller\u00eda de intensificar la cooperaci\u00f3n y la colaboraci\u00f3n con el empresariado argentino, como parte de la estrategia de inserci\u00f3n comercial de nuestro pa\u00eds en el mundo\u201d, afirm\u00f3 <strong>Eduardo Zua\u00edn<\/strong>&nbsp;luego de la firma.<\/p>\n\n\n\n<p>En ese sentido, el titular del ISEN destac\u00f3 la necesidad de capacitar al cuerpo consular y a la futura diplomacia sobre la estructura productiva de la Argentina y su oferta exportable: \u201cUno para defender y promover algo tiene que conocerlo. Entonces es importante que se conozca la producci\u00f3n vitivin\u00edcola nacional, los tipos de vinos y la diversidad de productos y regiones que ofrece la Argentina. Y se tienen que conocer las caracter\u00edsticas del mercado externo, qui\u00e9nes son nuestros competidores y las posibilidades que tenemos como pa\u00eds\u201d.<\/p>\n\n\n\n<p><strong>Mart\u00edn Hinojosa<\/strong>, presidente del INV, mencion\u00f3 que \u00abpor medio de estos convenios entre Canciller\u00eda, Coviar y el INV se logra potenciar uno de los objetivos que es mejorar la competitividad del vino argentino en el mercado externo y con ello aumentar las exportaciones de vino\u00bb.<\/p>\n\n\n\n<p>\u00abEsta es una oportunidad y un trabajo de suma importancia. El cuerpo consular representa al vino argentino en diversos puntos del mundo, son nuestros embajadores, y como tales deben capacitarse y conocer las bondades del nuestro vino, las regiones vitivin\u00edcolas, el suelo, el clima, las bodegas, etc. As\u00ed se potencia la comunicaci\u00f3n y el conocimiento de la marca en el mercado externo\u00bb, puntualiz\u00f3 Hinojosa. Y remarc\u00f3: \u00abEl INV como representante de la Organizaci\u00f3n Internacional de la Vi\u00f1a y el Vino (OIV) y del Grupo Mundial de Comercio debemos contribuir con el cuerpo de canciller\u00eda en la capacitaci\u00f3n t\u00e9cnica y en los tratados comerciales internacionales\u00bb.<\/p>\n\n\n\n<p>\u00abHoy las embajadas son verdaderas oficinas comerciales de Argentina en el mundo. Y como sector, tenemos el deber de contar lo que hacemos como industria, de capacitar. Y esta oportunidad de hacerlo a trav\u00e9s del ISEN y del INV es algo muy bueno. La vitivinicultura y su oferta exportable aporta a la facturaci\u00f3n del pa\u00eds, permite el ingreso de divisas, pero muchos m\u00e1s importante es que ayuda a la construcci\u00f3n de una marca pa\u00eds\u00bb, consider\u00f3 a su turno&nbsp;Jos\u00e9 A. \u00abPepe\u00bb Zuccardi.<\/p>\n\n\n\n<div style=\"height:20px\" aria-hidden=\"true\" class=\"wp-block-spacer\"><\/div>\n\n\n\n<p class=\"has-small-font-size\"><strong><em>Fuente: Coviar<\/em><\/strong><\/p>\n\n\n\n<div style=\"height:20px\" aria-hidden=\"true\" class=\"wp-block-spacer\"><\/div>\n","protected":false},"excerpt":{"rendered":"<p>El 11\/2, los titulares del Instituto Nacional de Vitivinicultura (INV), la Corporaci\u00f3n Vitivin\u00edcola Argentina (Coviar)&hellip;<\/p>\n","protected":false},"author":3,"featured_media":29087,"comment_status":"open","ping_status":"open","sticky":false,"template":"","format":"standard","meta":{"footnotes":""},"categories":[14],"tags":[],"class_list":["post-29043","post","type-post","status-publish","format-standard","has-post-thumbnail","hentry","category-news"],"_links":{"self":[{"href":"https:\/\/enolife.com.ar\/es\/wp-json\/wp\/v2\/posts\/29043","targetHints":{"allow":["GET"]}}],"collection":[{"href":"https:\/\/enolife.com.ar\/es\/wp-json\/wp\/v2\/posts"}],"about":[{"href":"https:\/\/enolife.com.ar\/es\/wp-json\/wp\/v2\/types\/post"}],"author":[{"embeddable":true,"href":"https:\/\/enolife.com.ar\/es\/wp-json\/wp\/v2\/users\/3"}],"replies":[{"embeddable":true,"href":"https:\/\/enolife.com.ar\/es\/wp-json\/wp\/v2\/comments?post=29043"}],"version-history":[{"count":0,"href":"https:\/\/enolife.com.ar\/es\/wp-json\/wp\/v2\/posts\/29043\/revisions"}],"wp:featuredmedia":[{"embeddable":true,"href":"https:\/\/enolife.com.ar\/es\/wp-json\/wp\/v2\/media\/29087"}],"wp:attachment":[{"href":"https:\/\/enolife.com.ar\/es\/wp-json\/wp\/v2\/media?parent=29043"}],"wp:term":[{"taxonomy":"category","embeddable":true,"href":"https:\/\/enolife.com.ar\/es\/wp-json\/wp\/v2\/categories?post=29043"},{"taxonomy":"post_tag","embeddable":true,"href":"https:\/\/enolife.com.ar\/es\/wp-json\/wp\/v2\/tags?post=29043"}],"curies":[{"name":"wp","href":"https:\/\/api.w.org\/{rel}","templated":true}]}}