{"id":28856,"date":"2021-02-11T16:50:59","date_gmt":"2021-02-11T16:50:59","guid":{"rendered":"http:\/\/enolife.com.ar\/es\/?p=28856"},"modified":"2021-02-12T14:48:33","modified_gmt":"2021-02-12T14:48:33","slug":"una-clase-de-yoga-para-parejas-entre-los-vinedos-de-chandon-por-el-dia-de-los-enamorados","status":"publish","type":"post","link":"https:\/\/enolife.com.ar\/es\/una-clase-de-yoga-para-parejas-entre-los-vinedos-de-chandon-por-el-dia-de-los-enamorados\/","title":{"rendered":"Una clase de yoga para parejas entre los vi\u00f1edos de Chandon, por el D\u00eda de los Enamorados"},"content":{"rendered":"\n<h4 class=\"wp-block-heading\"><em><strong>Desde hace ya 3 a\u00f1os, la periodista Alejandra Navarr\u00eda viene organizando una original propuesta que combina una pr\u00e1ctica saludable para el cuerpo y el esp\u00edritu con los magn\u00edficos paisajes vi\u00f1ateros de Mendoza, de la cual han disfrutado miles de mendocinos y turistas del vino. Este pr\u00f3ximo 13\/2, v\u00edspera del D\u00eda de los Enamorados, a las 19.30, contin\u00faa este circuito itinerante \u00abYoga por los Caminos del Vino\u00bb, en este caso con una motivaci\u00f3n especial: la actividad es especial para parejas. Habr\u00e1 una clase de yoga con ejercicios de respiraci\u00f3n, posturas f\u00edsicas y la posibilidad de aliviar tensiones y oxigenar la mente. Al final, para cerrar la noche, un c\u00f3ctel gourmet, todo en el ambiente natural de los jardines de Bodegas Chandon.<\/strong><\/em><\/h4>\n\n\n\n<div style=\"height:20px\" aria-hidden=\"true\" class=\"wp-block-spacer\"><\/div>\n\n\n<a href=\"https:\/\/www.irrigacion.gov.ar\/web\/\" aria-label=\"irrigaci\u00f3n-1700X500\"><img loading=\"lazy\" decoding=\"async\" src=\"https:\/\/enolife.com.ar\/es\/wp-content\/uploads\/2021\/02\/irrigacion-1700X500.gif\" alt=\"\"  width=\"1700\" height=\"500\"   \/><\/a>\n\n\n<div style=\"height:38px\" aria-hidden=\"true\" class=\"wp-block-spacer\"><\/div>\n\n\n\n<p>Adelant\u00e1ndose un d\u00eda al festejo del D\u00eda de los Enamorados, el programa que combina yoga y vino en parajes vitivin\u00edcolas ofrece una singular experiencia para vivenciar en pareja, el pr\u00f3ximo s\u00e1bado 13\/2 al anochecer en bodega Chandon.<\/p>\n\n\n\n<p>Seg\u00fan los consejos de Alejandra Navarr\u00eda y las pr\u00e1cticas de su profesora asociada Nancy Gil, el yoga en pareja ayuda a relajarse, reconectarse y reforzar la relaci\u00f3n  en los planos emocional, f\u00edsico y espiritual. <\/p>\n\n\n\n<div style=\"height:20px\" aria-hidden=\"true\" class=\"wp-block-spacer\"><\/div>\n\n\n\n<div class=\"wp-block-image\"><figure class=\"aligncenter size-large is-resized\"><img loading=\"lazy\" decoding=\"async\" src=\"https:\/\/enolife.com.ar\/es\/wp-content\/uploads\/2021\/02\/yoga-2.jpg\" alt=\"\" class=\"wp-image-28863\" width=\"663\" height=\"315\" srcset=\"https:\/\/enolife.com.ar\/es\/wp-content\/uploads\/2021\/02\/yoga-2.jpg 724w, https:\/\/enolife.com.ar\/es\/wp-content\/uploads\/2021\/02\/yoga-2-300x143.jpg 300w, https:\/\/enolife.com.ar\/es\/wp-content\/uploads\/2021\/02\/yoga-2-585x278.jpg 585w\" sizes=\"auto, (max-width: 663px) 100vw, 663px\" \/><figcaption><em>El festejo del D\u00eda de los Enamorados (o San Valent\u00edn) en 2020, en \u00abYoga por los Caminos del Vino\u00bb.<\/em><\/figcaption><\/figure><\/div>\n\n\n\n<div style=\"height:20px\" aria-hidden=\"true\" class=\"wp-block-spacer\"><\/div>\n\n\n\n<p>La experiencia estar\u00e1 acompa\u00f1ada con los sonidos de cuencos y mantras. Tras la actividad f\u00edsico-espiritual, los participantes podr\u00e1n disfrutar el siguiente men\u00fa:<\/p>\n\n\n\n<ul class=\"wp-block-list\"><li>Gazpacho de sand\u00eda <\/li><li>Pat\u00e9 de ave con tostines <\/li><li>Tr\u00edo de empanadas de carne y veggie <\/li><li>Sandwich rilette de cerdo <\/li><li>Barbacoa artesanal <\/li><li>Cebollas encurtidas y r\u00facula org\u00e1nica en pan&nbsp;de masa madre <\/li><li>Postre: mousse de chocolate blanco perfumado en rosas y p\u00e9talos en vaso corto, acompa\u00f1ado por galletas de <em>macarons<\/em> franc\u00e9s y espumantes Chandon.<\/li><\/ul>\n\n\n\n<p>La clase estar\u00e1 a cargo de la  profesora de yoga Nancy Gil. Con sonidos sutiles y la recepci\u00f3n del d\u00fao T\u00e1ndem, con su m\u00fasica en vivo, la velada busca convertirse en una creativa forma de celebrar el amor, en pareja o entre amigos.&nbsp;<\/p>\n\n\n\n<div style=\"height:20px\" aria-hidden=\"true\" class=\"wp-block-spacer\"><\/div>\n\n\n\n<figure class=\"wp-block-gallery columns-2 is-cropped wp-block-gallery-1 is-layout-flex wp-block-gallery-is-layout-flex\"><ul class=\"blocks-gallery-grid\"><li class=\"blocks-gallery-item\"><figure><img loading=\"lazy\" decoding=\"async\" width=\"900\" height=\"900\" src=\"https:\/\/enolife.com.ar\/es\/wp-content\/uploads\/2021\/02\/flyer.jpg\" alt=\"\" data-id=\"28860\" class=\"wp-image-28860\" srcset=\"https:\/\/enolife.com.ar\/es\/wp-content\/uploads\/2021\/02\/flyer.jpg 900w, https:\/\/enolife.com.ar\/es\/wp-content\/uploads\/2021\/02\/flyer-300x300.jpg 300w, https:\/\/enolife.com.ar\/es\/wp-content\/uploads\/2021\/02\/flyer-150x150.jpg 150w, https:\/\/enolife.com.ar\/es\/wp-content\/uploads\/2021\/02\/flyer-768x768.jpg 768w, https:\/\/enolife.com.ar\/es\/wp-content\/uploads\/2021\/02\/flyer-585x585.jpg 585w\" sizes=\"auto, (max-width: 900px) 100vw, 900px\" \/><\/figure><\/li><li class=\"blocks-gallery-item\"><figure><img loading=\"lazy\" decoding=\"async\" width=\"900\" height=\"900\" src=\"https:\/\/enolife.com.ar\/es\/wp-content\/uploads\/2021\/02\/flyer-2.jpg\" alt=\"\" data-id=\"28861\" class=\"wp-image-28861\" srcset=\"https:\/\/enolife.com.ar\/es\/wp-content\/uploads\/2021\/02\/flyer-2.jpg 900w, https:\/\/enolife.com.ar\/es\/wp-content\/uploads\/2021\/02\/flyer-2-300x300.jpg 300w, https:\/\/enolife.com.ar\/es\/wp-content\/uploads\/2021\/02\/flyer-2-150x150.jpg 150w, https:\/\/enolife.com.ar\/es\/wp-content\/uploads\/2021\/02\/flyer-2-768x768.jpg 768w, https:\/\/enolife.com.ar\/es\/wp-content\/uploads\/2021\/02\/flyer-2-585x585.jpg 585w\" sizes=\"auto, (max-width: 900px) 100vw, 900px\" \/><\/figure><\/li><\/ul><\/figure>\n\n\n\n<div style=\"height:30px\" aria-hidden=\"true\" class=\"wp-block-spacer\"><\/div>\n\n\n\n<div style=\"height:20px\" aria-hidden=\"true\" class=\"wp-block-spacer\"><\/div>\n\n\n\n<p><strong>D\u00eda y hora: <\/strong>S\u00e1bado 13 de febrero desde las 19.30 hs. Se ruega puntualidad. En caso de mal tiempo, la actividad se reprogramar\u00e1 para el d\u00eda siguiente, en caso de que las condiciones del mismo as\u00ed lo permitan.<\/p>\n\n\n\n<p><strong>Programa <\/strong><\/p>\n\n\n\n<ul class=\"wp-block-list\"><li>19.30 hs: Recepci\u00f3n y bienvenida con m\u00fasica en vivo de T\u00e1ndem.<\/li><li>20.00 hs: Clase de yoga integral en dupla dictada por Nancy Gil.<\/li><li>21.00 hs: C\u00f3ctel gourmet en los jardines con Chandon.<\/li><li>23.30 hs: Despedida.<\/li><\/ul>\n\n\n\n<p><strong>Valor de las entradas:<\/strong> $1.800 por persona. <\/p>\n\n\n\n<div style=\"height:20px\" aria-hidden=\"true\" class=\"wp-block-spacer\"><\/div>\n\n\n\n<p class=\"has-background has-luminous-vivid-amber-background-color\"><strong>Los cupos son limitados y las mismas se adquieren desde <a href=\"http:\/\/www.yogaporloscaminosdelvinocom.ar\">www.yogaporloscaminosdelvinocom.ar<\/a> a trav\u00e9s de la plataforma Eventbrite.<\/strong> <br><br><strong>M\u00e1s informaci\u00f3n: <a href=\"mailto:info@yogaporloscaminosdelvino.com.ar\">info@yogaporloscaminosdelvino.com.ar<\/a> o al +54 9 261 508 5438<\/strong><\/p>\n\n\n\n<div style=\"height:20px\" aria-hidden=\"true\" class=\"wp-block-spacer\"><\/div>\n\n\n\n<p>\u00abYoga por los Caminos del Vino\u00bb cuenta con el aval institucional del Gobierno de Mendoza; el Ministerio de Turismo y Cultura; Bodegas de Argentina; programa Wine in Moderation; CaminosdelVino.org; Fondo Vitivin\u00edcola y Alianza Mendocina de Yoga.&nbsp;<\/p>\n\n\n\n<div style=\"height:20px\" aria-hidden=\"true\" class=\"wp-block-spacer\"><\/div>\n\n\n\n<p class=\"has-medium-font-size\"><strong>Otras propuestas de Yoga por los Caminos del Vino para Febrero<\/strong><\/p>\n\n\n\n<div style=\"height:20px\" aria-hidden=\"true\" class=\"wp-block-spacer\"><\/div>\n\n\n\n<div class=\"wp-block-image\"><figure class=\"aligncenter size-large is-resized\"><img loading=\"lazy\" decoding=\"async\" src=\"https:\/\/enolife.com.ar\/es\/wp-content\/uploads\/2021\/02\/otras-propuestas-1024x1024.jpg\" alt=\"\" class=\"wp-image-28944\" width=\"501\" height=\"501\" srcset=\"https:\/\/enolife.com.ar\/es\/wp-content\/uploads\/2021\/02\/otras-propuestas-1024x1024.jpg 1024w, https:\/\/enolife.com.ar\/es\/wp-content\/uploads\/2021\/02\/otras-propuestas-300x300.jpg 300w, https:\/\/enolife.com.ar\/es\/wp-content\/uploads\/2021\/02\/otras-propuestas-150x150.jpg 150w, https:\/\/enolife.com.ar\/es\/wp-content\/uploads\/2021\/02\/otras-propuestas-768x768.jpg 768w, https:\/\/enolife.com.ar\/es\/wp-content\/uploads\/2021\/02\/otras-propuestas-585x585.jpg 585w, https:\/\/enolife.com.ar\/es\/wp-content\/uploads\/2021\/02\/otras-propuestas.jpg 1080w\" sizes=\"auto, (max-width: 501px) 100vw, 501px\" \/><\/figure><\/div>\n\n\n\n<div style=\"height:20px\" aria-hidden=\"true\" class=\"wp-block-spacer\"><\/div>\n\n\n\n<p style=\"background-color:#fcd9ec\" class=\"has-background has-text-align-center has-medium-font-size\"><strong>La historia del festejo: un joven sacerdote contra el poder<\/strong><\/p>\n\n\n\n<p style=\"background-color:#f7c2d6\" class=\"has-background\">El 14 de febrero se celebra en todo el mundo el d\u00eda de San Valent\u00edn o D\u00eda de los Enamorados, una jornada en la que las parejas se declaran su amor haci\u00e9ndose regalos. Pero, \u00bfcu\u00e1l es el origen de esta festividad tan singular? En una nota de National Geographic que invitamos a leer en <a href=\"https:\/\/historia.nationalgeographic.com.es\/a\/origen-historico-dia-san-valentin_15084\"><strong>\u00abHistoria de San Valent\u00edn\u00bb<\/strong><\/a>, el periodista Josep Gavald\u00e1 hace una s\u00edntesis de la historia que resulta interesante conocer.<br><br>El origen de la historia del personaje de Valent\u00edn se sit\u00faa en la Roma del siglo III, cuando el cristianismo comenzaba a extenderse. En esos momentos gobernaba el emperador Claudio II el G\u00f3tico, que promulg\u00f3 una ley por la cual prohib\u00eda casarse a los j\u00f3venes para que pudieran alistarse en el ej\u00e9rcito. Al no estar de acuerdo con dicha ley, un joven sacerdote llamado Valent\u00edn decidi\u00f3 desafiar la prohibici\u00f3n del emperador y empez\u00f3 a celebrar matrimonios en secreto entre j\u00f3venes enamorados, adem\u00e1s de lograr que muchos se convirtieran al cristianismo y asistir a los presos antes de ser torturados y ejecutados.<br><br>Tras ser descubierto, Valent\u00edn fue arrestado y confinado en una mazmorra, donde el oficial encargado de su custodia le ret\u00f3 a devolverle la vista a su hija Julia que hab\u00eda nacido ciega. El joven sacerdote acept\u00f3 el reto y en nombre de Dios devolvi\u00f3 la vista a la joven, con lo cual logr\u00f3 que el oficial y toda su familia se convirtieran al cristianismo. A pesar del milagro, Valent\u00edn sigui\u00f3 preso, y el 14 de febrero del a\u00f1o 269 fue lapidado y decapitado. La leyenda cuenta que Valent\u00edn, enamorado de Julia, envi\u00f3 una nota de despedida a la muchacha en la que firmaba: \u00abDe tu Valent\u00edn\u00bb, de ah\u00ed la expresi\u00f3n anglosajona con la que se firman las cartas de amor: \u00abFrom your Valentine\u00bb. Julia, agradecida, plant\u00f3 un almendro que dio hermosas flores rosadas junto a la tumba de su amado, de ah\u00ed el simbolismo de este \u00e1rbol para expresar el amor y la amistad duraderos.<\/p>\n\n\n\n<div style=\"height:51px\" aria-hidden=\"true\" class=\"wp-block-spacer\"><\/div>\n","protected":false},"excerpt":{"rendered":"<p>Desde hace ya 3 a\u00f1os, la periodista Alejandra Navarr\u00eda viene organizando una original propuesta que&hellip;<\/p>\n","protected":false},"author":3,"featured_media":28865,"comment_status":"open","ping_status":"open","sticky":false,"template":"","format":"standard","meta":{"footnotes":""},"categories":[11],"tags":[],"class_list":["post-28856","post","type-post","status-publish","format-standard","has-post-thumbnail","hentry","category-enoturismo"],"_links":{"self":[{"href":"https:\/\/enolife.com.ar\/es\/wp-json\/wp\/v2\/posts\/28856","targetHints":{"allow":["GET"]}}],"collection":[{"href":"https:\/\/enolife.com.ar\/es\/wp-json\/wp\/v2\/posts"}],"about":[{"href":"https:\/\/enolife.com.ar\/es\/wp-json\/wp\/v2\/types\/post"}],"author":[{"embeddable":true,"href":"https:\/\/enolife.com.ar\/es\/wp-json\/wp\/v2\/users\/3"}],"replies":[{"embeddable":true,"href":"https:\/\/enolife.com.ar\/es\/wp-json\/wp\/v2\/comments?post=28856"}],"version-history":[{"count":0,"href":"https:\/\/enolife.com.ar\/es\/wp-json\/wp\/v2\/posts\/28856\/revisions"}],"wp:featuredmedia":[{"embeddable":true,"href":"https:\/\/enolife.com.ar\/es\/wp-json\/wp\/v2\/media\/28865"}],"wp:attachment":[{"href":"https:\/\/enolife.com.ar\/es\/wp-json\/wp\/v2\/media?parent=28856"}],"wp:term":[{"taxonomy":"category","embeddable":true,"href":"https:\/\/enolife.com.ar\/es\/wp-json\/wp\/v2\/categories?post=28856"},{"taxonomy":"post_tag","embeddable":true,"href":"https:\/\/enolife.com.ar\/es\/wp-json\/wp\/v2\/tags?post=28856"}],"curies":[{"name":"wp","href":"https:\/\/api.w.org\/{rel}","templated":true}]}}