{"id":28281,"date":"2021-02-05T02:14:12","date_gmt":"2021-02-05T02:14:12","guid":{"rendered":"http:\/\/enolife.com.ar\/es\/?p=28281"},"modified":"2021-02-07T15:48:56","modified_gmt":"2021-02-07T15:48:56","slug":"este-viernes-5-2-siguen-las-degustaciones-con-musica-en-vivo-en-la-enoteca","status":"publish","type":"post","link":"https:\/\/enolife.com.ar\/es\/este-viernes-5-2-siguen-las-degustaciones-con-musica-en-vivo-en-la-enoteca\/","title":{"rendered":"Este viernes 5\/2 siguen las degustaciones con m\u00fasica en vivo en La Enoteca"},"content":{"rendered":"\n<h4 class=\"wp-block-heading\"><em><strong>Degustaciones de los mejores vinos mendocinos, m\u00fasica con artistas tocando en vivo y maridajes de sabores seguir\u00e1n durante todo el mes de febrero en La Enoteca, centro tem\u00e1tico del vino en Mendoza, dentro del Parque C\u00edvico y a 10 cuadras del kil\u00f3metro cero de la ciudad. <\/strong><\/em><\/h4>\n\n\n\n<div style=\"height:22px\" aria-hidden=\"true\" class=\"wp-block-spacer\"><\/div>\n\n\n\n\n\n<div style=\"height:68px\" aria-hidden=\"true\" class=\"wp-block-spacer\"><\/div>\n\n\n\n<p>Los dos ciclos armados para el disfrute de mendocinos y turistas nacionales mientras dure el verano son \u00abLa Enoteca Sunset\u00bb y \u00abVino en la Galer\u00eda\u00bb.<\/p>\n\n\n\n<div style=\"height:20px\" aria-hidden=\"true\" class=\"wp-block-spacer\"><\/div>\n\n\n\n<p class=\"has-medium-font-size\"><strong>Ciclo<\/strong> <strong>La Enoteca Sunset<\/strong><\/p>\n\n\n\n<p>Este ciclo consiste en el maridaje de vinos, sabores y m\u00fasica cada viernes de 20 a 23 hs.<\/p>\n\n\n\n<p>Este viernes 5 de febrero, se ofrece el \u00abEpisodio 2\u00bb, con las siguientes bodegas invitadas: Weinert, CarinaE, Al Este, Pacto Wines e I\u00fadica. <\/p>\n\n\n\n<p>Con la entrada, hay una degustaci\u00f3n de 5 vinos (uno por bodega), m\u00e1s un c\u00f3ctel maridado con un montado de remolacha asada, queso de cabra y pesto de albahaca, chipas con cremoso de morcilla y vegetales frescos, alb\u00f3ndigas pollo ahumado y matambre a la pizza.<br>Entradas (agotadas al 4\/1\/21): $650 en la Enoteca.<\/p>\n\n\n\n<div style=\"height:20px\" aria-hidden=\"true\" class=\"wp-block-spacer\"><\/div>\n\n\n\n<figure class=\"wp-block-gallery columns-2 is-cropped wp-block-gallery-1 is-layout-flex wp-block-gallery-is-layout-flex\"><ul class=\"blocks-gallery-grid\"><li class=\"blocks-gallery-item\"><figure><img loading=\"lazy\" decoding=\"async\" width=\"1024\" height=\"1024\" src=\"https:\/\/enolife.com.ar\/es\/wp-content\/uploads\/2021\/02\/142707278_1822950611198818_3107753367775107212_o-1024x1024.jpg\" alt=\"\" data-id=\"28368\" class=\"wp-image-28368\" srcset=\"https:\/\/enolife.com.ar\/es\/wp-content\/uploads\/2021\/02\/142707278_1822950611198818_3107753367775107212_o-1024x1024.jpg 1024w, https:\/\/enolife.com.ar\/es\/wp-content\/uploads\/2021\/02\/142707278_1822950611198818_3107753367775107212_o-300x300.jpg 300w, https:\/\/enolife.com.ar\/es\/wp-content\/uploads\/2021\/02\/142707278_1822950611198818_3107753367775107212_o-150x150.jpg 150w, https:\/\/enolife.com.ar\/es\/wp-content\/uploads\/2021\/02\/142707278_1822950611198818_3107753367775107212_o-768x768.jpg 768w, https:\/\/enolife.com.ar\/es\/wp-content\/uploads\/2021\/02\/142707278_1822950611198818_3107753367775107212_o-585x585.jpg 585w, https:\/\/enolife.com.ar\/es\/wp-content\/uploads\/2021\/02\/142707278_1822950611198818_3107753367775107212_o.jpg 1080w\" sizes=\"auto, (max-width: 1024px) 100vw, 1024px\" \/><\/figure><\/li><li class=\"blocks-gallery-item\"><figure><img loading=\"lazy\" decoding=\"async\" width=\"1024\" height=\"1024\" src=\"https:\/\/enolife.com.ar\/es\/wp-content\/uploads\/2021\/02\/142722317_1822950554532157_3619832049846182415_o-1024x1024.jpg\" alt=\"\" data-id=\"28369\" class=\"wp-image-28369\" srcset=\"https:\/\/enolife.com.ar\/es\/wp-content\/uploads\/2021\/02\/142722317_1822950554532157_3619832049846182415_o-1024x1024.jpg 1024w, https:\/\/enolife.com.ar\/es\/wp-content\/uploads\/2021\/02\/142722317_1822950554532157_3619832049846182415_o-300x300.jpg 300w, https:\/\/enolife.com.ar\/es\/wp-content\/uploads\/2021\/02\/142722317_1822950554532157_3619832049846182415_o-150x150.jpg 150w, https:\/\/enolife.com.ar\/es\/wp-content\/uploads\/2021\/02\/142722317_1822950554532157_3619832049846182415_o-768x768.jpg 768w, https:\/\/enolife.com.ar\/es\/wp-content\/uploads\/2021\/02\/142722317_1822950554532157_3619832049846182415_o-585x585.jpg 585w, https:\/\/enolife.com.ar\/es\/wp-content\/uploads\/2021\/02\/142722317_1822950554532157_3619832049846182415_o.jpg 1080w\" sizes=\"auto, (max-width: 1024px) 100vw, 1024px\" \/><\/figure><\/li><\/ul><\/figure>\n\n\n\n<div style=\"height:20px\" aria-hidden=\"true\" class=\"wp-block-spacer\"><\/div>\n\n\n\n<p>El <strong>Episodio 3 tendr\u00e1 lugar el 19 de febrero<\/strong> (entradas disponibles). Las bodegas que estar\u00e1n presentes ser\u00e1n Marioneta Wines, Luna Roja, Vi\u00f1a Las Perdices, Familia Cecchin y Clos de Chacras. A las cinco degustaciones de vino (uno de cada bodega) y un c\u00f3ctel especial de verano se suma el maridaje con empanadas de queso, humita de camar\u00f3n, boconccinos con zucchinis y vegetales y sopaipilla con punta espalda.<br>Entradas: $650 en la Enoteca.<\/p>\n\n\n\n<div style=\"height:20px\" aria-hidden=\"true\" class=\"wp-block-spacer\"><\/div>\n\n\n\n<div class=\"wp-block-image\"><figure class=\"aligncenter size-large is-resized\"><img loading=\"lazy\" decoding=\"async\" src=\"https:\/\/enolife.com.ar\/es\/wp-content\/uploads\/2021\/02\/https___cdn.evbuc_.com_images_123697639_220949110526_1_original.jpg\" alt=\"\" class=\"wp-image-28365\" width=\"494\" height=\"247\" srcset=\"https:\/\/enolife.com.ar\/es\/wp-content\/uploads\/2021\/02\/https___cdn.evbuc_.com_images_123697639_220949110526_1_original.jpg 800w, https:\/\/enolife.com.ar\/es\/wp-content\/uploads\/2021\/02\/https___cdn.evbuc_.com_images_123697639_220949110526_1_original-300x150.jpg 300w, https:\/\/enolife.com.ar\/es\/wp-content\/uploads\/2021\/02\/https___cdn.evbuc_.com_images_123697639_220949110526_1_original-768x384.jpg 768w, https:\/\/enolife.com.ar\/es\/wp-content\/uploads\/2021\/02\/https___cdn.evbuc_.com_images_123697639_220949110526_1_original-585x293.jpg 585w\" sizes=\"auto, (max-width: 494px) 100vw, 494px\" \/><\/figure><\/div>\n\n\n\n<div style=\"height:20px\" aria-hidden=\"true\" class=\"wp-block-spacer\"><\/div>\n\n\n\n<p class=\"has-medium-font-size\"><strong>Ciclo Vino en la Galer\u00eda<\/strong><\/p>\n\n\n\n<p>Todos los <strong>mi\u00e9rcoles <\/strong>del mes, de<strong> 20 a 22<\/strong> <strong>hs<\/strong>., se ofrecen degustaciones y m\u00fasica en vivo, con food trucks ubicados en la galer\u00eda de La Enoteca. El costo de la entrada es de $ 300 e incluye degustaci\u00f3n de tres vinos y un c\u00f3ctel de bienvenida.<\/p>\n\n\n\n<p>El <strong>mi\u00e9rcoles 10<\/strong> habr\u00e1 vinos de Mauricio Lorca Wines, Mandala Wines y Destino Malbec. El combo ideal se completa con la m\u00fasica caribe\u00f1a de Mail\u00e9n Obrador P\u00farpora, la gastronom\u00eda de India Food Truck y la propuesta de vino en barril de Calle Lafi. Entradas disponibles, por internet (eventbrite) y en la misma Enoteca.<\/p>\n\n\n\n<div style=\"height:20px\" aria-hidden=\"true\" class=\"wp-block-spacer\"><\/div>\n\n\n\n<div class=\"wp-block-image\"><figure class=\"aligncenter size-large is-resized\"><img loading=\"lazy\" decoding=\"async\" src=\"https:\/\/enolife.com.ar\/es\/wp-content\/uploads\/2021\/02\/https___cdn.evbuc_.com_images_123699233_220949110526_1_original.jpg\" alt=\"\" class=\"wp-image-28362\" width=\"482\" height=\"241\" srcset=\"https:\/\/enolife.com.ar\/es\/wp-content\/uploads\/2021\/02\/https___cdn.evbuc_.com_images_123699233_220949110526_1_original.jpg 800w, https:\/\/enolife.com.ar\/es\/wp-content\/uploads\/2021\/02\/https___cdn.evbuc_.com_images_123699233_220949110526_1_original-300x150.jpg 300w, https:\/\/enolife.com.ar\/es\/wp-content\/uploads\/2021\/02\/https___cdn.evbuc_.com_images_123699233_220949110526_1_original-768x384.jpg 768w, https:\/\/enolife.com.ar\/es\/wp-content\/uploads\/2021\/02\/https___cdn.evbuc_.com_images_123699233_220949110526_1_original-585x293.jpg 585w\" sizes=\"auto, (max-width: 482px) 100vw, 482px\" \/><\/figure><\/div>\n\n\n\n<div style=\"height:20px\" aria-hidden=\"true\" class=\"wp-block-spacer\"><\/div>\n\n\n\n<p>El <strong>mi\u00e9rcoles 17<\/strong>, el recorrido de vinos comienza con un rosado de Familia Morcos, sigue con un ancellotta de Corbeau Wines y finaliza con un tinto de uvas criollas de la Bodega Comunitaria Los Amaichas. A esto se sumado el folklore contempor\u00e1neo de Daniela Trovati, las delicias de Zero Gluten Food Truck y los c\u00f3cteles de Vintruck. Entradas disponibles en la Enoteca.<\/p>\n\n\n\n<div style=\"height:20px\" aria-hidden=\"true\" class=\"wp-block-spacer\"><\/div>\n\n\n\n<div class=\"wp-block-image\"><figure class=\"aligncenter size-large is-resized\"><img loading=\"lazy\" decoding=\"async\" src=\"https:\/\/enolife.com.ar\/es\/wp-content\/uploads\/2021\/02\/https___cdn.evbuc_.com_images_123699609_220949110526_1_original.jpg\" alt=\"\" class=\"wp-image-28363\" width=\"510\" height=\"255\" srcset=\"https:\/\/enolife.com.ar\/es\/wp-content\/uploads\/2021\/02\/https___cdn.evbuc_.com_images_123699609_220949110526_1_original.jpg 800w, https:\/\/enolife.com.ar\/es\/wp-content\/uploads\/2021\/02\/https___cdn.evbuc_.com_images_123699609_220949110526_1_original-300x150.jpg 300w, https:\/\/enolife.com.ar\/es\/wp-content\/uploads\/2021\/02\/https___cdn.evbuc_.com_images_123699609_220949110526_1_original-768x384.jpg 768w, https:\/\/enolife.com.ar\/es\/wp-content\/uploads\/2021\/02\/https___cdn.evbuc_.com_images_123699609_220949110526_1_original-585x293.jpg 585w\" sizes=\"auto, (max-width: 510px) 100vw, 510px\" \/><\/figure><\/div>\n\n\n\n<div style=\"height:20px\" aria-hidden=\"true\" class=\"wp-block-spacer\"><\/div>\n\n\n\n<p>El <strong>mi\u00e9rcoles 24 <\/strong>de febrero participan las bodegas Vistandes, Vi\u00f1a Las Perdices y Famiglia Banno. La m\u00fasica en vivo estar\u00e1 animada por el D\u00fao Melisa Budini y Leticia Bibiloni, la gastronom\u00eda provista por Alles Gut y los c\u00f3cteles refrescantes a cargo de de Calle Lafi. Entradas en venta en la Enoteca.<\/p>\n\n\n\n<div style=\"height:20px\" aria-hidden=\"true\" class=\"wp-block-spacer\"><\/div>\n\n\n\n<div class=\"wp-block-image\"><figure class=\"aligncenter size-large is-resized\"><img loading=\"lazy\" decoding=\"async\" src=\"https:\/\/enolife.com.ar\/es\/wp-content\/uploads\/2021\/02\/https___cdn.evbuc_.com_images_123699925_220949110526_1_original.jpg\" alt=\"\" class=\"wp-image-28364\" width=\"489\" height=\"245\" srcset=\"https:\/\/enolife.com.ar\/es\/wp-content\/uploads\/2021\/02\/https___cdn.evbuc_.com_images_123699925_220949110526_1_original.jpg 800w, https:\/\/enolife.com.ar\/es\/wp-content\/uploads\/2021\/02\/https___cdn.evbuc_.com_images_123699925_220949110526_1_original-300x150.jpg 300w, https:\/\/enolife.com.ar\/es\/wp-content\/uploads\/2021\/02\/https___cdn.evbuc_.com_images_123699925_220949110526_1_original-768x384.jpg 768w, https:\/\/enolife.com.ar\/es\/wp-content\/uploads\/2021\/02\/https___cdn.evbuc_.com_images_123699925_220949110526_1_original-585x293.jpg 585w\" sizes=\"auto, (max-width: 489px) 100vw, 489px\" \/><\/figure><\/div>\n\n\n\n<div style=\"height:20px\" aria-hidden=\"true\" class=\"wp-block-spacer\"><\/div>\n\n\n\n<p>Cada encuentro de \u00abVino en la Galer\u00eda\u00bb tiene un costo de $ 300, con la opci\u00f3n de adquirir el pasaporte para todos los episodios a un precio promocional de $ 1.000. <\/p>\n\n\n\n<p><strong>M\u00e1s informaci\u00f3n, v\u00eda whatsapp  al +54 9 261 6595405 o v\u00eda mail a <a href=\"mailto:coordinacion@laenoteca.com.ar\">coordinacion@laenoteca.com.ar<\/a><\/strong><\/p>\n\n\n\n<p class=\"has-background has-luminous-vivid-amber-background-color\"><strong>Adquirir entradas: <a href=\"https:\/\/www.eventbrite.com.ar\/e\/pasaporte-febrero-en-la-enoteca-tickets-138281079431?aff=odeimcmailchimp&amp;mc_eid=c8feb6be5f&amp;mc_cid=4d66a54ed1\">Vino en la galer\u00eda y Sunset en La Enoteca <\/a><\/strong><\/p>\n","protected":false},"excerpt":{"rendered":"<p>Degustaciones de los mejores vinos mendocinos, m\u00fasica con artistas tocando en vivo y maridajes de&hellip;<\/p>\n","protected":false},"author":3,"featured_media":28371,"comment_status":"open","ping_status":"open","sticky":false,"template":"","format":"standard","meta":{"footnotes":""},"categories":[11],"tags":[],"class_list":["post-28281","post","type-post","status-publish","format-standard","has-post-thumbnail","hentry","category-enoturismo"],"_links":{"self":[{"href":"https:\/\/enolife.com.ar\/es\/wp-json\/wp\/v2\/posts\/28281","targetHints":{"allow":["GET"]}}],"collection":[{"href":"https:\/\/enolife.com.ar\/es\/wp-json\/wp\/v2\/posts"}],"about":[{"href":"https:\/\/enolife.com.ar\/es\/wp-json\/wp\/v2\/types\/post"}],"author":[{"embeddable":true,"href":"https:\/\/enolife.com.ar\/es\/wp-json\/wp\/v2\/users\/3"}],"replies":[{"embeddable":true,"href":"https:\/\/enolife.com.ar\/es\/wp-json\/wp\/v2\/comments?post=28281"}],"version-history":[{"count":0,"href":"https:\/\/enolife.com.ar\/es\/wp-json\/wp\/v2\/posts\/28281\/revisions"}],"wp:featuredmedia":[{"embeddable":true,"href":"https:\/\/enolife.com.ar\/es\/wp-json\/wp\/v2\/media\/28371"}],"wp:attachment":[{"href":"https:\/\/enolife.com.ar\/es\/wp-json\/wp\/v2\/media?parent=28281"}],"wp:term":[{"taxonomy":"category","embeddable":true,"href":"https:\/\/enolife.com.ar\/es\/wp-json\/wp\/v2\/categories?post=28281"},{"taxonomy":"post_tag","embeddable":true,"href":"https:\/\/enolife.com.ar\/es\/wp-json\/wp\/v2\/tags?post=28281"}],"curies":[{"name":"wp","href":"https:\/\/api.w.org\/{rel}","templated":true}]}}