{"id":2823,"date":"2019-09-05T17:33:41","date_gmt":"2019-09-05T17:33:41","guid":{"rendered":"http:\/\/enolife.com.ar\/es\/?p=2823"},"modified":"2019-09-11T04:27:25","modified_gmt":"2019-09-11T04:27:25","slug":"la-historia-y-cultura-del-vino-de-mendoza-en-uno-de-los-museos-tematicos-mas-importantes-del-mundo","status":"publish","type":"post","link":"https:\/\/enolife.com.ar\/es\/la-historia-y-cultura-del-vino-de-mendoza-en-uno-de-los-museos-tematicos-mas-importantes-del-mundo\/","title":{"rendered":"La historia y cultura del vino de Mendoza, en uno de los museos tem\u00e1ticos m\u00e1s importantes del mundo"},"content":{"rendered":"\n<h4 class=\"wp-block-heading\"><em><strong>En la&nbsp;<\/strong><\/em><strong>Cit\u00e9 du Vin<\/strong><em><strong>&nbsp;de Burdeos, Francia, Argentina es el pa\u00eds invitado en la muestra que se inaugur\u00f3 el 5 de setiembre y podr\u00e1 ser visitada por turistas de todo el planeta hasta el 17 de noviembre.<\/strong><\/em><\/h4>\n\n\n\n<hr class=\"wp-block-separator\"\/>\n\n\n\n<h4 class=\"wp-block-heading\"><em><strong>La puesta en escena recorre nuestra cultura vitivin\u00edcola desde 1853, cuando el ingeniero franc\u00e9s Michel Aim\u00e9 Pouget introdujo la cepa malbec en Mendoza, hasta la actualidad, a trav\u00e9s de una experiencia multisensorial y participativa. <\/strong><\/em><\/h4>\n\n\n\n<div style=\"height:28px\" aria-hidden=\"true\" class=\"wp-block-spacer\"><\/div>\n\n\n\n<p>En la segunda mitad del siglo XIX, el ingeniero agr\u00f3nomo franc\u00e9s Michel Pouget introdujo la variedad de uva malbec a la provincia argentina de Mendoza, en la regi\u00f3n de Cuyo. El destino, pero principalmente el suelo mendocino, hicieron que esa cepa se transformara en la marca insignia de los vinos argentinos y en el motor clave para el desarrollo de la vitivinicultura en nuestro pa\u00eds.<\/p>\n\n\n\n<p>Este suceso ic\u00f3nico, junto a otros hechos destacados que marcaron la historia del vino en Argentina, se exponen de una forma din\u00e1mica, interactiva y educativa en la&nbsp;<em>Cit\u00e9 du Vin<\/em>, uno de los museos m\u00e1s prestigiosos del mundo en materia de vinos, ubicado en la ciudad de Burdeos, Francia. El trabajo, denominado \u201cArgentina, tierras de contrastes\u201d, puede ser visto en la sala de exposiciones temporaria hasta el 17 de noviembre de este a\u00f1o.<\/p>\n\n\n\n<p>\u201cLa presencia de Argentina en el Museo del Vino de Burdeos contribuir\u00e1 para posicionar nuestro producto enotur\u00edstico en el mundo. Contamos con una larga tradici\u00f3n vin\u00edcola, que se desarrolla en las seis regiones de nuestro pa\u00eds. Invitamos a los viajeros de Francia y del resto del mundo a recorrer nuestro espacio en el museo y a vivir la experiencia en Argentina\u201d, se\u00f1al\u00f3 el d\u00eda de la inauguraci\u00f3n el secretario de Turismo de la Naci\u00f3n, Gustavo Santos.<\/p>\n\n\n\n<div style=\"height:20px\" aria-hidden=\"true\" class=\"wp-block-spacer\"><\/div>\n\n\n\n<figure><iframe loading=\"lazy\" width=\"850\" height=\"315\" src=\"https:\/\/www.youtube.com\/embed\/ctzfkGlBXcI\" allowfullscreen=\"\"><\/iframe><\/figure>\n\n\n\n<div style=\"height:20px\" aria-hidden=\"true\" class=\"wp-block-spacer\"><\/div>\n\n\n\n<p>El dise\u00f1o de la sala fue pensado con la idea de transportar a aquellos que la visiten en un viaje multisensorial por el territorio nacional, con el objetivo de poder mostrarle al visitante que Argentina posee un amplia variedad de alternativas a la hora de conocer y tomar un vino, m\u00e1s all\u00e1 del codiciado malbec.<\/p>\n\n\n\n<div style=\"height:20px\" aria-hidden=\"true\" class=\"wp-block-spacer\"><\/div>\n\n\n\n<p class=\"has-background has-pale-pink-background-color\">El recorrido est\u00e1 inspirado en diferentes ejes: la juventud e historia de la vitivinicultura argentina; los diferentes estilos de vinos que responden a su diversidad de geograf\u00edas; la arquitectura de bodegas que respeta a la naturaleza; la influencia del inmigrante; y dos rincones dedicados a nuestras populares cepas, malbec como leyenda, y torront\u00e9s como la reina de las blancas.<\/p>\n\n\n\n<div style=\"height:20px\" aria-hidden=\"true\" class=\"wp-block-spacer\"><\/div>\n\n\n\n<p>Diversos elementos de la naturaleza son los protagonistas que cuentan en cada etapa de este viaje las caracter\u00edsticas de cada regi\u00f3n y c\u00f3mo influyen en los vinos y su gastronom\u00eda, sin dejar de lado los aspectos culturales.<\/p>\n\n\n\n<p>Las piezas expuestas son las responsables de guiar y educar en el recorrido: la pureza del agua, la altitud, los diversos tipos de suelo, la imponente monta\u00f1a, la estepa, los glaciares, el desierto, la selva, el mar y el sol. Celebraciones, mitos y leyendas hacen de este recorrido un viaje inolvidable.<\/p>\n\n\n\n<div style=\"height:20px\" aria-hidden=\"true\" class=\"wp-block-spacer\"><\/div>\n\n\n\n<div class=\"wp-block-image\"><figure class=\"alignright is-resized\"><img loading=\"lazy\" decoding=\"async\" src=\"http:\/\/prensa.wp1.mendoza.gov.ar\/wp-content\/uploads\/sites\/5\/2019\/09\/ExpoArgentine.13.08.19.HD-%C2%AEANAKA-74-700x467.jpg\" alt=\"\" width=\"401\" height=\"267\"\/><\/figure><\/div>\n\n\n\n<p>\u201cLa exposici\u00f3n&nbsp;<em>Argentina Tierras de Contrastes<\/em>&nbsp;ofrece a los visitantes un viaje totalmente inmersivo al coraz\u00f3n de Argentina. El viaje comienza con una descripci\u00f3n de las principales caracter\u00edsticas del pa\u00eds, tanto geogr\u00e1ficas como culturales. Luego, los visitantes se detendr\u00e1n en cada una de las seis principales regiones vin\u00edcolas, descubriendo sus caracter\u00edsticas culturales, hist\u00f3ricas, gastron\u00f3micas y por supuesto, enol\u00f3gicas. Norte, Cuyo, Patagonia, Litoral, C\u00f3rdoba y Buenos Aires conforman este viaje que termina con grandes instalaciones multimedia. A lo largo del recorrido se estimulan los sentidos, permitiendo a los visitantes captar toda la diversidad y riqueza del pa\u00eds\u201d, describi\u00f3 la presidenta del Ente Mendoza Turismo (Emetur), Gabriela Testa, presente en la inauguraci\u00f3n oficial de la muestra.<\/p>\n\n\n\n<div style=\"height:50px\" aria-hidden=\"true\" class=\"wp-block-spacer\"><\/div>\n\n\n\n<div class=\"wp-block-image\"><figure class=\"aligncenter\"><img decoding=\"async\" src=\"http:\/\/prensa.wp1.mendoza.gov.ar\/wp-content\/uploads\/sites\/5\/2019\/09\/d1055470-76cf-4075-9c72-41fffc53d958-700x331.jpg\" alt=\"\"\/><\/figure><\/div>\n\n\n\n<div style=\"height:20px\" aria-hidden=\"true\" class=\"wp-block-spacer\"><\/div>\n\n\n\n<p>La funcionaria mendocina estuvo acompa\u00f1ada por los directivos del museo anfitri\u00f3n, por la directora de Desarrollo Tur\u00edstico de Mendoza, Cristina Mengarelli, autoridades de la Secretar\u00eda de Turismo de la Naci\u00f3n, del Instituto Nacional de Promoci\u00f3n Tur\u00edstica y de la C\u00e1mara Argentina de Turismo.<\/p>\n\n\n\n<div style=\"height:20px\" aria-hidden=\"true\" class=\"wp-block-spacer\"><\/div>\n\n\n\n<p class=\"has-medium-font-size\"><strong>Mendoza, una de las Grandes Capitales del Vino del Mundo<\/strong><\/p>\n\n\n\n<div style=\"height:20px\" aria-hidden=\"true\" class=\"wp-block-spacer\"><\/div>\n\n\n\n<div class=\"wp-block-image\"><figure class=\"alignleft is-resized\"><img loading=\"lazy\" decoding=\"async\" src=\"http:\/\/prensa.wp1.mendoza.gov.ar\/wp-content\/uploads\/sites\/5\/2019\/09\/ExpoArgentine.13.08.19.HD-%C2%AEANAKA-22-700x467.jpg\" alt=\"\" width=\"367\" height=\"244\"\/><\/figure><\/div>\n\n\n\n<p>La secci\u00f3n 3 de la muestra corresponde a la regi\u00f3n Cuyo, que agrupa a las provincias de Mendoza, San Juan y San Luis y es conocida por la imponente presencia de la cordillera de los Andes. Con sus monta\u00f1as cubiertas de nieve durante todo el a\u00f1o, fincas y vi\u00f1edos que forman parte de paisajes \u00fanicos, edificios tanto hist\u00f3ricos como modernos, huertos que alimentar\u00e1n a los comensales de la bodega, Cuyo no es s\u00f3lo la principal regi\u00f3n vitivin\u00edcola de Argentina, el hogar del malbec, sino tambi\u00e9n una tierra de celebraciones de vino y sol. Estas riquezas se dan a conocer en la muestra a trav\u00e9s de un mapa interactivo de gran formato y de elementos expuestos como los atributos de la reina nacional de la Vendimia y hasta una reproducci\u00f3n de la Virgen de la Carrodilla, Patrona de los Vi\u00f1edos de Mendoza.<\/p>\n\n\n\n<div style=\"height:20px\" aria-hidden=\"true\" class=\"wp-block-spacer\"><\/div>\n\n\n\n<p class=\"has-background has-pale-pink-background-color\">Cabe recordar que Mendoza produce el 70% del vino argentino y que en la provincia hay m\u00e1s de 150 bodegas abiertas al turismo con actividades, como degustaciones, almuerzos, muestras de arte, conciertos, cabalgatas y bicicletas. Adem\u00e1s, la posibilidad de cosechar o podar seg\u00fan la \u00e9poca del a\u00f1o y hasta de hacer un&nbsp;<em>blend<\/em>&nbsp;propio o de ver una pel\u00edcula entre vi\u00f1edos con una copa en mano, entre muchas otras opciones.<\/p>\n\n\n\n<div style=\"height:20px\" aria-hidden=\"true\" class=\"wp-block-spacer\"><\/div>\n\n\n\n<p class=\"has-medium-font-size\"><strong>Argentina, pa\u00eds invitado con sus vinos del Nuevo Mundo<\/strong><\/p>\n\n\n\n<div style=\"height:20px\" aria-hidden=\"true\" class=\"wp-block-spacer\"><\/div>\n\n\n\n<p>Despu\u00e9s de haber celebrado los vi\u00f1edos de Georgia (2017) y del valle del Duero, Espa\u00f1a (2018), la&nbsp;<em>Cit\u00e9 du Vin<\/em>&nbsp;acoge a Argentina para su exposici\u00f3n temporal como regi\u00f3n vin\u00edcola invitada.<\/p>\n\n\n\n<p>Cada a\u00f1o, la Fundaci\u00f3n para la Cultura y Civilizaciones del Vino brinda a una regi\u00f3n o pa\u00eds vitivin\u00edcola asociado la oportunidad de presentar su patrimonio vitivin\u00edcola. \u201cEl objetivo es dejar que el p\u00fablico descubra un gran pa\u00eds del vino desde el punto de vista de su cultura y civilizaci\u00f3n, a trav\u00e9s de una exposici\u00f3n original acompa\u00f1ada de numerosos eventos culturales. \u201c\u00a1Estamos encantados de que Argentina sea \u200b\u200bnuestra tercera regi\u00f3n vin\u00edcola invitada!\u201d, asegura Philippe Massol, director general del museo.<\/p>\n\n\n\n<p class=\"has-small-font-size\"><em>Fuente: Gobierno de Mendoza<\/em><\/p>\n","protected":false},"excerpt":{"rendered":"<p>En la&nbsp;Cit\u00e9 du Vin&nbsp;de Burdeos, Francia, Argentina es el pa\u00eds invitado en la muestra que&hellip;<\/p>\n","protected":false},"author":3,"featured_media":2828,"comment_status":"open","ping_status":"open","sticky":false,"template":"","format":"standard","meta":{"footnotes":""},"categories":[11],"tags":[],"class_list":["post-2823","post","type-post","status-publish","format-standard","has-post-thumbnail","hentry","category-enoturismo"],"_links":{"self":[{"href":"https:\/\/enolife.com.ar\/es\/wp-json\/wp\/v2\/posts\/2823","targetHints":{"allow":["GET"]}}],"collection":[{"href":"https:\/\/enolife.com.ar\/es\/wp-json\/wp\/v2\/posts"}],"about":[{"href":"https:\/\/enolife.com.ar\/es\/wp-json\/wp\/v2\/types\/post"}],"author":[{"embeddable":true,"href":"https:\/\/enolife.com.ar\/es\/wp-json\/wp\/v2\/users\/3"}],"replies":[{"embeddable":true,"href":"https:\/\/enolife.com.ar\/es\/wp-json\/wp\/v2\/comments?post=2823"}],"version-history":[{"count":0,"href":"https:\/\/enolife.com.ar\/es\/wp-json\/wp\/v2\/posts\/2823\/revisions"}],"wp:featuredmedia":[{"embeddable":true,"href":"https:\/\/enolife.com.ar\/es\/wp-json\/wp\/v2\/media\/2828"}],"wp:attachment":[{"href":"https:\/\/enolife.com.ar\/es\/wp-json\/wp\/v2\/media?parent=2823"}],"wp:term":[{"taxonomy":"category","embeddable":true,"href":"https:\/\/enolife.com.ar\/es\/wp-json\/wp\/v2\/categories?post=2823"},{"taxonomy":"post_tag","embeddable":true,"href":"https:\/\/enolife.com.ar\/es\/wp-json\/wp\/v2\/tags?post=2823"}],"curies":[{"name":"wp","href":"https:\/\/api.w.org\/{rel}","templated":true}]}}