{"id":27739,"date":"2021-01-27T01:11:15","date_gmt":"2021-01-27T01:11:15","guid":{"rendered":"http:\/\/enolife.com.ar\/es\/?p=27739"},"modified":"2021-02-02T18:21:17","modified_gmt":"2021-02-02T18:21:17","slug":"para-la-sociedad-rural-de-valle-de-uco-el-kg-de-uva-malbec-deberia-valer-77","status":"publish","type":"post","link":"https:\/\/enolife.com.ar\/es\/para-la-sociedad-rural-de-valle-de-uco-el-kg-de-uva-malbec-deberia-valer-77\/","title":{"rendered":"Para la Sociedad Rural de Valle de Uco, el kg de uva malbec deber\u00eda valer $77"},"content":{"rendered":"\n<h4 class=\"wp-block-heading\"><em><strong>EL 25\/1 la Confederaci\u00f3n Rural Argentina (CRA) emiti\u00f3 un comunicado denunciando la falta de rentabilidad de los productores vitivin\u00edcolas del Valle de Uco, en especial de los que se dedican a cultivar el varietal malbec. La Sociedad Rural del Valle de Uco -que agrupa a 630 productores de uva, frutas y hortalizas y es presidida por Mario Leiva-, encarg\u00f3 un estudio al economista Mat\u00edas Lestani, de la CRA, el cual concluy\u00f3 que el precio actual del varietal insignia de Argentina deber\u00eda estar en los 77 pesos. <\/strong><\/em><\/h4>\n\n\n\n<h4 class=\"wp-block-heading\"><em><strong>Cabe consignar que el a\u00f1o pasado para esta misma \u00e9poca, el dirigente Leiva ped\u00eda -en declaraciones a diario Los Andes- un precio de $40 para el kg de malbec, frente a los $26 reales que se estaban pagando a principios de la cosecha. Otro dato de inter\u00e9s es que en 2019 el precio promedio que los bodegueros pagaron por la uva malbec fue de $20. En sinton\u00eda con estos reclamos, hace d\u00edas la Asociaci\u00f3n de Vi\u00f1ateros de Mendoza solicit\u00f3 un precio de $45 para el kilo de malbec de las zonas altas, que incluyen al Valle de Uco. <\/strong><\/em><\/h4>\n\n\n\n<hr class=\"wp-block-separator\"\/>\n\n\n\n<div style=\"height:38px\" aria-hidden=\"true\" class=\"wp-block-spacer\"><\/div>\n\n\n\n\n\n<div style=\"height:20px\" aria-hidden=\"true\" class=\"wp-block-spacer\"><\/div>\n\n\n\n<p>A continuaci\u00f3n, transcribimos textualmente, sin correcciones ni destacados, el comunicado de la Confederaci\u00f3n Rural Argentina (CRA), elaborado en base a datos prove\u00eddos por la Sociedad Rural del Valle de Uco.<\/p>\n\n\n\n<div style=\"height:20px\" aria-hidden=\"true\" class=\"wp-block-spacer\"><\/div>\n\n\n\n<p class=\"has-medium-font-size\"><strong>\u00abAl vino tinto le acecha una realidad negra\u00bb<\/strong><\/p>\n\n\n\n<p>\u00abLas econom\u00edas regionales dentro del sector agropecuario son las que mayores dificultades encuentran a la hora del recambio tecnol\u00f3gico, que es casi una necesidad de urgencia para el sector; las inercias propias y la falta de competitividad, son solo alguno de los temas, que se manifiestan en una reducida capacidad de inversi\u00f3n para el productor.<\/p>\n\n\n\n<p>\u00abExisten una multiplicidad de factores que han llevado inexorablemente a la p\u00e9rdida de rentabilidad sostenida para la producci\u00f3n en los \u00faltimos tiempos, pero esta p\u00e9rdida, no es m\u00e1s que una manifestaci\u00f3n del problema.<\/p>\n\n\n\n<p>\u00abEn el contexto de una necesidad del pa\u00eds de fomentar exportaciones, hecho que solo ser\u00e1 rubricable s\u00ed el primer eslab\u00f3n de las cadenas agroindustriales que es la producci\u00f3n, logra incrementarse y aumentar sus vol\u00famenes productivos; para ello los productores necesitan que se d\u00e9 una combinaci\u00f3n de factores que generen un c\u00edrculo virtuoso, capaz de lograr la manifestaci\u00f3n completa de todo su potencial; y el principal de estos factores es la rentabilidad, pero tambi\u00e9n acompa\u00f1a un sistema de comercializaci\u00f3n transparente, con contratos de compra \u2013 venta escritos que contengan reglas claras de precio y plazos de pago. C\u00f3mo venimos pregonando desde CRA, la necesidad de los mercados institucionalizados.<\/p>\n\n\n\n<p>\u00abEs una verdad sin equa non que \u00ablas empresas crecen inversamente proporcional a los retiros que se hagan de la misma\u00bb, dicho de otra forma, sin rentabilidad no hay producci\u00f3n.<\/p>\n\n\n\n<p>\u00abSi bien este marco de situaci\u00f3n se replica en una gran cantidad de actividades regionales, tomaremos para nuestro an\u00e1lisis a modo de ejemplo el caso particular de los productores de uva varietal del Valle de Uco, donde se produce el vino malbec de alta calidad, emblema de nuestro pa\u00eds.<\/p>\n\n\n\n<p>\u00abSi miramos la din\u00e1mica de los precios percibidos por los productores en una serie que empieza en el 2003 (ver gr\u00e1fico), se observa claramente la p\u00e9rdida de valor del productor a partir del a\u00f1o 2018, llegando a un piso hist\u00f3rico para esta serie, este a\u00f1o donde el productor est\u00e1 cobrando un 40% del promedio hist\u00f3rico para la serie.<\/p>\n\n\n\n<p>\u00abLa comparativa tanto con el precio promedio de la serie o la Moda (el valor m\u00e1s repetido) en la misma, ya sea medida en d\u00f3lares oficiales, o pesos actualizados por inflaci\u00f3n dejan en evidencia la fragilidad en la que se encuentran los productores en la actualidad.<\/p>\n\n\n\n<div style=\"height:20px\" aria-hidden=\"true\" class=\"wp-block-spacer\"><\/div>\n\n\n\n<div class=\"wp-block-image\"><figure class=\"aligncenter is-resized\"><img loading=\"lazy\" decoding=\"async\" src=\"https:\/\/ecp.yusercontent.com\/mail?url=http%3A%2F%2Fwww.cra.org.ar%2Ffiles%2Fimage%2F6%2F6332%2F600e98c81a385_841_440%21.jpg%3Fs%3D9167eb2770fa0f0460910191c45b4a7e%26d%3D1611569353&amp;t=1611579768&amp;ymreqid=06c96077-9f1e-18ad-1ce5-f40035010800&amp;sig=dyjt0tHkFz8rbuNr3.BOgg--~D\" alt=\"\" width=\"772\" height=\"403\"\/><\/figure><\/div>\n\n\n\n<div style=\"height:20px\" aria-hidden=\"true\" class=\"wp-block-spacer\"><\/div>\n\n\n\n<p>\u00abDesde el a\u00f1o 2007 a la actualidad la participaci\u00f3n de la producci\u00f3n en el precio final al p\u00fablico del producto se ha reducido a la mitad, eso ha sido pura y exclusivamente p\u00e9rdida de precio al productor (obviamente sin manifestarse esa baja de rentabilidad en el precio pagado por el consumidor)<\/p>\n\n\n\n<p>\u00abDe acuerdo al ajuste por inflaci\u00f3n el kilo de uva Malbec deber\u00eda valer 77 pesos.<\/p>\n\n\n\n<p>\u00abOtro componente importante en cuanto al precio real percibido por los productores es el periodo de pago promedio que tiene la industria que escapa a toda racionalidad de contexto.<\/p>\n\n\n\n<p>\u00abUna vez generada la liquidaci\u00f3n al productor de lo que ya ha entregado, se ha analizado y se ha liquidado, el pago real se extiende en algunos casos hasta 7 u 8 meses, con los consiguientes efectos financieros sobre el productor, atrasos en los pagos de obligaciones fiscales, patronales, entre tantos otros (todos ellos cobran punitorios).<\/p>\n\n\n\n<p>\u00abLa merma en el poder de negociaci\u00f3n frente a proveedores ya que al no contar con una herramienta de pago pierde el poder de decisi\u00f3n econ\u00f3mica de compra, que se manifiesta en el incremento costo del insumo o servicio productivo que adquiere.<\/p>\n\n\n\n<p>\u00abDe acuerdo al Departamento Econ\u00f3mico de CRA, en cuanto a los costos de producci\u00f3n no es ninguna novedad que si tomamos una comparativa de precios de venta de producto con respecto a los precios de los recursos involucrados en el proceso de producci\u00f3n para generar los mismos, las tasas de crecimiento de estos \u00faltimos duplican en d\u00f3lares a los primeros, (los costos subieron por el ascensor y los precios de venta por la escalera, en este caso la escalera bajaba al subsuelo), como tomadores de precios de mercado, el \u00e1rea de gesti\u00f3n del productor se encuentra precisamente en los costos, lo que redund\u00f3 en una p\u00e9rdida de reinversi\u00f3n en las fincas, suspensi\u00f3n de las tareas de mantenimiento o secundarias, por consecuencia golpeando la productividad en el corto plazo y en el mediano la sustentabilidad del sistema.<\/p>\n\n\n\n<p>\u00abLa soluci\u00f3n se encuentra en la mejora de la competitividad real del sector, basada en la mejora de su calidad y productividad, que tendr\u00e1 que ser fuertemente respaldada por el Estado, la reconstituci\u00f3n de capital de trabajo; insumos; la reconversi\u00f3n tecnol\u00f3gica necesaria; cr\u00e9ditos a tasas que guarden relaci\u00f3n con la actividad que los demanda y la formalizaci\u00f3n de un sistema de comercializaci\u00f3n transparente con precios ciertos y plazos de pagos razonables.<\/p>\n\n\n\n<p>\u00abReduciendo los costos financieros ocultos, que erosionan la rentabilidad del productor y su capacidad de reinversi\u00f3n, la creaci\u00f3n de un esquema tributario no distorsivo y adecuado acorde a la escala productiva, as\u00ed los peque\u00f1os productores que son los m\u00e1s afectados bajo estas inequidades.<\/p>\n\n\n\n<p>\u00abSi no se atiende prontamente esta situaci\u00f3n el futuro cercano del vino m\u00e1s que tinto ser\u00e1 negro.\u00bb<\/p>\n\n\n\n<div style=\"height:20px\" aria-hidden=\"true\" class=\"wp-block-spacer\"><\/div>\n\n\n\n<p class=\"has-small-font-size\"><em><strong>Fuentes: Sociedad Rural de Valle de Uco y Confederaci\u00f3n Rural Argentina<\/strong><\/em><\/p>\n\n\n\n<div style=\"height:20px\" aria-hidden=\"true\" class=\"wp-block-spacer\"><\/div>\n","protected":false},"excerpt":{"rendered":"<p>EL 25\/1 la Confederaci\u00f3n Rural Argentina (CRA) emiti\u00f3 un comunicado denunciando la falta de rentabilidad&hellip;<\/p>\n","protected":false},"author":3,"featured_media":27821,"comment_status":"open","ping_status":"open","sticky":false,"template":"","format":"standard","meta":{"footnotes":""},"categories":[14],"tags":[],"class_list":["post-27739","post","type-post","status-publish","format-standard","has-post-thumbnail","hentry","category-news"],"_links":{"self":[{"href":"https:\/\/enolife.com.ar\/es\/wp-json\/wp\/v2\/posts\/27739","targetHints":{"allow":["GET"]}}],"collection":[{"href":"https:\/\/enolife.com.ar\/es\/wp-json\/wp\/v2\/posts"}],"about":[{"href":"https:\/\/enolife.com.ar\/es\/wp-json\/wp\/v2\/types\/post"}],"author":[{"embeddable":true,"href":"https:\/\/enolife.com.ar\/es\/wp-json\/wp\/v2\/users\/3"}],"replies":[{"embeddable":true,"href":"https:\/\/enolife.com.ar\/es\/wp-json\/wp\/v2\/comments?post=27739"}],"version-history":[{"count":0,"href":"https:\/\/enolife.com.ar\/es\/wp-json\/wp\/v2\/posts\/27739\/revisions"}],"wp:featuredmedia":[{"embeddable":true,"href":"https:\/\/enolife.com.ar\/es\/wp-json\/wp\/v2\/media\/27821"}],"wp:attachment":[{"href":"https:\/\/enolife.com.ar\/es\/wp-json\/wp\/v2\/media?parent=27739"}],"wp:term":[{"taxonomy":"category","embeddable":true,"href":"https:\/\/enolife.com.ar\/es\/wp-json\/wp\/v2\/categories?post=27739"},{"taxonomy":"post_tag","embeddable":true,"href":"https:\/\/enolife.com.ar\/es\/wp-json\/wp\/v2\/tags?post=27739"}],"curies":[{"name":"wp","href":"https:\/\/api.w.org\/{rel}","templated":true}]}}