{"id":2759,"date":"2019-09-02T16:16:40","date_gmt":"2019-09-02T16:16:40","guid":{"rendered":"http:\/\/enolife.com.ar\/es\/?p=2759"},"modified":"2019-09-05T17:33:28","modified_gmt":"2019-09-05T17:33:28","slug":"eduardo-sancho-sobre-la-compra-de-vino-por-el-gobierno-era-necesario-mover-el-precio","status":"publish","type":"post","link":"https:\/\/enolife.com.ar\/es\/eduardo-sancho-sobre-la-compra-de-vino-por-el-gobierno-era-necesario-mover-el-precio\/","title":{"rendered":"Eduardo Sancho, sobre la compra de vino por el gobierno: \u201cEra necesario mover el precio\u201d"},"content":{"rendered":"\n<h4 class=\"wp-block-heading\"><em><strong>Tras el reciente lanzamiento por parte del Estado mendocino de un operativo de adquisici\u00f3n de 100 millones de vinos tintos gen\u00e9ricos, el presidente de Fecovita y Acovi evalu\u00f3 la medida como positiva.<\/strong><\/em><\/h4>\n\n\n\n<div style=\"height:27px\" aria-hidden=\"true\" class=\"wp-block-spacer\"><\/div>\n\n\n\n<p>El gobierno de Mendoza anunci\u00f3 a fines de agosto \u00faltimo que hab\u00edan\nresultado infructuosos los di\u00e1logos con los grandes fraccionadores de vino,\ninst\u00e1ndolos a subir los precios y reducir los plazos de compra. Ante el fracaso\nde esa negociaci\u00f3n, el gobernador Alfredo Cornejo, junto al intendente de Jun\u00edn\nMario Abed y otros funcionarios del ministerio de Econom\u00eda, comunicaron que se pondr\u00e1\nen marcha un Operativo de Compra de vino tinto gen\u00e9rico, entre los meses de\noctubre de 2019 y marzo de 2020, con el objetivo de \u201cllegar a la pr\u00f3xima\ncosecha con precios tonificados\u201d.<\/p>\n\n\n\n<p>De esta forma, seg\u00fan los c\u00e1lculos del gobierno, \u201ccon una intervenci\u00f3n estatal que retire <strong>100 millones de litros de vino tinto gen\u00e9rico <\/strong>en manos de terceros elaboradores y trasladistas, se podr\u00eda reducir el stock de vino tinto gen\u00e9rico hasta un nivel que justifica pagar el precio de intervenci\u00f3n de 11 pesos financiado en 30 y 60 d\u00edas\u201d.<\/p>\n\n\n\n<div style=\"height:20px\" aria-hidden=\"true\" class=\"wp-block-spacer\"><\/div>\n\n\n\n<div class=\"wp-block-image\"><figure class=\"aligncenter is-resized\"><img loading=\"lazy\" decoding=\"async\" src=\"https:\/\/dla.cdncimeco.com\/uploads\/2019\/08\/image5d689692a4b0a.png\" alt=\"Resultado de imagen para 100 millones de litros de vino tinto gen\u00c3\u00a9rico e\" width=\"481\" height=\"327\"\/><\/figure><\/div>\n\n\n\n<div style=\"height:20px\" aria-hidden=\"true\" class=\"wp-block-spacer\"><\/div>\n\n\n\n<p>Ante la novedad, Eduardo Sancho, presidente de la Federaci\u00f3n de Cooperativas Vitivin\u00edcolas (Fecovita) y de la Asociaci\u00f3n de Cooperativas Vitivin\u00edcolas (Acovi), consider\u00f3 que la medida anunciada por el gobierno ser\u00e1 positiva. <strong>\u201cEra necesario mover el precio del vino.<\/strong> Habr\u00e1 que ver la letra chica para evaluar las facilidades que tendr\u00e1 el productor para ingresar y as\u00ed recuperar el precio del vino\u201d, coment\u00f3.<\/p>\n\n\n\n<div style=\"height:20px\" aria-hidden=\"true\" class=\"wp-block-spacer\"><\/div>\n\n\n\n<p class=\"has-background has-cyan-bluish-gray-background-color\">\u201cEl Estado puede hacer que se reactive la compra por los fraccionadores.\nHoy, la situaci\u00f3n es realmente preocupante, dado que los productores no est\u00e1n\ncubriendo sus costos\u201d, agreg\u00f3 Sancho.<\/p>\n\n\n\n<div style=\"height:20px\" aria-hidden=\"true\" class=\"wp-block-spacer\"><\/div>\n\n\n\n<p>Finalmente, evalu\u00f3: <strong>\u201cAlcanzar un precio de $11 ser\u00eda bueno para empezar a crecer.<\/strong> Con un valor m\u00e1s alto se podr\u00eda generar un fracaso, pero con un aumento gradual, las otras bodegas podr\u00e1n ir acompa\u00f1ando y la suba ser\u00e1 generalizada\u201d.<\/p>\n","protected":false},"excerpt":{"rendered":"<p>Tras el reciente lanzamiento por parte del Estado mendocino de un operativo de adquisici\u00f3n de&hellip;<\/p>\n","protected":false},"author":3,"featured_media":2764,"comment_status":"open","ping_status":"open","sticky":false,"template":"","format":"standard","meta":{"footnotes":""},"categories":[14],"tags":[],"class_list":["post-2759","post","type-post","status-publish","format-standard","has-post-thumbnail","hentry","category-news"],"_links":{"self":[{"href":"https:\/\/enolife.com.ar\/es\/wp-json\/wp\/v2\/posts\/2759","targetHints":{"allow":["GET"]}}],"collection":[{"href":"https:\/\/enolife.com.ar\/es\/wp-json\/wp\/v2\/posts"}],"about":[{"href":"https:\/\/enolife.com.ar\/es\/wp-json\/wp\/v2\/types\/post"}],"author":[{"embeddable":true,"href":"https:\/\/enolife.com.ar\/es\/wp-json\/wp\/v2\/users\/3"}],"replies":[{"embeddable":true,"href":"https:\/\/enolife.com.ar\/es\/wp-json\/wp\/v2\/comments?post=2759"}],"version-history":[{"count":0,"href":"https:\/\/enolife.com.ar\/es\/wp-json\/wp\/v2\/posts\/2759\/revisions"}],"wp:featuredmedia":[{"embeddable":true,"href":"https:\/\/enolife.com.ar\/es\/wp-json\/wp\/v2\/media\/2764"}],"wp:attachment":[{"href":"https:\/\/enolife.com.ar\/es\/wp-json\/wp\/v2\/media?parent=2759"}],"wp:term":[{"taxonomy":"category","embeddable":true,"href":"https:\/\/enolife.com.ar\/es\/wp-json\/wp\/v2\/categories?post=2759"},{"taxonomy":"post_tag","embeddable":true,"href":"https:\/\/enolife.com.ar\/es\/wp-json\/wp\/v2\/tags?post=2759"}],"curies":[{"name":"wp","href":"https:\/\/api.w.org\/{rel}","templated":true}]}}