{"id":27407,"date":"2021-01-20T14:50:15","date_gmt":"2021-01-20T14:50:15","guid":{"rendered":"http:\/\/enolife.com.ar\/es\/?p=27407"},"modified":"2021-01-27T01:11:50","modified_gmt":"2021-01-27T01:11:50","slug":"vinateros-de-cuyo-piden-de-20-a-24-por-el-kg-de-uva-mezcla-y-de-28-a-45-por-el-de-uva-varietal","status":"publish","type":"post","link":"https:\/\/enolife.com.ar\/es\/vinateros-de-cuyo-piden-de-20-a-24-por-el-kg-de-uva-mezcla-y-de-28-a-45-por-el-de-uva-varietal\/","title":{"rendered":"Vi\u00f1ateros de Cuyo piden de $20 a $24 por el kg de uva mezcla y de $28 a $45 por el de uva varietal"},"content":{"rendered":"\n<h4 class=\"wp-block-heading\"><em><strong>Como cada a\u00f1o para estas fechas, la Asociaci\u00f3n de Vi\u00f1ateros de Mendoza (AVM) -en esta oportunidad en consenso con  la Mesa Vit\u00edcola de San Juan- sugiri\u00f3 a los productores los valores m\u00ednimos de referencia para vender sus uvas. El presidente de la AVM, Eduardo C\u00f3rdoba, pidi\u00f3 a los vi\u00f1ateros \u00abdefender con m\u00e1s fuerza el precio de la uva\u00bb, argumentando que \u00abaumentaron nuestros costos, aument\u00f3 el consumo del vino, aumentaron las exportaciones y todav\u00eda no se sabe c\u00f3mo viene esta cosecha\u00bb.<\/strong><\/em><strong><em> <\/em><\/strong><\/h4>\n\n\n\n<div style=\"height:20px\" aria-hidden=\"true\" class=\"wp-block-spacer\"><\/div>\n\n\n<a href=\"https:\/\/www.facebook.com\/SindicatoContratitas\/\" aria-label=\"banner contratistas 1700&#215;500\"><img loading=\"lazy\" decoding=\"async\" src=\"https:\/\/enolife.com.ar\/es\/wp-content\/uploads\/2020\/08\/banner-contratistas-1700x500-1.jpg\" alt=\"\"  srcset=\"https:\/\/enolife.com.ar\/es\/wp-content\/uploads\/2020\/08\/banner-contratistas-1700x500-1.jpg 1700w, https:\/\/enolife.com.ar\/es\/wp-content\/uploads\/2020\/08\/banner-contratistas-1700x500-1-300x88.jpg 300w, https:\/\/enolife.com.ar\/es\/wp-content\/uploads\/2020\/08\/banner-contratistas-1700x500-1-1024x301.jpg 1024w, https:\/\/enolife.com.ar\/es\/wp-content\/uploads\/2020\/08\/banner-contratistas-1700x500-1-768x226.jpg 768w, https:\/\/enolife.com.ar\/es\/wp-content\/uploads\/2020\/08\/banner-contratistas-1700x500-1-1536x452.jpg 1536w, https:\/\/enolife.com.ar\/es\/wp-content\/uploads\/2020\/08\/banner-contratistas-1700x500-1-1170x344.jpg 1170w, https:\/\/enolife.com.ar\/es\/wp-content\/uploads\/2020\/08\/banner-contratistas-1700x500-1-585x172.jpg 585w\" sizes=\"auto, (max-width: 1700px) 100vw, 1700px\" width=\"1700\" height=\"500\"   \/><\/a>\n\n\n<div style=\"height:72px\" aria-hidden=\"true\" class=\"wp-block-spacer\"><\/div>\n\n\n\n<p>Como todos los a\u00f1os para esta \u00e9poca previa a la cosecha, una de las entidades m\u00e1s arraigadas que nuclean a los viticultores mendocinos, difundi\u00f3 su estimaci\u00f3n de cu\u00e1les deber\u00edan ser los valores m\u00ednimos de referencia para vender uvas para vinos. La sugerencia, seg\u00fan manifestaron desde la Asociaci\u00f3n de Vi\u00f1ateros de Mendoza (AVM), se realiz\u00f3 tras \u00abanalizar numerosas variables y trabajando con consejeros de las distintas entidades que tienen representaci\u00f3n territorial\u00bb.<\/p>\n\n\n\n<div style=\"height:20px\" aria-hidden=\"true\" class=\"wp-block-spacer\"><\/div>\n\n\n\n<p class=\"has-medium-font-size\"><strong>Se pide una suba promedio del 70% con respecto a 2020<\/strong><\/p>\n\n\n\n<h4 class=\"has-vivid-red-color has-text-color wp-block-heading\">En 2020, las uvas \u00abmezcla\u00bb para vinos b\u00e1sicos se pagaron, en promedio $12 el kilo, por lo que el precio de venta sugerido para la pr\u00f3xima cosecha 2021, de $20 a $24 el kilo, implica un aumento del 80%. En el caso de las uvas varietales, que el a\u00f1o pasado se pagaron en promedio a $26 el kilo, el precio de entre $38 a $45 sugerido para este a\u00f1o conlleva un aumento promedio del 60%.<\/h4>\n\n\n\n<div style=\"height:20px\" aria-hidden=\"true\" class=\"wp-block-spacer\"><\/div>\n\n\n\n<p>\u201cNuestra obligaci\u00f3n es decirles a los productores que no cedan a las presiones, que hagan valer el precio de su uva. Sabemos que las condiciones internas y externas son mejores que a\u00f1os anteriores y no vamos a pauperizar a quienes trabajan a\u00f1o a a\u00f1o y soportan inclemencias clim\u00e1ticas para ver reflejado su sue\u00f1o propio y el de sus familias. Los productores sabemos que los costos se han incrementado considerablemente\u201d, manifest\u00f3 Eduardo C\u00f3rdoba, presidente de la AVM.<\/p>\n\n\n\n<div style=\"height:20px\" aria-hidden=\"true\" class=\"wp-block-spacer\"><\/div>\n\n\n\n<blockquote class=\"wp-block-quote is-layout-flow wp-block-quote-is-layout-flow\"><p>No vamos a pauperizar a quienes trabajan todo el a\u00f1o y soportan inclemencias clim\u00e1ticas&#8230; Hay un incipiente crecimiento de la industria. Es el momento del productor, primer eslab\u00f3n de la cadena vitivin\u00edcola\u00bb.<\/p><cite>Eduardo C\u00f3rdoba, presidente de la AVM<\/cite><\/blockquote>\n\n\n\n<div style=\"height:20px\" aria-hidden=\"true\" class=\"wp-block-spacer\"><\/div>\n\n\n\n<p>\u00abEs de p\u00fablico conocimiento que aument\u00f3 el consumo de vinos, aumentaron las exportaciones y no se sabe a ciencia cierta c\u00f3mo viene la cosecha. En el momento m\u00e1s complejo del 2020, en plena pandemia, la actividad vitivin\u00edcola fue una de las que no se detuvo y, por ende, eso marca a las claras, del incipiente crecimiento de la industria. Es el momento del productor, el primer eslab\u00f3n de la cadena vitivin\u00edcola\u00bb, agreg\u00f3 el titular de AVM.<\/p>\n\n\n\n<div style=\"height:20px\" aria-hidden=\"true\" class=\"wp-block-spacer\"><\/div>\n\n\n\n<p class=\"has-background has-text-align-center has-medium-font-size has-very-light-gray-background-color\"><strong>Valores de referencia sugeridos (precios m\u00ednimos por kilo)<\/strong><br><br><strong>Uvas Mezclas:<\/strong> De $ 20 a $ 24 <br><br><strong>Bonarda<\/strong>: De $ 28 a $ 30 <br><br><strong>Varietales tintos<\/strong>: De $ 38 a $ 40 <br><br><strong>Varietales blancos Zona Este:<\/strong> De $ 38 a $ 40 <br><br><strong>Zona Alta: <\/strong>M\u00e1s de $ 45 <\/p>\n\n\n\n<div style=\"height:20px\" aria-hidden=\"true\" class=\"wp-block-spacer\"><\/div>\n\n\n\n<p>En el video que a continuaci\u00f3n reproducimos, Eduardo C\u00f3rdoba agrega que \u00abal chardonnay en la zona alta lo est\u00e1n ofreciendo y hasta buscando a $ 4.500 el quintal\u00bb.<\/p>\n\n\n\n<div style=\"height:20px\" aria-hidden=\"true\" class=\"wp-block-spacer\"><\/div>\n\n\n\n<figure class=\"wp-block-video aligncenter\"><video controls src=\"https:\/\/enolife.com.ar\/es\/wp-content\/uploads\/2021\/01\/AVM.mp4\"><\/video><\/figure>\n\n\n\n<div style=\"height:39px\" aria-hidden=\"true\" class=\"wp-block-spacer\"><\/div>\n\n\n\n<p class=\"has-medium-font-size\"><strong>Precios de operaciones registradas por la Bolsa de Comercio en 2020<\/strong><\/p>\n\n\n\n<p>El siguiente cuadro muestra los precios seg\u00fan las operaciones registradas en el i<strong>nforme 2020<\/strong> de la Bolsa de Comercio de Mendoza, desde 01\/01\/2020 hasta 31\/08\/2020. Los precios est\u00e1 expresados en pesos ($) y sin IVA.<br>Fecha de emisi\u00f3n: 16\/09\/2020.<\/p>\n\n\n\n<p class=\"has-background has-text-align-center has-very-light-gray-background-color\"><strong>Por varietal<\/strong><\/p>\n\n\n\n<div class=\"wp-block-image\"><figure class=\"aligncenter size-large is-resized\"><img loading=\"lazy\" decoding=\"async\" src=\"https:\/\/enolife.com.ar\/es\/wp-content\/uploads\/2021\/01\/image-2-552x1024.png\" alt=\"\" class=\"wp-image-27416\" width=\"452\" height=\"839\" srcset=\"https:\/\/enolife.com.ar\/es\/wp-content\/uploads\/2021\/01\/image-2-552x1024.png 552w, https:\/\/enolife.com.ar\/es\/wp-content\/uploads\/2021\/01\/image-2-162x300.png 162w, https:\/\/enolife.com.ar\/es\/wp-content\/uploads\/2021\/01\/image-2-585x1086.png 585w, https:\/\/enolife.com.ar\/es\/wp-content\/uploads\/2021\/01\/image-2.png 633w\" sizes=\"auto, (max-width: 452px) 100vw, 452px\" \/><\/figure><\/div>\n\n\n\n<div style=\"height:20px\" aria-hidden=\"true\" class=\"wp-block-spacer\"><\/div>\n\n\n\n<p class=\"has-background has-text-align-center has-very-light-gray-background-color\"><strong>Tinta, Blanca y Rosada<\/strong><\/p>\n\n\n\n<div class=\"wp-block-image\"><figure class=\"aligncenter size-large\"><img loading=\"lazy\" decoding=\"async\" width=\"399\" height=\"563\" src=\"https:\/\/enolife.com.ar\/es\/wp-content\/uploads\/2021\/01\/tinta.jpg\" alt=\"\" class=\"wp-image-27419\" srcset=\"https:\/\/enolife.com.ar\/es\/wp-content\/uploads\/2021\/01\/tinta.jpg 399w, https:\/\/enolife.com.ar\/es\/wp-content\/uploads\/2021\/01\/tinta-213x300.jpg 213w\" sizes=\"auto, (max-width: 399px) 100vw, 399px\" \/><\/figure><\/div>\n\n\n\n<div class=\"wp-block-image\"><figure class=\"aligncenter size-large\"><img loading=\"lazy\" decoding=\"async\" width=\"405\" height=\"571\" src=\"https:\/\/enolife.com.ar\/es\/wp-content\/uploads\/2021\/01\/blanca.jpg\" alt=\"\" class=\"wp-image-27420\" srcset=\"https:\/\/enolife.com.ar\/es\/wp-content\/uploads\/2021\/01\/blanca.jpg 405w, https:\/\/enolife.com.ar\/es\/wp-content\/uploads\/2021\/01\/blanca-213x300.jpg 213w\" sizes=\"auto, (max-width: 405px) 100vw, 405px\" \/><\/figure><\/div>\n\n\n\n<div class=\"wp-block-image\"><figure class=\"aligncenter size-large\"><img loading=\"lazy\" decoding=\"async\" width=\"410\" height=\"561\" src=\"https:\/\/enolife.com.ar\/es\/wp-content\/uploads\/2021\/01\/rosada.jpg\" alt=\"\" class=\"wp-image-27421\" srcset=\"https:\/\/enolife.com.ar\/es\/wp-content\/uploads\/2021\/01\/rosada.jpg 410w, https:\/\/enolife.com.ar\/es\/wp-content\/uploads\/2021\/01\/rosada-219x300.jpg 219w\" sizes=\"auto, (max-width: 410px) 100vw, 410px\" \/><\/figure><\/div>\n\n\n\n<div style=\"height:20px\" aria-hidden=\"true\" class=\"wp-block-spacer\"><\/div>\n\n\n\n<p class=\"has-small-font-size\"><em><strong>Fuentes: Asociaci\u00f3n de Vi\u00f1ateros de Mendoza y Bolsa de Comercio de Mendoza<\/strong><\/em><\/p>\n\n\n\n<div style=\"height:20px\" aria-hidden=\"true\" class=\"wp-block-spacer\"><\/div>\n","protected":false},"excerpt":{"rendered":"<p>Como cada a\u00f1o para estas fechas, la Asociaci\u00f3n de Vi\u00f1ateros de Mendoza (AVM) -en esta&hellip;<\/p>\n","protected":false},"author":3,"featured_media":27427,"comment_status":"open","ping_status":"open","sticky":false,"template":"","format":"standard","meta":{"footnotes":""},"categories":[14],"tags":[],"class_list":["post-27407","post","type-post","status-publish","format-standard","has-post-thumbnail","hentry","category-news"],"_links":{"self":[{"href":"https:\/\/enolife.com.ar\/es\/wp-json\/wp\/v2\/posts\/27407","targetHints":{"allow":["GET"]}}],"collection":[{"href":"https:\/\/enolife.com.ar\/es\/wp-json\/wp\/v2\/posts"}],"about":[{"href":"https:\/\/enolife.com.ar\/es\/wp-json\/wp\/v2\/types\/post"}],"author":[{"embeddable":true,"href":"https:\/\/enolife.com.ar\/es\/wp-json\/wp\/v2\/users\/3"}],"replies":[{"embeddable":true,"href":"https:\/\/enolife.com.ar\/es\/wp-json\/wp\/v2\/comments?post=27407"}],"version-history":[{"count":0,"href":"https:\/\/enolife.com.ar\/es\/wp-json\/wp\/v2\/posts\/27407\/revisions"}],"wp:featuredmedia":[{"embeddable":true,"href":"https:\/\/enolife.com.ar\/es\/wp-json\/wp\/v2\/media\/27427"}],"wp:attachment":[{"href":"https:\/\/enolife.com.ar\/es\/wp-json\/wp\/v2\/media?parent=27407"}],"wp:term":[{"taxonomy":"category","embeddable":true,"href":"https:\/\/enolife.com.ar\/es\/wp-json\/wp\/v2\/categories?post=27407"},{"taxonomy":"post_tag","embeddable":true,"href":"https:\/\/enolife.com.ar\/es\/wp-json\/wp\/v2\/tags?post=27407"}],"curies":[{"name":"wp","href":"https:\/\/api.w.org\/{rel}","templated":true}]}}