{"id":27319,"date":"2021-01-20T03:13:55","date_gmt":"2021-01-20T03:13:55","guid":{"rendered":"http:\/\/enolife.com.ar\/es\/?p=27319"},"modified":"2021-01-22T22:48:18","modified_gmt":"2021-01-22T22:48:18","slug":"cerro-el-plan-2020-2021-contra-la-lobesia-y-el-inv-evalua-el-resultado-antes-de-gestionar-mas-fondos","status":"publish","type":"post","link":"https:\/\/enolife.com.ar\/es\/cerro-el-plan-2020-2021-contra-la-lobesia-y-el-inv-evalua-el-resultado-antes-de-gestionar-mas-fondos\/","title":{"rendered":"Cerr\u00f3 el plan 2020-2021 contra la lobesia y el INV eval\u00faa el resultado antes de gestionar m\u00e1s fondos"},"content":{"rendered":"\n<h4 class=\"wp-block-heading\"><em><strong>En diciembre pasado, con la aplicaci\u00f3n de feromonas desde aviones sobre los vi\u00f1edos mendocinos y sanjuaninos, concluy\u00f3 la \u00faltima campa\u00f1a contra el da\u00f1ino insecto lobesia botrana, m\u00e1s conocido como polilla de la vid. Seg\u00fan la ley argentina 27.277, promulgada el 22 de diciembre de 2015, que estableci\u00f3 la asistencia estatal para combatir la plaga, \u00ablos productores vitivin\u00edcolas ser\u00e1n beneficiarios de esta ley durante los primeros 4 a\u00f1os de promulgada y reglamentada la misma. A partir del 5\u00b0 a\u00f1o, los productores deber\u00e1n continuar realizando las medidas de control de la plaga\u00bb. O sea que para continuar con un programa nacional integrado en 2021, que asigne un presupuesto a las \u00abunidades ejecutoras\u00bb del sector vitivin\u00edcola encargadas del combate, har\u00e1 falta una nueva ley o la actualizaci\u00f3n de la ley 27.277.<\/strong><\/em><\/h4>\n\n\n\n<hr class=\"wp-block-separator\"\/>\n\n\n\n<h4 class=\"wp-block-heading\"><em><strong>Ante la caducidad de la norma legal, los productores vitivin\u00edcolas, gobiernos provinciales, funcionarios y legisladores se plantean cu\u00e1l ha sido el balance de estas cuatro campa\u00f1as y c\u00f3mo seguir\u00e1 la lucha contra la polilla de la vid. Por un lado, legisladores nacionales mendocinos de Cambia Mendoza pidieron una ley nueva y fondos para ejecutarla. Y desde el Instituto Nacional de Vitivinicultura (INV), su presidente Mart\u00edn Hinojosa manifest\u00f3 que antes de cualquier gesti\u00f3n de presupuesto consultar\u00e1n a los productores para medir si los objetivos del plan de lucha se cumplieron y si es necesaria una renovaci\u00f3n o medidas alternativas.<\/strong><\/em><\/h4>\n\n\n\n<div style=\"height:20px\" aria-hidden=\"true\" class=\"wp-block-spacer\"><\/div>\n\n\n<a href=\"https:\/\/www.instagram.com\/vinventions.sudamerica\/\" aria-label=\"Banner_Subr_1700x500\"><img loading=\"lazy\" decoding=\"async\" src=\"https:\/\/enolife.com.ar\/es\/wp-content\/uploads\/2019\/07\/Banner_Subr_1700x500.gif\" alt=\"\"  width=\"1700\" height=\"501\"   \/><\/a>\n\n\n<div style=\"height:56px\" aria-hidden=\"true\" class=\"wp-block-spacer\"><\/div>\n\n\n\n<p><strong>Por Pedro Straniero<br>(pstraniero@enolife.com.ar)<\/strong><\/p>\n\n\n\n<div style=\"height:20px\" aria-hidden=\"true\" class=\"wp-block-spacer\"><\/div>\n\n\n\n<p>Tras la conclusi\u00f3n del programa de cuatro a\u00f1os que combati\u00f3 en <strong>Mendoza<\/strong> y <strong>San Juan<\/strong> la plaga <strong>lobesia botran<\/strong>a, un grupo de diputados nacionales mendocinos, encabezado por la legisladora de Juntos por el Cambio <strong>Claudia Najul<\/strong>, present\u00f3 hace d\u00edas en la C\u00e1mara de Diputados de la Naci\u00f3n un proyecto \u00abpara implementar campa\u00f1as de erradicaci\u00f3n de la plaga en las zonas productoras de uva\u00bb, con el objetivo de \u00abeliminar la plaga en un per\u00edodo de tres a\u00f1os\u00bb. <\/p>\n\n\n\n<p>A su turno, el presidente del Instituto Nacional de Vitivinicultura (INV), el tunuyanino <strong>Mart\u00edn Hinojosa<\/strong>, dej\u00f3 en claro que previo a solicitar al Ministerio de Agricultura un nuevo plan y una asignaci\u00f3n de fondos, corresponde evaluar si el objetivo de erradicar la plaga se cumpli\u00f3.<\/p>\n\n\n\n<div style=\"height:20px\" aria-hidden=\"true\" class=\"wp-block-spacer\"><\/div>\n\n\n\n<h4 class=\"has-vivid-red-color has-text-color wp-block-heading\">El insecto lobesia botrana, considerado una plaga por su da\u00f1ina acci\u00f3n sobre los vi\u00f1edos, fue detectado por primera vez en Argentina en 2010, en una finca de Maip\u00fa, casi seguramente tras ingresar desde Chile, donde desde hac\u00eda a\u00f1os estaba presente. Tras las cuatro campa\u00f1as en su contra en Argentina, el Iscamen                   -\u00abunidad ejecutora\u00bb en Mendoza para el plan de lucha- consigna en su p\u00e1gina web que el insecto que \u00ab<strong>ingres\u00f3 a la provincia hace m\u00e1s de 10 a\u00f1os hoy muestra un descenso en su presencia superior al 95%\u00bb.<\/strong><\/h4>\n\n\n\n<div style=\"height:33px\" aria-hidden=\"true\" class=\"wp-block-spacer\"><\/div>\n\n\n\n<div class=\"wp-block-image\"><figure class=\"alignleft size-large is-resized\"><img loading=\"lazy\" decoding=\"async\" src=\"https:\/\/enolife.com.ar\/es\/wp-content\/uploads\/2021\/01\/Claudia-Najul-1.jpg\" alt=\"\" class=\"wp-image-27467\" width=\"212\" height=\"157\" srcset=\"https:\/\/enolife.com.ar\/es\/wp-content\/uploads\/2021\/01\/Claudia-Najul-1.jpg 701w, https:\/\/enolife.com.ar\/es\/wp-content\/uploads\/2021\/01\/Claudia-Najul-1-300x223.jpg 300w, https:\/\/enolife.com.ar\/es\/wp-content\/uploads\/2021\/01\/Claudia-Najul-1-585x435.jpg 585w\" sizes=\"auto, (max-width: 212px) 100vw, 212px\" \/><figcaption><em><strong>Claudia Najul<\/strong><\/em><\/figcaption><\/figure><\/div>\n\n\n\n<p>En un comunicado de prensa, la legisladora Najul sostuvo que \u201cla ley que regulaba la estrategia oficial para eliminar el insecto estuvo vigente hasta 2020, por lo que proponemos un marco legal m\u00e1s amplio y ambicioso, que establece pautas de actuaci\u00f3n muy claras tanto para el Estado Nacional como para las provincias que sufren la plaga, adem\u00e1s de una participaci\u00f3n destacada del sector vitivin\u00edcola en la toma de decisiones\u201d.<\/p>\n\n\n\n<p>\u00abLa iniciativa -continu\u00f3 la diputada alineada al ex gobernador de Mendoza <strong>Alfredo Cornejo<\/strong>&#8211; plantea eliminar la plaga en un per\u00edodo de tres a\u00f1os desde su puesta en vigencia. En la cuarta campa\u00f1a los organismos fitosanitarios, entes de control y fiscalizaci\u00f3n, instituciones de investigaci\u00f3n tanto provinciales como nacionales, as\u00ed como representantes del sector productivo, fijar\u00e1n pol\u00edticas de consolidaci\u00f3n y mantenimiento de los resultados logrados\u00bb.<\/p>\n\n\n\n<div style=\"height:24px\" aria-hidden=\"true\" class=\"wp-block-spacer\"><\/div>\n\n\n\n<p class=\"has-medium-font-size\"><strong>Mart\u00edn Hinojosa: \u00abNos parece sensato evaluar si el objetivo se cumpli\u00f3\u00bb<\/strong><\/p>\n\n\n\n<p>El presidente del INV, consultado por <strong>Enolife<\/strong>, dej\u00f3 en claro que desde su organismo seguir\u00e1n una serie de pasos considerados necesarios antes de acudir a la Naci\u00f3n para solicitar una nueva ley u otro plan de lucha alternativo al que acaba de concluir. <\/p>\n\n\n\n<p>Cabe recordar que Hinojosa, junto a la senadora nacional mendocina por el Frente de Todos, <strong>Anabel Fern\u00e1ndez Sagasti<\/strong>, gestion\u00f3 ante el ministro de Agricultura de la Naci\u00f3n, <strong>Luis Basterra<\/strong>, el env\u00edo de $252 millones a Mendoza para concretar la campa\u00f1a 2020-2021. Esos fondos se sumaron a $170 millones aportados por el gobierno provincial y a $80 millones con que contribuyeron los propios productores, para redondear un presupuesto de $502 millones (ver recuadro) que se aplicaron para terminar la campa\u00f1a en diciembre con la aplicaci\u00f3n a\u00e9rea de feromonas.<\/p>\n\n\n\n<div style=\"height:20px\" aria-hidden=\"true\" class=\"wp-block-spacer\"><\/div>\n\n\n\n<div class=\"wp-block-image\"><figure class=\"aligncenter is-resized\"><img loading=\"lazy\" decoding=\"async\" src=\"https:\/\/enolife.com.ar\/es\/wp-content\/uploads\/2020\/09\/cuadro-inv-1-1024x383.jpg\" alt=\"\" width=\"701\" height=\"261\"\/><\/figure><\/div>\n\n\n\n<div style=\"height:20px\" aria-hidden=\"true\" class=\"wp-block-spacer\"><\/div>\n\n\n\n<p>Sobre el requerimiento de un nuevo presupuesto a la Naci\u00f3n, expres\u00f3 Hinojosa: \u00abNosotros, antes de salir a pedir fondos para la lobesia, lo que nos parece mucho m\u00e1s de sentido com\u00fan y sensato es evaluar si los objetivos se han cumplido. Evaluar c\u00f3mo funcion\u00f3 el programa, c\u00f3mo trabaj\u00f3 el Iscamen, si se lleg\u00f3 al destino buscado, y reci\u00e9n ah\u00ed ver las correcciones que haya que practicar, ver qu\u00e9 fondos se necesitan y a partir de ah\u00ed tomar la decisi\u00f3n\u00bb.<\/p>\n\n\n\n<div class=\"wp-block-image\"><figure class=\"alignleft size-large is-resized\"><img loading=\"lazy\" decoding=\"async\" src=\"https:\/\/enolife.com.ar\/es\/wp-content\/uploads\/2021\/01\/Martin-Hinojosa-1-772x1024.jpg\" alt=\"\" class=\"wp-image-27465\" width=\"336\" height=\"445\" srcset=\"https:\/\/enolife.com.ar\/es\/wp-content\/uploads\/2021\/01\/Martin-Hinojosa-1-772x1024.jpg 772w, https:\/\/enolife.com.ar\/es\/wp-content\/uploads\/2021\/01\/Martin-Hinojosa-1-226x300.jpg 226w, https:\/\/enolife.com.ar\/es\/wp-content\/uploads\/2021\/01\/Martin-Hinojosa-1-768x1018.jpg 768w, https:\/\/enolife.com.ar\/es\/wp-content\/uploads\/2021\/01\/Martin-Hinojosa-1-585x776.jpg 585w, https:\/\/enolife.com.ar\/es\/wp-content\/uploads\/2021\/01\/Martin-Hinojosa-1.jpg 872w\" sizes=\"auto, (max-width: 336px) 100vw, 336px\" \/><figcaption><em><strong>Mart\u00edn Hinojosa<\/strong><\/em><\/figcaption><\/figure><\/div>\n\n\n\n<p>\u00abLos pasos b\u00e1sicos, seg\u00fan nuestro criterio -continu\u00f3 el tunuyanino l\u00edder del organismo regulador del vino en Argentina-, son primero evaluar el programa, c\u00f3mo nos fue, si se erradic\u00f3 la lobesia, y a partir de ah\u00ed ver si hay que modificar algunas cosas, si hay que corregir la unidad ejecutora o no, y reci\u00e9n despu\u00e9s de esa evaluaci\u00f3n, empezar a gestionar la asignaci\u00f3n de fondos\u00bb. Y consider\u00f3: \u00abSi uno no eval\u00faa c\u00f3mo se hizo el programa, c\u00f3mo funcion\u00f3, si se lograron los objetivos, cu\u00e1les fueron los aciertos y errores&#8230; la verdad es que ir a la Naci\u00f3n a pedir plata por pedir no funciona\u00bb. <\/p>\n\n\n\n<p>Tambi\u00e9n se refiri\u00f3 Hinojosa al protagonismo que les otorga a los vi\u00f1ateros, primeros beneficiarios o perjudicados de las pol\u00edticas agrarias. \u00abHay que hablar con los productores y preguntarles a ellos qu\u00e9 opinan del trabajo que ha hecho el Iscamen respecto a la polilla de la vid&#8230; Entonces, a partir de eso, del cumplimiento o no de los objetivos, es que se vuelve a dise\u00f1ar un plan\u00bb.<\/p>\n\n\n\n<p>Con respecto al organismo provincial encargado de ejecutar el programa nacional de lucha contra la lobesia botrana, Hinojosa evalu\u00f3: \u00abEl Iscamen ha hecho bien su trabajo, una tarea prolija en lo administrativo, con un plan muy bien hecho, que nos permiti\u00f3 avalar el pedido de fondos. Ahora el tema es ver si ese plan logr\u00f3 los objetivos, para despu\u00e9s plantear cu\u00e1ntos son los fondos que se necesitan, cu\u00e1nto es lo que ya se erradic\u00f3, cu\u00e1nto va a poner la provincia, cu\u00e1nto va a poner la Naci\u00f3n&#8230;\u00bb<\/p>\n\n\n\n<p>Finalmente, el presidente del INV redonde\u00f3: \u00abPara hacer esa evaluaci\u00f3n tenemos tiempo suficiente antes de la pr\u00f3xima campa\u00f1a. Siempre estamos a tiempo para mejorar y para controlar, para decir si esto funcion\u00f3, no funcion\u00f3 o funcion\u00f3 a medias. Eso es lo que nosotros estamos haciendo una vez que termin\u00f3 la campa\u00f1a\u00bb.<\/p>\n\n\n\n<div style=\"height:20px\" aria-hidden=\"true\" class=\"wp-block-spacer\"><\/div>\n","protected":false},"excerpt":{"rendered":"<p>En diciembre pasado, con la aplicaci\u00f3n de feromonas desde aviones sobre los vi\u00f1edos mendocinos y&hellip;<\/p>\n","protected":false},"author":3,"featured_media":27476,"comment_status":"open","ping_status":"open","sticky":false,"template":"","format":"standard","meta":{"footnotes":""},"categories":[14],"tags":[],"class_list":["post-27319","post","type-post","status-publish","format-standard","has-post-thumbnail","hentry","category-news"],"_links":{"self":[{"href":"https:\/\/enolife.com.ar\/es\/wp-json\/wp\/v2\/posts\/27319","targetHints":{"allow":["GET"]}}],"collection":[{"href":"https:\/\/enolife.com.ar\/es\/wp-json\/wp\/v2\/posts"}],"about":[{"href":"https:\/\/enolife.com.ar\/es\/wp-json\/wp\/v2\/types\/post"}],"author":[{"embeddable":true,"href":"https:\/\/enolife.com.ar\/es\/wp-json\/wp\/v2\/users\/3"}],"replies":[{"embeddable":true,"href":"https:\/\/enolife.com.ar\/es\/wp-json\/wp\/v2\/comments?post=27319"}],"version-history":[{"count":0,"href":"https:\/\/enolife.com.ar\/es\/wp-json\/wp\/v2\/posts\/27319\/revisions"}],"wp:featuredmedia":[{"embeddable":true,"href":"https:\/\/enolife.com.ar\/es\/wp-json\/wp\/v2\/media\/27476"}],"wp:attachment":[{"href":"https:\/\/enolife.com.ar\/es\/wp-json\/wp\/v2\/media?parent=27319"}],"wp:term":[{"taxonomy":"category","embeddable":true,"href":"https:\/\/enolife.com.ar\/es\/wp-json\/wp\/v2\/categories?post=27319"},{"taxonomy":"post_tag","embeddable":true,"href":"https:\/\/enolife.com.ar\/es\/wp-json\/wp\/v2\/tags?post=27319"}],"curies":[{"name":"wp","href":"https:\/\/api.w.org\/{rel}","templated":true}]}}