{"id":27294,"date":"2021-01-19T02:01:03","date_gmt":"2021-01-19T02:01:03","guid":{"rendered":"http:\/\/enolife.com.ar\/es\/?p=27294"},"modified":"2021-01-20T03:15:53","modified_gmt":"2021-01-20T03:15:53","slug":"la-vendimia-2021-tiene-cara-joven-y-mensaje-multiplataforma","status":"publish","type":"post","link":"https:\/\/enolife.com.ar\/es\/la-vendimia-2021-tiene-cara-joven-y-mensaje-multiplataforma\/","title":{"rendered":"La Vendimia 2021 tiene cara joven y mensaje multiplataforma"},"content":{"rendered":"\n<h4 class=\"wp-block-heading\"><em><strong>La tradicional fiesta que celebra la cosecha de uva en Mendoza y Argentina este a\u00f1o ser\u00e1 filmada y difundida por medios electr\u00f3nicos y digitales el primer s\u00e1bado de marzo. Tras un proceso de selecci\u00f3n, el jurado de expertos eligi\u00f3 el sistema de im\u00e1genes \u00abEpifan\u00eda\u00bb, con el que se  divulgar\u00e1 el evento en todo el mundo. Sus autoras son Paula Minati -dise\u00f1adora gr\u00e1fica de la Universidad Nacional de Cuyo- y las estudiantes de esa carrera Cecilia Flores y Mar\u00eda Bel\u00e9n D\u00edaz. El \u00abafiche\u00bb -dir\u00edan los millenials y m\u00e1s antiguos- se destaca por su lenguaje expresivo audaz, fresco y optimista, resaltando \u00abel rol de la mujer como trabajadora y profesional\u00bb, seg\u00fan manifestaron las j\u00f3venes creadoras. <\/strong><\/em><\/h4>\n\n\n\n<div style=\"height:39px\" aria-hidden=\"true\" class=\"wp-block-spacer\"><\/div>\n\n\n\n\n\n<div style=\"height:64px\" aria-hidden=\"true\" class=\"wp-block-spacer\"><\/div>\n\n\n\n<p>Paula Minati, Mar\u00eda Bel\u00e9n D\u00edaz y Cecilia Bel\u00e9n Flores estudiaron la carrera de Dise\u00f1o Gr\u00e1fico en la Universidad Nacional de Cuyo (UNCuyo) y su propuesta visual \u00abEpifan\u00eda\u00bb fue elegida para representar este a\u00f1o a la m\u00e1xima celebraci\u00f3n de Mendoza, el \u00abEspecial Vendimia 2021\u00bb. Por su trabajo creativo, obtuvieron el premio de $150.000 otorgado por el gobierno de Mendoza.<\/p>\n\n\n\n<div style=\"height:20px\" aria-hidden=\"true\" class=\"wp-block-spacer\"><\/div>\n\n\n\n<div class=\"wp-block-image\"><figure class=\"aligncenter\"><img decoding=\"async\" src=\"https:\/\/www.unidiversidad.com.ar\/cache_2\/disenadoras-uncuyo-a_630_1140.jpg\" alt=\"Dise\u00f1adoras de la UNCUYO, creadoras de la imagen de la Vendimia 2021\"\/><figcaption><strong><em>Paula Minati, Cecilia Flores y Bel\u00e9n D\u00edaz, el equipo ganador de la identidad visual de la Vendimia 2021. (Foto Unidiversidad, selfie de Paula Minati)<\/em><\/strong><\/figcaption><\/figure><\/div>\n\n\n\n<div style=\"height:20px\" aria-hidden=\"true\" class=\"wp-block-spacer\"><\/div>\n\n\n\n<p>En el caso de&nbsp;Paula Minati, no s\u00f3lo estudi\u00f3&nbsp;la carrera de Dise\u00f1o Gr\u00e1fico,&nbsp;sino que tambi\u00e9n trabaj\u00f3 durante dos a\u00f1os en el Departamento de M\u00e1rketing de la&nbsp;UNCuyo.&nbsp;\u00abAll\u00ed aprend\u00ed un mont\u00f3n sobre trabajo en equipo y&nbsp;la&nbsp;interdisciplinariedad\u00bb, cont\u00f3 la joven dise\u00f1adora al medio de difusi\u00f3n&nbsp;Unidiversidad.&nbsp;<\/p>\n\n\n\n<div style=\"height:20px\" aria-hidden=\"true\" class=\"wp-block-spacer\"><\/div>\n\n\n\n<div class=\"wp-block-image\"><figure class=\"aligncenter is-resized\"><img loading=\"lazy\" decoding=\"async\" src=\"https:\/\/www.mendoza.gov.ar\/wp-content\/uploads\/sites\/5\/2021\/01\/afiche-1.png\" alt=\"\" width=\"484\" height=\"678\"\/><\/figure><\/div>\n\n\n\n<div style=\"height:20px\" aria-hidden=\"true\" class=\"wp-block-spacer\"><\/div>\n\n\n\n<blockquote class=\"wp-block-quote is-layout-flow wp-block-quote-is-layout-flow\"><p>La UNCuyo me ense\u00f1\u00f3 a trabajar de manera m\u00e1s r\u00e1pida para las redes y&nbsp;la v\u00eda p\u00fablica.&nbsp;Es decir, bajo presi\u00f3n y con tiempos m\u00e1s cortos. La verdad es que fueron dos a\u00f1os llenos de experiencia. El hecho de trabajar con dos dise\u00f1adoras que ten\u00edan mucha m\u00e1s experiencia que yo me ayud\u00f3 much\u00edsimo\u00bb.&nbsp;<\/p><cite>Paula Minati, una de las ganadoras del \u00abafiche\u00bb de la Vendimia 2021.<\/cite><\/blockquote>\n\n\n\n<div style=\"height:20px\" aria-hidden=\"true\" class=\"wp-block-spacer\"><\/div>\n\n\n\n<p>Paula, Bel\u00e9n y Cecilia fueron compa\u00f1eras durante la carrera de Dise\u00f1o Gr\u00e1fico en la UNCuyo y son amigas en la actualidad. A la hora de plasmar en papel cu\u00e1l es su idea de la Vendimia actual, Paula subray\u00f3&nbsp;que las tres estuvieron de acuerdo en reflejar todas las partes del gran engranaje que es la vendimia.<\/p>\n\n\n\n<p>\u00abJunto a Bel\u00e9n y Cecilia&nbsp;quer\u00edamos rescatar y valorar el trabajo de todos los que est\u00e1n en Vendimia. Desde la reina,&nbsp;hasta quien&nbsp;consume a la fiesta como espect\u00e1culo y como celebraci\u00f3n de cosecha, hasta el cosechador y la cosechadora. Quer\u00edamos rescatar a todos los eslabones que forman parte de esto.&nbsp;No quer\u00edamos valorar el tema de la belleza, sino resaltar a la mujer como trabajadora y profesional. Valorando sus&nbsp;capacidades intelectuales.&nbsp;Quisimos igualar el trabajo de la mujer como profesional al igual que la del hombre. La mujer es parte de este trabajo conjunto\u00bb, manifest\u00f3 Minati.<\/p>\n\n\n\n<div style=\"height:20px\" aria-hidden=\"true\" class=\"wp-block-spacer\"><\/div>\n\n\n\n<div class=\"wp-block-image\"><figure class=\"aligncenter is-resized\"><img loading=\"lazy\" decoding=\"async\" src=\"https:\/\/www.mendoza.gov.ar\/wp-content\/uploads\/sites\/5\/2021\/01\/afiche-2.png\" alt=\"\" width=\"524\" height=\"734\"\/><\/figure><\/div>\n\n\n\n<div style=\"height:20px\" aria-hidden=\"true\" class=\"wp-block-spacer\"><\/div>\n\n\n\n<p>Lo que se busc\u00f3 con este concurso es un sistema de identidad visual, que sirva para comunicar la Vendimia 2021 a trav\u00e9s de las diversas plataformas: televisi\u00f3n, internet, v\u00eda p\u00fablica, eventos especiales, medios tradicionales de comunicaci\u00f3n y diversos dispositivos m\u00f3viles.<\/p>\n\n\n\n<p>La propuesta ofrece diferentes alternativas de aplicaci\u00f3n, que permiten preservar el esp\u00edritu de la Vendimia y llegar a las nuevas generaciones.<\/p>\n\n\n\n<p>A su vez, los miembros del jurado decidieron hacer una menci\u00f3n especial a la propuesta n\u00famero 9, presentada bajo el seud\u00f3nimo&nbsp;Charly, compuesto por Silvia Jaramillo y Estefan\u00eda Karen R\u00edos Mart\u00ednez. Este reconocimiento responde a que se destaca la buena calidad gr\u00e1fica de la ilustraci\u00f3n.<\/p>\n\n\n\n<div style=\"height:20px\" aria-hidden=\"true\" class=\"wp-block-spacer\"><\/div>\n\n\n\n<p class=\"has-medium-font-size\"><strong>Un concurso diferente<\/strong><\/p>\n\n\n\n<p>Por primera vez, la presentaci\u00f3n de las propuestas fue en formato digital. Cada uno de los participantes debi\u00f3 entregar un dispositivo de almacenamiento (pendrive) con las piezas gr\u00e1ficas que conformaban su trabajo.<\/p>\n\n\n\n<p>De este modo, los miembros del jurado, de manera presencial y cumpliendo con estrictos protocolos sanitarios, pudieron evaluar los dise\u00f1os, a trav\u00e9s de una proyecci\u00f3n en pantalla gigante. Esto evit\u00f3 que se entregaran piezas en papel, como ocurr\u00eda en las ediciones anteriores.<\/p>\n\n\n\n<p>Esta vez, los participantes debieron basar sus dise\u00f1os en el concepto general de Vendimia y la importancia del desarrollo de la edici\u00f3n 2021.<\/p>\n\n\n\n<p>Cada uno de los trabajos debi\u00f3 responder a la posibilidad de ser aplicado en formatos multiplataforma, v\u00eda p\u00fablica, televisi\u00f3n, dispositivos m\u00f3viles, computadoras y dem\u00e1s.&nbsp;<\/p>\n\n\n\n<div style=\"height:20px\" aria-hidden=\"true\" class=\"wp-block-spacer\"><\/div>\n\n\n\n<p class=\"has-small-font-size\"><em><strong>Fuentes: Unidiversidad y Gobierno de Mendoza<\/strong><\/em><\/p>\n","protected":false},"excerpt":{"rendered":"<p>La tradicional fiesta que celebra la cosecha de uva en Mendoza y Argentina este a\u00f1o&hellip;<\/p>\n","protected":false},"author":3,"featured_media":27374,"comment_status":"open","ping_status":"open","sticky":false,"template":"","format":"standard","meta":{"footnotes":""},"categories":[14],"tags":[],"class_list":["post-27294","post","type-post","status-publish","format-standard","has-post-thumbnail","hentry","category-news"],"_links":{"self":[{"href":"https:\/\/enolife.com.ar\/es\/wp-json\/wp\/v2\/posts\/27294","targetHints":{"allow":["GET"]}}],"collection":[{"href":"https:\/\/enolife.com.ar\/es\/wp-json\/wp\/v2\/posts"}],"about":[{"href":"https:\/\/enolife.com.ar\/es\/wp-json\/wp\/v2\/types\/post"}],"author":[{"embeddable":true,"href":"https:\/\/enolife.com.ar\/es\/wp-json\/wp\/v2\/users\/3"}],"replies":[{"embeddable":true,"href":"https:\/\/enolife.com.ar\/es\/wp-json\/wp\/v2\/comments?post=27294"}],"version-history":[{"count":0,"href":"https:\/\/enolife.com.ar\/es\/wp-json\/wp\/v2\/posts\/27294\/revisions"}],"wp:featuredmedia":[{"embeddable":true,"href":"https:\/\/enolife.com.ar\/es\/wp-json\/wp\/v2\/media\/27374"}],"wp:attachment":[{"href":"https:\/\/enolife.com.ar\/es\/wp-json\/wp\/v2\/media?parent=27294"}],"wp:term":[{"taxonomy":"category","embeddable":true,"href":"https:\/\/enolife.com.ar\/es\/wp-json\/wp\/v2\/categories?post=27294"},{"taxonomy":"post_tag","embeddable":true,"href":"https:\/\/enolife.com.ar\/es\/wp-json\/wp\/v2\/tags?post=27294"}],"curies":[{"name":"wp","href":"https:\/\/api.w.org\/{rel}","templated":true}]}}