{"id":27114,"date":"2021-01-14T15:57:01","date_gmt":"2021-01-14T15:57:01","guid":{"rendered":"http:\/\/enolife.com.ar\/es\/?p=27114"},"modified":"2021-01-14T15:57:55","modified_gmt":"2021-01-14T15:57:55","slug":"la-colecta-de-juguetes-de-vinoteca-elixir-repartio-alegria-a-50-chicos-del-merendero-las-companeras","status":"publish","type":"post","link":"https:\/\/enolife.com.ar\/es\/la-colecta-de-juguetes-de-vinoteca-elixir-repartio-alegria-a-50-chicos-del-merendero-las-companeras\/","title":{"rendered":"La colecta de juguetes de vinoteca Elixir reparti\u00f3 alegr\u00eda a 50 chicos del merendero Las Compa\u00f1eras"},"content":{"rendered":"\n<h4 class=\"wp-block-heading\"><em><strong>El 6 de enero pasado, un mont\u00f3n de chiquitos del barrio San Mart\u00edn de la capital de Mendoza tuvieron su regalo de Reyes gracias a la solidaridad del vinotequero Juan Cruz Zuloaga (26), que organiz\u00f3 una colecta para sumarse al esfuerzo de la vecina Lorena Valdiviezo (41), quien en su propia casa brinda alimentos y contenci\u00f3n a unas 120 familias carenciadas de la zona. Hubo m\u00e1s de 40 aportes y premios de vinos y almuerzos de bodegas aliadas para 3 de los donadores. La necesidad de ayuda de Las Compa\u00f1eras contin\u00faa.<\/strong><\/em><\/h4>\n\n\n\n<div style=\"height:20px\" aria-hidden=\"true\" class=\"wp-block-spacer\"><\/div>\n\n\n\n<p>La idea naci\u00f3 de un joven comerciante con responsabilidad social, due\u00f1o de la vinoteca <strong>Elixir<\/strong> en <strong>Paso de los Andes 138 de Mendoza capital<\/strong>. Luego se sumaron bodegas tradicionales de Mendoza como <strong>Finca La Azul<\/strong>, <strong>Andeluna<\/strong> y <strong>Budeguer<\/strong>, aportando premios a los participantes de la colecta solidaria. La \u00abgente del vino\u00bb tambi\u00e9n devuelve en acciones concretas en beneficio de la comunidad la elecci\u00f3n de los consumidores. <\/p>\n\n\n\n<div style=\"height:20px\" aria-hidden=\"true\" class=\"wp-block-spacer\"><\/div>\n\n\n\n<div class=\"wp-block-image\"><figure class=\"aligncenter size-large\"><img loading=\"lazy\" decoding=\"async\" width=\"1024\" height=\"768\" src=\"https:\/\/enolife.com.ar\/es\/wp-content\/uploads\/2021\/01\/ppal-5-1024x768.jpg\" alt=\"\" class=\"wp-image-27147\" srcset=\"https:\/\/enolife.com.ar\/es\/wp-content\/uploads\/2021\/01\/ppal-5-1024x768.jpg 1024w, https:\/\/enolife.com.ar\/es\/wp-content\/uploads\/2021\/01\/ppal-5-300x225.jpg 300w, https:\/\/enolife.com.ar\/es\/wp-content\/uploads\/2021\/01\/ppal-5-768x576.jpg 768w, https:\/\/enolife.com.ar\/es\/wp-content\/uploads\/2021\/01\/ppal-5-585x439.jpg 585w, https:\/\/enolife.com.ar\/es\/wp-content\/uploads\/2021\/01\/ppal-5.jpg 1040w\" sizes=\"auto, (max-width: 1024px) 100vw, 1024px\" \/><figcaption><em><strong>Los juguetes donados<\/strong><\/em><\/figcaption><\/figure><\/div>\n\n\n\n<div style=\"height:20px\" aria-hidden=\"true\" class=\"wp-block-spacer\"><\/div>\n\n\n\n<p>As\u00ed, tras 15 d\u00edas de recolecci\u00f3n de regalos de Reyes, se juntaron m\u00e1s de 40 bolsas de juguetes, la mayor\u00eda flamantes, para ser repartidos entre los pibes del barrio San Mart\u00edn a quienes sus padres tal vez no hubieran podido comprarles nada.<\/p>\n\n\n\n<div style=\"height:20px\" aria-hidden=\"true\" class=\"wp-block-spacer\"><\/div>\n\n\n\n<figure class=\"wp-block-gallery aligncenter columns-3 is-cropped wp-block-gallery-1 is-layout-flex wp-block-gallery-is-layout-flex\"><ul class=\"blocks-gallery-grid\"><li class=\"blocks-gallery-item\"><figure><img loading=\"lazy\" decoding=\"async\" width=\"498\" height=\"1024\" src=\"https:\/\/enolife.com.ar\/es\/wp-content\/uploads\/2021\/01\/nena-1-498x1024.jpg\" alt=\"\" data-id=\"27135\" class=\"wp-image-27135\" srcset=\"https:\/\/enolife.com.ar\/es\/wp-content\/uploads\/2021\/01\/nena-1-498x1024.jpg 498w, https:\/\/enolife.com.ar\/es\/wp-content\/uploads\/2021\/01\/nena-1-146x300.jpg 146w, https:\/\/enolife.com.ar\/es\/wp-content\/uploads\/2021\/01\/nena-1-585x1204.jpg 585w, https:\/\/enolife.com.ar\/es\/wp-content\/uploads\/2021\/01\/nena-1.jpg 622w\" sizes=\"auto, (max-width: 498px) 100vw, 498px\" \/><\/figure><\/li><li class=\"blocks-gallery-item\"><figure><img loading=\"lazy\" decoding=\"async\" width=\"498\" height=\"1024\" src=\"https:\/\/enolife.com.ar\/es\/wp-content\/uploads\/2021\/01\/nena-2-498x1024.jpg\" alt=\"\" data-id=\"27136\" data-link=\"https:\/\/enolife.com.ar\/es\/?attachment_id=27136\" class=\"wp-image-27136\" srcset=\"https:\/\/enolife.com.ar\/es\/wp-content\/uploads\/2021\/01\/nena-2-498x1024.jpg 498w, https:\/\/enolife.com.ar\/es\/wp-content\/uploads\/2021\/01\/nena-2-146x300.jpg 146w, https:\/\/enolife.com.ar\/es\/wp-content\/uploads\/2021\/01\/nena-2-585x1204.jpg 585w, https:\/\/enolife.com.ar\/es\/wp-content\/uploads\/2021\/01\/nena-2.jpg 622w\" sizes=\"auto, (max-width: 498px) 100vw, 498px\" \/><\/figure><\/li><li class=\"blocks-gallery-item\"><figure><img loading=\"lazy\" decoding=\"async\" width=\"498\" height=\"1024\" src=\"https:\/\/enolife.com.ar\/es\/wp-content\/uploads\/2021\/01\/nena-3-498x1024.jpg\" alt=\"\" data-id=\"27137\" data-link=\"https:\/\/enolife.com.ar\/es\/?attachment_id=27137\" class=\"wp-image-27137\" srcset=\"https:\/\/enolife.com.ar\/es\/wp-content\/uploads\/2021\/01\/nena-3-498x1024.jpg 498w, https:\/\/enolife.com.ar\/es\/wp-content\/uploads\/2021\/01\/nena-3-146x300.jpg 146w, https:\/\/enolife.com.ar\/es\/wp-content\/uploads\/2021\/01\/nena-3-585x1204.jpg 585w, https:\/\/enolife.com.ar\/es\/wp-content\/uploads\/2021\/01\/nena-3.jpg 622w\" sizes=\"auto, (max-width: 498px) 100vw, 498px\" \/><\/figure><\/li><\/ul><\/figure>\n\n\n\n<figure class=\"wp-block-gallery aligncenter columns-3 is-cropped wp-block-gallery-2 is-layout-flex wp-block-gallery-is-layout-flex\"><ul class=\"blocks-gallery-grid\"><li class=\"blocks-gallery-item\"><figure><img loading=\"lazy\" decoding=\"async\" width=\"498\" height=\"1024\" src=\"https:\/\/enolife.com.ar\/es\/wp-content\/uploads\/2021\/01\/nene-1-1-498x1024.jpg\" alt=\"\" data-id=\"27139\" data-link=\"https:\/\/enolife.com.ar\/es\/?attachment_id=27139\" class=\"wp-image-27139\" srcset=\"https:\/\/enolife.com.ar\/es\/wp-content\/uploads\/2021\/01\/nene-1-1-498x1024.jpg 498w, https:\/\/enolife.com.ar\/es\/wp-content\/uploads\/2021\/01\/nene-1-1-146x300.jpg 146w, https:\/\/enolife.com.ar\/es\/wp-content\/uploads\/2021\/01\/nene-1-1-585x1204.jpg 585w, https:\/\/enolife.com.ar\/es\/wp-content\/uploads\/2021\/01\/nene-1-1.jpg 622w\" sizes=\"auto, (max-width: 498px) 100vw, 498px\" \/><\/figure><\/li><li class=\"blocks-gallery-item\"><figure><img loading=\"lazy\" decoding=\"async\" width=\"498\" height=\"1024\" src=\"https:\/\/enolife.com.ar\/es\/wp-content\/uploads\/2021\/01\/nene-2-498x1024.jpg\" alt=\"\" data-id=\"27140\" data-link=\"https:\/\/enolife.com.ar\/es\/?attachment_id=27140\" class=\"wp-image-27140\" srcset=\"https:\/\/enolife.com.ar\/es\/wp-content\/uploads\/2021\/01\/nene-2-498x1024.jpg 498w, https:\/\/enolife.com.ar\/es\/wp-content\/uploads\/2021\/01\/nene-2-146x300.jpg 146w, https:\/\/enolife.com.ar\/es\/wp-content\/uploads\/2021\/01\/nene-2-585x1204.jpg 585w, https:\/\/enolife.com.ar\/es\/wp-content\/uploads\/2021\/01\/nene-2.jpg 622w\" sizes=\"auto, (max-width: 498px) 100vw, 498px\" \/><\/figure><\/li><li class=\"blocks-gallery-item\"><figure><img loading=\"lazy\" decoding=\"async\" width=\"498\" height=\"1024\" src=\"https:\/\/enolife.com.ar\/es\/wp-content\/uploads\/2021\/01\/nene-3-498x1024.jpg\" alt=\"\" data-id=\"27142\" data-full-url=\"https:\/\/enolife.com.ar\/es\/wp-content\/uploads\/2021\/01\/nene-3.jpg\" data-link=\"https:\/\/enolife.com.ar\/es\/?attachment_id=27142\" class=\"wp-image-27142\" srcset=\"https:\/\/enolife.com.ar\/es\/wp-content\/uploads\/2021\/01\/nene-3-498x1024.jpg 498w, https:\/\/enolife.com.ar\/es\/wp-content\/uploads\/2021\/01\/nene-3-146x300.jpg 146w, https:\/\/enolife.com.ar\/es\/wp-content\/uploads\/2021\/01\/nene-3-585x1204.jpg 585w, https:\/\/enolife.com.ar\/es\/wp-content\/uploads\/2021\/01\/nene-3.jpg 622w\" sizes=\"auto, (max-width: 498px) 100vw, 498px\" \/><\/figure><\/li><\/ul><\/figure>\n\n\n\n<div style=\"height:20px\" aria-hidden=\"true\" class=\"wp-block-spacer\"><\/div>\n\n\n\n<p class=\"has-background has-light-green-cyan-background-color\"><strong>La campa\u00f1a solidaria<\/strong><br><br><strong>-Organizador responsable<\/strong>: Juan Cruz Zuloaga, de vinoteca Elixir.<br><strong>-Asociados:<\/strong> Finca y Bodega La Azul, Bodega Andeluna y Bodega Budeguer.<br><strong>-Beneficiarios:<\/strong> 120 chicos del merendero Las Compa\u00f1eras, del barrio San Mart\u00edn, Manzana 25, calle 9 (entre Villavicencio y Penitentes.<br><strong>-Encargada del merendero:<\/strong> Lorena Valdiviezo (tel. +54 9 2616 31-3261)<br><strong>-Premios a los donadores:<\/strong> 1) Un almuerzo para 2 personas en restaurante de Finca La Azul, 2) Una caja de vino Andeluna 1300 y 3) Una caja de espumante Tucum\u00e9n de bodega Budeguer. <\/p>\n\n\n\n<div style=\"height:20px\" aria-hidden=\"true\" class=\"wp-block-spacer\"><\/div>\n\n\n\n<div class=\"wp-block-image\"><figure class=\"aligncenter size-large\"><img loading=\"lazy\" decoding=\"async\" width=\"1024\" height=\"576\" src=\"https:\/\/enolife.com.ar\/es\/wp-content\/uploads\/2021\/01\/organizadores-en-la-cocina-1024x576.jpg\" alt=\"\" class=\"wp-image-27146\" srcset=\"https:\/\/enolife.com.ar\/es\/wp-content\/uploads\/2021\/01\/organizadores-en-la-cocina-1024x576.jpg 1024w, https:\/\/enolife.com.ar\/es\/wp-content\/uploads\/2021\/01\/organizadores-en-la-cocina-300x169.jpg 300w, https:\/\/enolife.com.ar\/es\/wp-content\/uploads\/2021\/01\/organizadores-en-la-cocina-768x432.jpg 768w, https:\/\/enolife.com.ar\/es\/wp-content\/uploads\/2021\/01\/organizadores-en-la-cocina-585x329.jpg 585w, https:\/\/enolife.com.ar\/es\/wp-content\/uploads\/2021\/01\/organizadores-en-la-cocina.jpg 1032w\" sizes=\"auto, (max-width: 1024px) 100vw, 1024px\" \/><figcaption><strong><em>Mar\u00eda Jos\u00e9 Made, Juan Cruz Zuloaga, Lorena Valdiviezo, Marcos Videla, Lisandro Dom\u00ednguez y Cinthia Mamani en la cocina del merendero<\/em><\/strong><\/figcaption><\/figure><\/div>\n\n\n\n<div style=\"height:20px\" aria-hidden=\"true\" class=\"wp-block-spacer\"><\/div>\n\n\n\n<p>El merendero <strong>\u00abLas Compa\u00f1eras\u00bb<\/strong> est\u00e1 en el tradicional <strong>Barrio San Mart\u00edn<\/strong> de la Capital mendocina, m\u00e1s exactamente en la Manzana 25, Calle 9 (entre Villavicencio y Penitentes). O sea, en la casa de <strong>Lorena Valdiviezo<\/strong>, su fundadora, quien sabe muy bien lo que significa pasar hambre y no se queda quieta ni un segundo para ayudar a quienes lo necesiten. <\/p>\n\n\n\n<div style=\"height:20px\" aria-hidden=\"true\" class=\"wp-block-spacer\"><\/div>\n\n\n\n<div class=\"wp-block-image\"><figure class=\"aligncenter size-large\"><img loading=\"lazy\" decoding=\"async\" width=\"1024\" height=\"768\" src=\"https:\/\/enolife.com.ar\/es\/wp-content\/uploads\/2021\/01\/puerta-merendero-1024x768.jpg\" alt=\"\" class=\"wp-image-27143\" srcset=\"https:\/\/enolife.com.ar\/es\/wp-content\/uploads\/2021\/01\/puerta-merendero-1024x768.jpg 1024w, https:\/\/enolife.com.ar\/es\/wp-content\/uploads\/2021\/01\/puerta-merendero-300x225.jpg 300w, https:\/\/enolife.com.ar\/es\/wp-content\/uploads\/2021\/01\/puerta-merendero-768x576.jpg 768w, https:\/\/enolife.com.ar\/es\/wp-content\/uploads\/2021\/01\/puerta-merendero-585x439.jpg 585w, https:\/\/enolife.com.ar\/es\/wp-content\/uploads\/2021\/01\/puerta-merendero.jpg 1158w\" sizes=\"auto, (max-width: 1024px) 100vw, 1024px\" \/><figcaption><strong><em>Lorena Valdiviezo y Juan Cruz Zuloaga<\/em><\/strong><\/figcaption><\/figure><\/div>\n\n\n\n<div style=\"height:20px\" aria-hidden=\"true\" class=\"wp-block-spacer\"><\/div>\n\n\n\n<p>Lorena vive de la venta de panificaciones caseras, y ese noble oficio es el que utiliza tambi\u00e9n para mantener el merendero. Con la ayuda de otras mam\u00e1s, cocinan para vender y juntar dinero, el que a su vez destinan a comprar m\u00e1s alimentos, ropa y utensilios que hagan falta.<\/p>\n\n\n\n<p>Abri\u00f3 el merendero hace un a\u00f1o, y estuvo a punto de cerrarlo porque no ten\u00eda c\u00f3mo mantenerlo. Al respecto, cuenta: \u00abMe reun\u00ed con las mam\u00e1s del barrio y les dije que si estaban de acuerdo pod\u00edamos hacer cosas para vender y sostenerlo; as\u00ed fue, y con lo recaudado compramos mas cosas para el merendero\u00bb. Con ese recurso se logr\u00f3 dar la media tarde los lunes, mi\u00e9rcoles y viernes, y  los martes y jueves una vianda o algo para cocinar en la casa de quienes lo necesitaran.  <\/p>\n\n\n\n<p>Lorena tiene una hija de 23 a\u00f1os, que durante 9 a\u00f1os sufri\u00f3 una desnutrici\u00f3n cr\u00f3nica aguda. \u00abDios me ayud\u00f3 y le agradezco tener a mi hija viva, por eso cuando ella se puso bien decid\u00ed ayudar a ni\u00f1os de diferentes villas. Empec\u00e9 juntando ropa y alimentos; me levantaba a las 5 de la ma\u00f1ana, amasaba y me llevaba un fuent\u00f3n de pan a las villas de Lisandro Moyano, Dorrego, la del Borboll\u00f3n&#8230; Un d\u00eda decid\u00ed hacerlo en mi propio barrio: hice 100 sopaipillas y una olla de yerbiado y los saqu\u00e9 a la vereda; a los pocos minutos ya no ten\u00eda nada&#8230; As\u00ed naci\u00f3 el merendero Las Compa\u00f1eras\u00bb. <\/p>\n\n\n\n<p>As\u00ed lo bautizaron porque, como ellas cuentan, \u00abnos ayudamos entre todas, somos muy compa\u00f1eras y muy organizadas\u00bb. <\/p>\n\n\n\n<p>En el merendero, Lorena y su hija tienen una carpeta con los datos de los ni\u00f1os y sus mam\u00e1s, y una vez al mes hacen reuniones para ver qu\u00e9 se necesita y c\u00f3mo trabajar para conseguirlo. <\/p>\n\n\n\n<p>Su casa es peque\u00f1a, pero ella tiene siempre las puertas abiertas. Desde que empez\u00f3 la pandemia, cambi\u00f3 la forma de organizarse: ahora cocinan s\u00f3lo de a tres y ella reparte los alimentos por una ventanita, con barbijo y todos los protocolos sanitarios.<\/p>\n\n\n\n<div style=\"height:33px\" aria-hidden=\"true\" class=\"wp-block-spacer\"><\/div>\n\n\n\n<p><\/p>\n","protected":false},"excerpt":{"rendered":"<p>El 6 de enero pasado, un mont\u00f3n de chiquitos del barrio San Mart\u00edn de la&hellip;<\/p>\n","protected":false},"author":3,"featured_media":27149,"comment_status":"open","ping_status":"open","sticky":false,"template":"","format":"standard","meta":{"footnotes":""},"categories":[14],"tags":[],"class_list":["post-27114","post","type-post","status-publish","format-standard","has-post-thumbnail","hentry","category-news"],"_links":{"self":[{"href":"https:\/\/enolife.com.ar\/es\/wp-json\/wp\/v2\/posts\/27114","targetHints":{"allow":["GET"]}}],"collection":[{"href":"https:\/\/enolife.com.ar\/es\/wp-json\/wp\/v2\/posts"}],"about":[{"href":"https:\/\/enolife.com.ar\/es\/wp-json\/wp\/v2\/types\/post"}],"author":[{"embeddable":true,"href":"https:\/\/enolife.com.ar\/es\/wp-json\/wp\/v2\/users\/3"}],"replies":[{"embeddable":true,"href":"https:\/\/enolife.com.ar\/es\/wp-json\/wp\/v2\/comments?post=27114"}],"version-history":[{"count":0,"href":"https:\/\/enolife.com.ar\/es\/wp-json\/wp\/v2\/posts\/27114\/revisions"}],"wp:featuredmedia":[{"embeddable":true,"href":"https:\/\/enolife.com.ar\/es\/wp-json\/wp\/v2\/media\/27149"}],"wp:attachment":[{"href":"https:\/\/enolife.com.ar\/es\/wp-json\/wp\/v2\/media?parent=27114"}],"wp:term":[{"taxonomy":"category","embeddable":true,"href":"https:\/\/enolife.com.ar\/es\/wp-json\/wp\/v2\/categories?post=27114"},{"taxonomy":"post_tag","embeddable":true,"href":"https:\/\/enolife.com.ar\/es\/wp-json\/wp\/v2\/tags?post=27114"}],"curies":[{"name":"wp","href":"https:\/\/api.w.org\/{rel}","templated":true}]}}